{"id":193588,"date":"2025-06-21T13:47:10","date_gmt":"2025-06-21T13:47:10","guid":{"rendered":"https:\/\/www.europesays.com\/fr\/193588\/"},"modified":"2025-06-21T13:47:10","modified_gmt":"2025-06-21T13:47:10","slug":"telematin-surprise-flavie-flament-claque-la-porte-apres-seulement-une-saison-on-connait-sa-remplacante","status":"publish","type":"post","link":"https:\/\/www.europesays.com\/fr\/193588\/","title":{"rendered":"T\u00e9l\u00e9matin : surprise, Flavie Flament claque la porte apr\u00e8s seulement une saison, on conna\u00eet sa rempla\u00e7ante"},"content":{"rendered":"<p>      R\u00e9sum\u00e9<\/p>\n<p>Flavie Flament quitte T\u00e9l\u00e9matin apr\u00e8s une saison, remplac\u00e9e prochainement par M\u00e9lanie Taravant, alors que la matinale continue ses changements de pr\u00e9sentateurs.<\/p>\n<p>        Sommaire<\/p>\n<p>La crise \u00e0 T\u00e9l\u00e9matin se poursuit. <strong>Chaque fin de saison, c&rsquo;est devenu un marronnier<\/strong> : les journalistes qui incarnent T\u00e9l\u00e9matin s&rsquo;en vont les uns apr\u00e8s les autres. La matinale, qu&rsquo;a port\u00e9e William Leymergie pendant plus de trente ans, n&rsquo;arrive plus \u00e0 trouver un duo de journalistes sur la dur\u00e9e. Si Thomas Sotto a port\u00e9 la matinale pendant quatre saisons, <strong>il a \u00e9t\u00e9 remplac\u00e9 l&rsquo;an dernier par Julien Arnaud<\/strong>. <a href=\"https:\/\/www.public.fr\/baisse-daudience-de-telematin-thierry-beccaro-tacle-flavie-flament-et-julien-arnaud-il-faut-avoir-lenvie\" target=\"_blank\" rel=\"noopener\">Mais du c\u00f4t\u00e9 des femmes c&rsquo;est plus compliqu\u00e9<\/a> : Julia Vignali a tenu deux ans, Marie Portolano six mois seulement&#8230; Et Flavie Flament, recrue surprise en septembre dernier, s&rsquo;appr\u00eate d\u00e9j\u00e0 \u00e0 faite ses valises.<\/p>\n<p>En effet, selon les informations du <a href=\"https:\/\/clemgarin.substack.com\/\" target=\"_blank\" rel=\"noopener\">m\u00e9dia ind\u00e9pendant CGTV<\/a>, <strong>Flavie Flament aurait finalement d\u00e9cid\u00e9 de claquer la porte<\/strong>. Pourtant reconduite par sa direction, l&rsquo;ex-animatrice de Stars \u00e0 domicile aurait mal dig\u00e9r\u00e9 le renouvellement de Julien Arnaud. Ce dernier, annonc\u00e9 sur le d\u00e9part depuis des semaines, <strong>serait finalement reconduit<\/strong>. La direction n&rsquo;aurait pas r\u00e9ussi \u00e0 lui trouver une autre \u00e9mission, et aurait fini, bon gr\u00e9 mal gr\u00e9, par lui redonner les r\u00eanes de T\u00e9l\u00e9matin une saison suppl\u00e9mentaire.<\/p>\n<p>Probl\u00e8me&#8230; <a href=\"https:\/\/www.public.fr\/telematin-fin-de-saison-sous-tension\" target=\"_blank\" rel=\"noopener\">Comme vous le relatait Public<\/a> ce vendredi dans son dernier num\u00e9ro en kiosques, <strong>l&rsquo;ambiance entre Flavie Flament et Julien Arnaud n&rsquo;est pas au beau fixe<\/strong>. L&rsquo;animatrice, ne souhaitant pas r\u00e9it\u00e9rer cette exp\u00e9rience une ann\u00e9e suppl\u00e9mentaire, aurait donc d\u00e9cid\u00e9 d&rsquo;y mettre un terme sans d\u00e9lai&#8230;<\/p>\n<p>M\u00e9lanie Taravant quitterait France 5 pour \u00ab\u00a0T\u00e9l\u00e9matin\u00a0\u00bb<\/p>\n<p>Toujours selon notre confr\u00e8re Cl\u00e9ment Garin, <strong>c&rsquo;est finalement M\u00e9lanie Taravant qui devrait succ\u00e9der \u00e0 Flavie Flament \u00e0 la rentr\u00e9e<\/strong>. La journaliste incarnait depuis quatre ans <a href=\"https:\/\/www.public.fr\/cyril-hanouna-choque-par-le-comportement-de-lanimatrice-de-c-mediatique-apres-son-interview-avec-thierry-ardisson\" target=\"_blank\" rel=\"noopener\">le magazine dominical de France 5<\/a> C M\u00e9diatique, mais celui-ci ne serait pas reconduit pour une nouvelle saison. M\u00e9lanie Taravant serait donc la candidate id\u00e9ale pour remplacer Flavie Flament. A noter que <strong>Pascale de la Tour du Pin<\/strong> \u00e9tait \u00e9galement <a href=\"https:\/\/www.public.fr\/le-diable-de-la-television-pascale-de-la-tour-du-pin-evoque-cyril-hanouna-chez-pascal-praud\" target=\"_blank\" rel=\"noopener\">une recrue potentielle<\/a>, mais la direction y aurait finalement mis son veto.<\/p>\n<p>Pour l&rsquo;heure, ces informations <strong>n&rsquo;ont pas \u00e9t\u00e9 officialis\u00e9es par la direction<\/strong> de France T\u00e9l\u00e9visions. Nous devrions toutefois conna\u00eetre la d\u00e9cision finale dans les prochains jours.<\/p>\n<p>      Mentionn\u00e9s dans cet article<\/p>\n<p>\u00c0 lire aussi<\/p>\n","protected":false},"excerpt":{"rendered":"R\u00e9sum\u00e9 Flavie Flament quitte T\u00e9l\u00e9matin apr\u00e8s une saison, remplac\u00e9e prochainement par M\u00e9lanie Taravant, alors que la matinale continue&hellip;\n","protected":false},"author":2,"featured_media":193589,"comment_status":"","ping_status":"","sticky":false,"template":"","format":"standard","meta":{"footnotes":""},"categories":[1356],"tags":[4641,58,59,7844,1011,27,2400,27440,12959,252,1364],"class_list":{"0":"post-193588","1":"post","2":"type-post","3":"status-publish","4":"format-standard","5":"has-post-thumbnail","7":"category-television","8":"tag-c-mediatique","9":"tag-divertissement","10":"tag-entertainment","11":"tag-flavie-flament","12":"tag-fr","13":"tag-france","14":"tag-france-televisions","15":"tag-julien-arnaud","16":"tag-telematin","17":"tag-television","18":"tag-tv"},"share_on_mastodon":{"url":"https:\/\/pubeurope.com\/@fr\/114721668690582366","error":""},"_links":{"self":[{"href":"https:\/\/www.europesays.com\/fr\/wp-json\/wp\/v2\/posts\/193588","targetHints":{"allow":["GET"]}}],"collection":[{"href":"https:\/\/www.europesays.com\/fr\/wp-json\/wp\/v2\/posts"}],"about":[{"href":"https:\/\/www.europesays.com\/fr\/wp-json\/wp\/v2\/types\/post"}],"author":[{"embeddable":true,"href":"https:\/\/www.europesays.com\/fr\/wp-json\/wp\/v2\/users\/2"}],"replies":[{"embeddable":true,"href":"https:\/\/www.europesays.com\/fr\/wp-json\/wp\/v2\/comments?post=193588"}],"version-history":[{"count":0,"href":"https:\/\/www.europesays.com\/fr\/wp-json\/wp\/v2\/posts\/193588\/revisions"}],"wp:featuredmedia":[{"embeddable":true,"href":"https:\/\/www.europesays.com\/fr\/wp-json\/wp\/v2\/media\/193589"}],"wp:attachment":[{"href":"https:\/\/www.europesays.com\/fr\/wp-json\/wp\/v2\/media?parent=193588"}],"wp:term":[{"taxonomy":"category","embeddable":true,"href":"https:\/\/www.europesays.com\/fr\/wp-json\/wp\/v2\/categories?post=193588"},{"taxonomy":"post_tag","embeddable":true,"href":"https:\/\/www.europesays.com\/fr\/wp-json\/wp\/v2\/tags?post=193588"}],"curies":[{"name":"wp","href":"https:\/\/api.w.org\/{rel}","templated":true}]}}