{"id":193590,"date":"2025-06-21T13:48:11","date_gmt":"2025-06-21T13:48:11","guid":{"rendered":"https:\/\/www.europesays.com\/fr\/193590\/"},"modified":"2025-06-21T13:48:11","modified_gmt":"2025-06-21T13:48:11","slug":"il-ma-mis-la-bague-jai-mis-les-pates-au-menu-louane-donne-un-avant-gout-de-son-mariage-en-partageant-des-images-de-sa-fete-de-fiancailles","status":"publish","type":"post","link":"https:\/\/www.europesays.com\/fr\/193590\/","title":{"rendered":"\u00ab\u00a0Il m&rsquo;a mis la bague, j&rsquo;ai mis les p\u00e2tes au menu\u00a0\u00bb : Louane donne un avant-gout de son mariage en partageant des images de sa f\u00eate de fian\u00e7ailles"},"content":{"rendered":"<p class=\"ap-StoryElement ap-StoryElement--mb ap-StoryText\">Il y a quelques mois, Louane a dit \u00ab\u00a0oui\u00a0\u00bb \u00e0 la demande en mariage de son ch\u00e9ri, Florian Rossi. Des fian\u00e7ailles qu&rsquo;ils n&rsquo;avaient pas eu le temps de c\u00e9l\u00e9brer, s\u00fbrement \u00e0 cause de la participation de la chanteuse \u00e0 l&rsquo;Eurovision. Mais ils se sont rattrap\u00e9s en ce mois de juin. Les futurs mari\u00e9s ont organis\u00e9 une \u00ab\u00a0engagement party\u00a0\u00bb (une \u00ab\u00a0f\u00eate de fian\u00e7ailles\u00a0\u00bb en VF) avec leurs proches. Un avant-go\u00fbt du mariage.<\/p>\n<p class=\"ap-StoryElement ap-StoryElement--mb ap-StoryText\">Sur Instagram, vendredi 20 juin, Louane a d\u00e9voil\u00e9 une s\u00e9rie de photos de la soir\u00e9e. La future mari\u00e9e y appara\u00eet en petite robe blanche \u00e0 bretelles de la marque Miu Miu, avec un n\u0153ud dans les cheveux. Une tenue simple et d\u00e9contract\u00e9e accord\u00e9e \u00e0 celle de son futur mari, des plus \u00e9l\u00e9gants en marcel blanc et chemise bleu ouverte avec un pantalon noir. Leurs invit\u00e9s, eux, portaient tous du noir.<\/p>\n","protected":false},"excerpt":{"rendered":"Il y a quelques mois, Louane a dit \u00ab\u00a0oui\u00a0\u00bb \u00e0 la demande en mariage de son ch\u00e9ri, Florian&hellip;\n","protected":false},"author":2,"featured_media":193591,"comment_status":"","ping_status":"","sticky":false,"template":"","format":"standard","meta":{"footnotes":""},"categories":[1355],"tags":[58,59,1011,27,1227,1361,873],"class_list":{"0":"post-193590","1":"post","2":"type-post","3":"status-publish","4":"format-standard","5":"has-post-thumbnail","7":"category-musique","8":"tag-divertissement","9":"tag-entertainment","10":"tag-fr","11":"tag-france","12":"tag-horizontal","13":"tag-music","14":"tag-musique"},"share_on_mastodon":{"url":"https:\/\/pubeurope.com\/@fr\/114721672625814901","error":""},"_links":{"self":[{"href":"https:\/\/www.europesays.com\/fr\/wp-json\/wp\/v2\/posts\/193590","targetHints":{"allow":["GET"]}}],"collection":[{"href":"https:\/\/www.europesays.com\/fr\/wp-json\/wp\/v2\/posts"}],"about":[{"href":"https:\/\/www.europesays.com\/fr\/wp-json\/wp\/v2\/types\/post"}],"author":[{"embeddable":true,"href":"https:\/\/www.europesays.com\/fr\/wp-json\/wp\/v2\/users\/2"}],"replies":[{"embeddable":true,"href":"https:\/\/www.europesays.com\/fr\/wp-json\/wp\/v2\/comments?post=193590"}],"version-history":[{"count":0,"href":"https:\/\/www.europesays.com\/fr\/wp-json\/wp\/v2\/posts\/193590\/revisions"}],"wp:featuredmedia":[{"embeddable":true,"href":"https:\/\/www.europesays.com\/fr\/wp-json\/wp\/v2\/media\/193591"}],"wp:attachment":[{"href":"https:\/\/www.europesays.com\/fr\/wp-json\/wp\/v2\/media?parent=193590"}],"wp:term":[{"taxonomy":"category","embeddable":true,"href":"https:\/\/www.europesays.com\/fr\/wp-json\/wp\/v2\/categories?post=193590"},{"taxonomy":"post_tag","embeddable":true,"href":"https:\/\/www.europesays.com\/fr\/wp-json\/wp\/v2\/tags?post=193590"}],"curies":[{"name":"wp","href":"https:\/\/api.w.org\/{rel}","templated":true}]}}