{"id":193592,"date":"2025-06-21T13:49:17","date_gmt":"2025-06-21T13:49:17","guid":{"rendered":"https:\/\/www.europesays.com\/fr\/193592\/"},"modified":"2025-06-21T13:49:17","modified_gmt":"2025-06-21T13:49:17","slug":"un-programme-qui-sent-trop-le-rechauffe","status":"publish","type":"post","link":"https:\/\/www.europesays.com\/fr\/193592\/","title":{"rendered":"un programme qui sent trop le r\u00e9chauff\u00e9"},"content":{"rendered":"<p>F1, Jurassic World, Superman&#8230; Les blockbusters \u00e0 venir s\u2019annoncent comme un encha\u00eenement de suites ou de remakes.<\/p>\n<p class=\"fig-paragraph\">Dans la famille \u00ab\u00a0suite\u00a0\u00bb, je souhaiterais le huiti\u00e8me\u00a0<a href=\"http:\/\/www.lefigaro.fr\/cinema\/que-vaut-vraiment-mission-impossible-the-final-reckoning-le-huitieme-episode-de-la-saga-avec-tom-cruise-20250514\" target=\"_blank\" data-fig-type=\"Article\" rel=\"noopener\" data-gtm-custom-categorie=\"navigation\" data-gtm-custom-action=\"crossclick\" data-gtm-custom-label=\"Contextuel\" data-gtm-event=\"customEventSPE\" data-fig-domain=\"LEFIGARO\">Mission Impossible.<\/a> \u00a0Dans la famille \u00ab\u00a0spin-off\u00a0\u00bb, j\u2019aimerais\u00a0<a href=\"http:\/\/www.lefigaro.fr\/cinema\/freud-la-derniere-confession-ballerina-le-repondeur-les-films-a-voir-et-a-eviter-cette-semaine-20250604\" target=\"_blank\" data-fig-type=\"Article\" rel=\"noopener\" data-gtm-custom-categorie=\"navigation\" data-gtm-custom-action=\"crossclick\" data-gtm-custom-label=\"Contextuel\" data-gtm-event=\"customEventSPE\" data-fig-domain=\"LEFIGARO\">Ballerina<\/a>, de l\u2019univers John Wick. Dans la famille des remakes, je voudrais\u00a0<a href=\"http:\/\/www.lefigaro.fr\/cinema\/notre-critique-de-lilo-et-stitch-un-live-action-qui-redonne-du-poil-a-la-bete-disney-20250520\" target=\"_blank\" data-fig-type=\"Article\" rel=\"noopener\" data-gtm-custom-categorie=\"navigation\" data-gtm-custom-action=\"crossclick\" data-gtm-custom-label=\"Contextuel\" data-gtm-event=\"customEventSPE\" data-fig-domain=\"LEFIGARO\">Lilo et Stitch.<\/a> \u00a0Le petit jeu peut se poursuivre encore tr\u00e8s longtemps. Clint Eastwood ne mentait pas quand il affirmait \u00ab\u00a0regretter le bon vieux temps o\u00f9 les sc\u00e9naristes \u00e9crivaient des films comme\u00a0<a href=\"http:\/\/www.lefigaro.fr\/culture\/patrimoine\/au-maroc-le-rick-s-cafe-ressuscite-casablanca-le-classique-avec-bogart-et-bergman-20221126\" target=\"_blank\" data-fig-type=\"NewsFlash\" rel=\"noopener\" data-gtm-custom-categorie=\"navigation\" data-gtm-custom-action=\"crossclick\" data-gtm-custom-label=\"Contextuel\" data-gtm-event=\"customEventSPE\" data-fig-domain=\"LEFIGARO\">Casablanca,<\/a>\u00a0quand chacun avait une nouvelle id\u00e9e\u00a0\u00bb. Faites \u00ab\u00a0quelque chose de nouveau ou restez \u00e0 la maison\u00a0\u00bb, a-t-il dit. M\u00eame si ce n\u2019\u00e9tait pas dans une interview au quotidien autrichien Kurier\u00a0; enfin,\u00a0<a href=\"http:\/\/www.lefigaro.fr\/cinema\/l-histoire-de-la-vraie-fausse-interview-donnee-par-clint-eastwood-a-un-journal-autrichien-20250604\" data-fig-type=\"NewsFlash\" data-gtm-custom-categorie=\"navigation\" data-gtm-custom-action=\"crossclick\" data-gtm-custom-label=\"Contextuel\" data-gtm-event=\"customEventSPE\" data-fig-domain=\"LEFIGARO\" target=\"_blank\" rel=\"noopener\">c\u2019est une autre histoire.<\/a><\/p>\n<p class=\"fig-paragraph\">Hollywood en panne d\u2019inspiration\u00a0? Les studios ne misent aujourd\u2019hui plus beaucoup sur des sc\u00e9narios originaux mais sur des histoires r\u00e9chauff\u00e9es avec des personnages d\u00e9j\u00e0 bien connus du public. Plus de la moiti\u00e9 des grosses productions attendues cet \u00e9t\u00e9 rel\u00e8vent des suites ou des remakes.\u00a0Petit \u00e9tat des lieux avec, heureusement, quelques nouveaut\u00e9s.<\/p>\n<p>Des live action et des films d\u2019horreurs<\/p>\n<p class=\"fig-paragraph\">Tout a d\u00e9marr\u00e9 avec la sortie, le 23 mai, du huiti\u00e8me\u00a0<a href=\"http:\/\/www.lefigaro.fr\/cinema\/tom-cruise-entre-a-nouveau-au-guinness-world-record-grace-a-une-cascade-dingue-dans-mission-impossible-8-20250606\" target=\"_blank\" data-fig-type=\"NewsFlash\" rel=\"noopener\" data-gtm-custom-categorie=\"navigation\" data-gtm-custom-action=\"crossclick\" data-gtm-custom-label=\"Contextuel\" data-gtm-event=\"customEventSPE\" data-fig-domain=\"LEFIGARO\"><strong>Mission Impossible<\/strong> ,<\/a>\u00a0o\u00f9 Ethan Hunt doit r\u00e9ussir \u00e0 an\u00e9antir pour de bon, le dangereux programme d\u2019intelligence artificielle. Le m\u00eame jour, nous avions \u00e9galement le droit au remake en prise de vues r\u00e9elles du Disney\u00a0<a href=\"http:\/\/www.lefigaro.fr\/cinema\/lilo-stitch-au-sommet-du-box-office-nord-americain-pour-la-3e-semaine-20250608\" target=\"_blank\" data-fig-type=\"NewsFlash\" rel=\"noopener\" data-gtm-custom-categorie=\"navigation\" data-gtm-custom-action=\"crossclick\" data-gtm-custom-label=\"Contextuel\" data-gtm-event=\"customEventSPE\" data-fig-domain=\"LEFIGARO\"><strong>Lilo et Stitch.<\/strong> <\/a>\u00a0La semaine suivante, c\u2019\u00e9tait la franchise <strong>Karate Kid\u00a0: Legends<\/strong>, qui d\u00e9voilait son sixi\u00e8me opus\u00a0! Le synopsis reste le m\u00eame\u00a0: un jeune prodige de kung-fu va \u00eatre entra\u00een\u00e9 par un g\u00e9ant du m\u00e9tier. Sans oublier la sortie du sixi\u00e8me\u00a0<a href=\"http:\/\/www.lefigaro.fr\/cinema\/inventif-kitsch-et-delicieusement-amoral-le-dernier-destination-finale-fait-frissonner-la-presse-20250519\" target=\"_blank\" data-fig-type=\"Article\" rel=\"noopener\" data-gtm-custom-categorie=\"navigation\" data-gtm-custom-action=\"crossclick\" data-gtm-custom-label=\"Contextuel\" data-gtm-event=\"customEventSPE\" data-fig-domain=\"LEFIGARO\"><strong>Destination finale<\/strong> <\/a>.\u00a0<\/p>\n<p class=\"fig-paragraph\">Les prochaines sorties ne s\u2019annoncent pas plus originales. Le 11 juin, les fans de Dreamworks retombaient en enfance devant l\u2019adaptation en live action de <strong>Dragons<\/strong>, un film d\u2019animation sorti en 2010 o\u00f9 un Viking se lie d\u2019amiti\u00e9 avec une de ces cr\u00e9atures. Les amateurs de l\u2019univers de Danny Boyle retrouvent dans les salles obscures cette semaine le troisi\u00e8me volet de sa franchise de science-fiction <strong>28 Ans plus tard.<\/strong> Avec en t\u00eate d\u2019affiche Jodie Comer,\u00a0<a href=\"http:\/\/www.lefigaro.fr\/culture\/ralph-fiennes-porter-la-robe-d-un-cardinal-n-est-pas-une-mince-affaire-20241209\" target=\"_blank\" data-fig-type=\"Article\" rel=\"noopener\" data-gtm-custom-categorie=\"navigation\" data-gtm-custom-action=\"crossclick\" data-gtm-custom-label=\"Contextuel\" data-gtm-event=\"customEventSPE\" data-fig-domain=\"LEFIGARO\">Ralph Fiennes\u00a0<\/a>et Aaron Taylor-Johnson, le film se d\u00e9roule trente ans apr\u00e8s que le Virus de la Fureur s\u2019est \u00e9chapp\u00e9 d\u2019un laboratoire. Apr\u00e8s toutes ces ann\u00e9es, les survivants s\u2019aper\u00e7oivent que cette maladie n\u2019a finalement jamais disparu. Ralph Fiennes, lui, est \u00e0 l\u2019affiche d\u2019un autre film\u00a0: <strong>The Return, le retour d\u2019Ulysse<\/strong> , nouvelle adaptation sur le grand \u00e9cran des aventures du h\u00e9ros grec.<\/p>\n<p class=\"fig-paragraph\">Le 25 juin, les salles obscures diffuseront la suite des aventures de <strong>M3GAN<\/strong> <strong>,<\/strong> la poup\u00e9e tueuse cr\u00e9\u00e9e \u00e0 l\u2019aide de l\u2019intelligence artificielle. Dans ce second volet, elle doit affronter Am\u00e9lia, une autre poup\u00e9e mal\u00e9fique, programm\u00e9e pour d\u00e9truire le monde. De l\u2019autre c\u00f4t\u00e9, Brad Pitt enfile la combinaison de pilote de Formule 1 dans <strong>F1<\/strong>. Deux jours plus tard, le film de Martin Bourboulon pr\u00e9sent\u00e9 sur la Croisette, <strong>13 jours 13 nuits<\/strong> sera diffus\u00e9 au cin\u00e9ma. Adapt\u00e9 du roman de Mohamed Bida, le film revient sur l\u2019exfiltration de centaines de personnes de l\u2019ambassade de France en Afghanistan, lors de la chute de Kaboul en ao\u00fbt 2021.<\/p>\n<p>Des dinosaures et des super-h\u00e9ros<\/p>\n<p class=\"fig-paragraph\">Cet \u00e9t\u00e9, Dakota Johnson, Pedro Pascal et Chris Evans se retrouveront le 2 juillet au c\u0153ur d\u2019un triangle amoureux dans <strong>Materialists<\/strong> . Les amateurs de dinosaures seront servis avec le retour de <strong>Jurassic World\u00a0: Renaissance<\/strong> , le 4 juillet. Dans ce septi\u00e8me volet de la saga inspir\u00e9e de l\u2019\u0153uvre de Michael Crichton, Scarlett Johansson se retrouve aux c\u00f4t\u00e9s de Jonathan Bailey en pleine course avec ces Diplodocus et ces Brontosaures sur une \u00eele perdue. James Gunn d\u00e9voilera de son c\u00f4t\u00e9 le 9 juillet, son tr\u00e8s attendu\u00a0: <strong>Superman<\/strong> , avec David Corenswet dans le r\u00f4le du super-h\u00e9ros. Une \u00e9ni\u00e8me version d\u00e9di\u00e9e au personnage DC Comics, promettant d\u2019\u00eatre plus \u00ab\u00a0moderne et optimiste\u00a0\u00bb, selon son r\u00e9alisateur.<\/p>\n<p class=\"fig-paragraph\">Le 16 juillet, sortira un remake de la franchise d\u2019horreur lanc\u00e9e \u00e0 la fin des ann\u00e9es 1990,\u00a0<a href=\"http:\/\/www.lefigaro.fr\/cinema\/bande-annonce-trente-ans-plus-tard-souviens-toi-l-ete-dernier-revient-au-cinema-20250423\" target=\"_blank\" data-fig-type=\"Article\" rel=\"noopener\" data-gtm-custom-categorie=\"navigation\" data-gtm-custom-action=\"crossclick\" data-gtm-custom-label=\"Contextuel\" data-gtm-event=\"customEventSPE\" data-fig-domain=\"LEFIGARO\"><strong>Souviens-toi\u2026 l\u2019\u00e9t\u00e9 dernier<\/strong> <\/a><strong>.<\/strong> Avec un sc\u00e9nario similaire au premier opus\u00a0: une nouvelle g\u00e9n\u00e9ration d\u2019amis se retrouve involontairement impliqu\u00e9e dans un accident de voiture mortel. Ils pr\u00e9f\u00e8rent garder le secret plut\u00f4t que de se rendre \u00e0 la police. Mais leur pass\u00e9 reviendra les hanter&#8230;Les plus frileux pourront se r\u00e9conforter le m\u00eame jour devant une \u00e9ni\u00e8me adaptation des <strong>Schtroumpfs <\/strong>avec cette fois-ci,\u00a0<a href=\"http:\/\/www.lefigaro.fr\/musique\/rihanna-de-retour-a-la-musique-mais-pas-encore-pour-son-album-tant-attendu-20250515\" target=\"_blank\" data-fig-type=\"Article\" rel=\"noopener\" data-gtm-custom-categorie=\"navigation\" data-gtm-custom-action=\"crossclick\" data-gtm-custom-label=\"Contextuel\" data-gtm-event=\"customEventSPE\" data-fig-domain=\"LEFIGARO\">Rihanna\u00a0<\/a>qui pr\u00eate sa voix \u00e0 la Schtroumpfette. Ce mercredi 16 juillet pourra se d\u00e9marquer avec une des rares productions originales attendues pour le mois\u00a0:\u00a0<a href=\"http:\/\/www.lefigaro.fr\/festival-de-cannes\/notre-critique-d-eddington-un-interminable-et-navrant-western-de-carnaval-20250516\" target=\"_blank\" data-fig-type=\"Article\" rel=\"noopener\" data-gtm-custom-categorie=\"navigation\" data-gtm-custom-action=\"crossclick\" data-gtm-custom-label=\"Contextuel\" data-gtm-event=\"customEventSPE\" data-fig-domain=\"LEFIGARO\">Eddington<\/a> \u00a0d\u2019Ari Aster, pr\u00e9sent\u00e9 il y a quelques semaines \u00e0 Cannes. Le long-m\u00e9trage se d\u00e9roule en mai 2020, pendant le Covid, o\u00f9 les habitants d\u2019une petite ville du Nouveau-Mexique deviennent tr\u00e8s agit\u00e9s.<\/p>\n<p class=\"fig-paragraph\">Cet \u00e9t\u00e9 se fera d\u00e9cid\u00e9ment \u00e9galement sous le signe des super-h\u00e9ros avec un autre blockbuster attendu pour le 25 juillet\u00a0:\u00a0<a href=\"http:\/\/www.lefigaro.fr\/cinema\/la-bande-annonce-des-quatre-fantastiques-annonce-la-fin-de-la-terre-devoree-par-une-entite-cosmique-20250204\" target=\"_blank\" data-fig-type=\"NewsFlash\" rel=\"noopener\" data-gtm-custom-categorie=\"navigation\" data-gtm-custom-action=\"crossclick\" data-gtm-custom-label=\"Contextuel\" data-gtm-event=\"customEventSPE\" data-fig-domain=\"LEFIGARO\"><strong>Les 4 Fantastiques, premiers pas<\/strong> <\/a><strong>.<\/strong> R\u00e9alis\u00e9 par Matt Shakman, ce film avec Vanessa Kirby,\u00a0<a href=\"http:\/\/www.lefigaro.fr\/festival-de-cannes\/festival-de-cannes-pedro-pascal-appelle-a-ne-pas-ceder-face-aux-intimidations-de-trump-20250519\" target=\"_blank\" data-fig-type=\"NewsFlash\" rel=\"noopener\" data-gtm-custom-categorie=\"navigation\" data-gtm-custom-action=\"crossclick\" data-gtm-custom-label=\"Contextuel\" data-gtm-event=\"customEventSPE\" data-fig-domain=\"LEFIGARO\">Pedro Pascal,<\/a>\u00a0Joseph Quinn et Julia Garner retrace l\u2019histoire d\u2019une bande de super-h\u00e9ros charg\u00e9e de combattre l\u2019entit\u00e9 cosmique Galactus, d\u00e9sireux de d\u00e9truire le monde. Reste \u00e0 savoir qui de DC Comics ou de Marvel va r\u00e9aliser le meilleur chiffre au box-office. Outre les super-h\u00e9ros, les vampires seront \u00e9galement de sortie avec une nouvelle adaptation de Dracula, propos\u00e9e cette fois-ci par Luc Besson. Dans\u00a0<a href=\"http:\/\/www.lefigaro.fr\/cinema\/entre-coppola-et-excalibur-les-premieres-images-du-dracula-de-luc-besson-multiplient-les-clins-d-oeil-20250606\" target=\"_blank\" data-fig-type=\"Article\" rel=\"noopener\" data-gtm-custom-categorie=\"navigation\" data-gtm-custom-action=\"crossclick\" data-gtm-custom-label=\"Contextuel\" data-gtm-event=\"customEventSPE\" data-fig-domain=\"LEFIGARO\"><strong>Dracula\u00a0: A Love Tale<\/strong> <\/a><strong>,<\/strong> attendu le 30 juillet, le Prince Vladimir renie Dieu apr\u00e8s la perte brutale de son \u00e9pouse. Il h\u00e9rite alors d\u2019une mal\u00e9diction\u00a0: la vie \u00e9ternelle et n\u2019aura plus qu\u2019un seul objectif\u00a0: retrouver son \u00e2me s\u0153ur. Le mois de juillet se terminera par une autre suite\u00a0: le deuxi\u00e8me volet des <strong>Bad Guys<\/strong> , un film d\u2019animation mettant en sc\u00e8ne une redoutable bande d\u2019animaux criminels.<\/p>\n<p>Des films plus originaux pour ao\u00fbt<\/p>\n<p class=\"fig-paragraph\">Le mois d\u2019ao\u00fbt s\u2019ouvrira avec la suite, vingt ans plus tard, de <strong>Freaky Friday 2<\/strong>, o\u00f9 une m\u00e8re (Jamie Lee Curtis) et une fille (Lindsay Lohan) \u00e9changent de corps pendant 24 heures. Le film sera pr\u00e9sent\u00e9 dans les salles obscures \u00e0 partir du 6 ao\u00fbt. Cet \u00e9t\u00e9 sera aussi l\u2019occasion de d\u00e9couvrir des films pr\u00e9sent\u00e9s \u00e0 Cannes comme\u00a0<a href=\"http:\/\/www.lefigaro.fr\/festival-de-cannes\/cannes-2025-notre-critique-de-valeur-sentimentale-la-famille-qui-bouleverse-la-croisette-20250521\" target=\"_blank\" data-fig-type=\"Article\" rel=\"noopener\" data-gtm-custom-categorie=\"navigation\" data-gtm-custom-action=\"crossclick\" data-gtm-custom-label=\"Contextuel\" data-gtm-event=\"customEventSPE\" data-fig-domain=\"LEFIGARO\"><strong>Valeur sentimentale<\/strong> \u00a0<\/a>de Joachim Trier, r\u00e9compens\u00e9 du grand prix. Cette com\u00e9die dramatique, disponible le 20 ao\u00fbt, retrace l\u2019histoire d\u2019un cin\u00e9aste de renom qui essaye de renouer avec ses filles en leur proposant un r\u00f4le dans son prochain film. Le m\u00eame jour sortira <strong>Alpha<\/strong> , un drame de\u00a0<a href=\"http:\/\/www.lefigaro.fr\/festival-de-cannes\/julia-ducournau-j-aurais-tourne-alpha-de-la-meme-maniere-sans-la-palme-d-or-20250519\" target=\"_blank\" data-fig-type=\"Article\" rel=\"noopener\" data-gtm-custom-categorie=\"navigation\" data-gtm-custom-action=\"crossclick\" data-gtm-custom-label=\"Contextuel\" data-gtm-event=\"customEventSPE\" data-fig-domain=\"LEFIGARO\">Julia Ducournau<\/a>\u00a0o\u00f9 la soci\u00e9t\u00e9 est ravag\u00e9e par un vilain virus, transformant les malades en pierre, qui finissent par devenir poussi\u00e8re. Reste \u00e0 savoir si l\u2019\u00e9t\u00e9 2025 r\u00e9ussira \u00e0 attirer autant de spectateurs que l\u2019ann\u00e9e derni\u00e8re, avec des succ\u00e8s comme Le Comte de Monte-Cristo et Deadpool &amp; Wolverine, le premier ayant r\u00e9alis\u00e9 plus de 10 millions d\u2019entr\u00e9es en France et le second ayant atteint le milliard de dollars au box-office international.<\/p>\n","protected":false},"excerpt":{"rendered":"F1, Jurassic World, Superman&#8230; Les blockbusters \u00e0 venir s\u2019annoncent comme un encha\u00eenement de suites ou de remakes. Dans&hellip;\n","protected":false},"author":2,"featured_media":193593,"comment_status":"","ping_status":"","sticky":false,"template":"","format":"standard","meta":{"footnotes":""},"categories":[1354],"tags":[2084,2083,2080,650,58,59,2081,1346,1011,27,25360,9243,1360,2082],"class_list":{"0":"post-193592","1":"post","2":"type-post","3":"status-publish","4":"format-standard","5":"has-post-thumbnail","7":"category-films","8":"tag-affiche","9":"tag-bandes-annonces","10":"tag-box-office","11":"tag-cinema","12":"tag-divertissement","13":"tag-entertainment","14":"tag-film","15":"tag-films","16":"tag-fr","17":"tag-france","18":"tag-jurassic-world","19":"tag-mission-impossible","20":"tag-movies","21":"tag-salles"},"share_on_mastodon":{"url":"https:\/\/pubeurope.com\/@fr\/114721676593782590","error":""},"_links":{"self":[{"href":"https:\/\/www.europesays.com\/fr\/wp-json\/wp\/v2\/posts\/193592","targetHints":{"allow":["GET"]}}],"collection":[{"href":"https:\/\/www.europesays.com\/fr\/wp-json\/wp\/v2\/posts"}],"about":[{"href":"https:\/\/www.europesays.com\/fr\/wp-json\/wp\/v2\/types\/post"}],"author":[{"embeddable":true,"href":"https:\/\/www.europesays.com\/fr\/wp-json\/wp\/v2\/users\/2"}],"replies":[{"embeddable":true,"href":"https:\/\/www.europesays.com\/fr\/wp-json\/wp\/v2\/comments?post=193592"}],"version-history":[{"count":0,"href":"https:\/\/www.europesays.com\/fr\/wp-json\/wp\/v2\/posts\/193592\/revisions"}],"wp:featuredmedia":[{"embeddable":true,"href":"https:\/\/www.europesays.com\/fr\/wp-json\/wp\/v2\/media\/193593"}],"wp:attachment":[{"href":"https:\/\/www.europesays.com\/fr\/wp-json\/wp\/v2\/media?parent=193592"}],"wp:term":[{"taxonomy":"category","embeddable":true,"href":"https:\/\/www.europesays.com\/fr\/wp-json\/wp\/v2\/categories?post=193592"},{"taxonomy":"post_tag","embeddable":true,"href":"https:\/\/www.europesays.com\/fr\/wp-json\/wp\/v2\/tags?post=193592"}],"curies":[{"name":"wp","href":"https:\/\/api.w.org\/{rel}","templated":true}]}}