{"id":193594,"date":"2025-06-21T13:50:11","date_gmt":"2025-06-21T13:50:11","guid":{"rendered":"https:\/\/www.europesays.com\/fr\/193594\/"},"modified":"2025-06-21T13:50:11","modified_gmt":"2025-06-21T13:50:11","slug":"quand-le-plaisir-revient-malgre-le-cancer-ou-la-maladie-liberation","status":"publish","type":"post","link":"https:\/\/www.europesays.com\/fr\/193594\/","title":{"rendered":"quand le plaisir revient, malgr\u00e9 le cancer ou la maladie \u2013 Lib\u00e9ration"},"content":{"rendered":"<p class=\"sc-ksZaOG ehjQrN text-element\">\u00abVais-je pouvoir bander de nouveau ?\u00bb La question obs\u00e8de Elian (1), allong\u00e9 en salle de r\u00e9veil d\u2019un h\u00f4pital parisien fin 2022. Il a alors 50 ans et travaille dans la mode. <a href=\"https:\/\/www.liberation.fr\/societe\/sante\/cancer-de-la-prostate-la-radiotherapie-interne-permet-de-traiter-toutes-les-lesions-meme-les-plus-petites-20241119_AL5JOCSIPBAMDDJTPMKZRS2AFY\/\" target=\"_blank\" rel=\"noreferrer noopener\" title=\"https:\/\/www.liberation.fr\/societe\/sante\/cancer-de-la-prostate-la-radiotherapie-interne-permet-de-traiter-toutes-les-lesions-meme-les-plus-petites-20241119_AL5JOCSIPBAMDDJTPMKZRS2AFY\/\">Un cancer de la prostate<\/a> lui a \u00e9t\u00e9 diagnostiqu\u00e9 un an plus t\u00f4t. \u00abC\u2019\u00e9tait la panique. Dans ma vie, j\u2019ai mis du temps \u00e0 avoir confiance en moi, \u00e0 me lib\u00e9rer. Alors perdre ma sexualit\u00e9 avec un traitement me paraissait impossible. J\u2019ai m\u00eame pens\u00e9 \u00e0 ne pas me soigner. Et si je devais en mourir, tant pis\u00bb, confie-t-il. Pendant six mois, il refuse d\u2019\u00eatre trait\u00e9, avant d\u2019accepter finalement une ablation de la prostate, qui laisse son nerf \u00e9rectile intact. Le chemin ne fait que commencer.<\/p>\n<p class=\"sc-ksZaOG ehjQrN text-element\">La premi\u00e8re \u00e9tape, retrouver une \u00e9rection, peut prendre plusieurs mois \u00e0 plusieurs ann\u00e9es. Dix jours plus tard, petit miracle. Un mouvement le tire de son sommeil : un d\u00e9but d\u2019\u00e9rection. \u00abLe lendemain, j\u2019ai appel\u00e9 tout le monde, j\u2019ai m\u00eame envoy\u00e9 un mail \u00e0 mon chirurgien !\u00bb s\u2019amuse-t-il. N\u2019y voyons pas d\u2019acte divin. Elian s\u2019est masturb\u00e9 r\u00e9guli\u00e8rement, sans r\u00e9action, sur conseil de son m\u00e9decin. Un exe<\/p>\n","protected":false},"excerpt":{"rendered":"\u00abVais-je pouvoir bander de nouveau ?\u00bb La question obs\u00e8de Elian (1), allong\u00e9 en salle de r\u00e9veil d\u2019un h\u00f4pital&hellip;\n","protected":false},"author":2,"featured_media":193595,"comment_status":"","ping_status":"","sticky":false,"template":"","format":"standard","meta":{"footnotes":""},"categories":[10],"tags":[101,1011,27,72,71],"class_list":{"0":"post-193594","1":"post","2":"type-post","3":"status-publish","4":"format-standard","5":"has-post-thumbnail","7":"category-sante","8":"tag-cancer","9":"tag-fr","10":"tag-france","11":"tag-health","12":"tag-sante"},"share_on_mastodon":{"url":"https:\/\/pubeurope.com\/@fr\/114721681221168875","error":""},"_links":{"self":[{"href":"https:\/\/www.europesays.com\/fr\/wp-json\/wp\/v2\/posts\/193594","targetHints":{"allow":["GET"]}}],"collection":[{"href":"https:\/\/www.europesays.com\/fr\/wp-json\/wp\/v2\/posts"}],"about":[{"href":"https:\/\/www.europesays.com\/fr\/wp-json\/wp\/v2\/types\/post"}],"author":[{"embeddable":true,"href":"https:\/\/www.europesays.com\/fr\/wp-json\/wp\/v2\/users\/2"}],"replies":[{"embeddable":true,"href":"https:\/\/www.europesays.com\/fr\/wp-json\/wp\/v2\/comments?post=193594"}],"version-history":[{"count":0,"href":"https:\/\/www.europesays.com\/fr\/wp-json\/wp\/v2\/posts\/193594\/revisions"}],"wp:featuredmedia":[{"embeddable":true,"href":"https:\/\/www.europesays.com\/fr\/wp-json\/wp\/v2\/media\/193595"}],"wp:attachment":[{"href":"https:\/\/www.europesays.com\/fr\/wp-json\/wp\/v2\/media?parent=193594"}],"wp:term":[{"taxonomy":"category","embeddable":true,"href":"https:\/\/www.europesays.com\/fr\/wp-json\/wp\/v2\/categories?post=193594"},{"taxonomy":"post_tag","embeddable":true,"href":"https:\/\/www.europesays.com\/fr\/wp-json\/wp\/v2\/tags?post=193594"}],"curies":[{"name":"wp","href":"https:\/\/api.w.org\/{rel}","templated":true}]}}