{"id":193600,"date":"2025-06-21T13:53:10","date_gmt":"2025-06-21T13:53:10","guid":{"rendered":"https:\/\/www.europesays.com\/fr\/193600\/"},"modified":"2025-06-21T13:53:10","modified_gmt":"2025-06-21T13:53:10","slug":"la-voix-prend-le-relais-du-clavier","status":"publish","type":"post","link":"https:\/\/www.europesays.com\/fr\/193600\/","title":{"rendered":"la voix prend le relais du clavier"},"content":{"rendered":"<p class=\"chapo\">Les utilisateurs Pro peuvent d\u00e9sormais parler \u00e0 ChatGPT plut\u00f4t que taper leurs requ\u00eates.<\/p>\n<p>Tl;dr<\/p>\n<ul>\n<li>ChatGPT introduit un mode vocal \u00ab Record \u00bb sur macOS, r\u00e9serv\u00e9 aux utilisateurs payants, permettant d\u2019envoyer des requ\u00eates par la voix.<\/li>\n<li>Cette fonction vise une interaction rapide et fluide, avec transcription instantan\u00e9e \u00e0 l\u2019\u00e9cran, sans dialogue continu.<\/li>\n<li>Son d\u00e9ploiement plus large semble imminent, dans un contexte de comp\u00e9tition accrue avec d\u2019autres assistants IA multimodaux comme Google Gemini.<\/li>\n<\/ul>\n<p>ChatGPT s\u2019ouvre aux messages vocaux sur Mac<\/p>\n<p>Il fallait s\u2019y attendre : <a href=\"https:\/\/www.servicesmobiles.fr\/openai-acquiert-la-startup-de-design-de-jony-ive-pour-65-milliards-de-dollars-105279\" rel=\"nofollow noopener\" target=\"_blank\">OpenAI<\/a> continue d\u2019enrichir son assistant IA phare. Derni\u00e8re nouveaut\u00e9 en date, le mode \u00ab <strong>Record<\/strong> \u00bb d\u00e9barque discr\u00e8tement sur l\u2019application macOS de <a href=\"https:\/\/www.servicesmobiles.fr\/openai-lance-canvas-sa-nouvelle-interface-chatgpt-101118\" rel=\"nofollow noopener\" target=\"_blank\"><strong>ChatGPT<\/strong><\/a>. Seuls les utilisateurs des offres Pro, Enterprise et Edu peuvent en profiter pour le moment. En cliquant simplement sur une ic\u00f4ne de micro, ils peuvent enregistrer un court message vocal plut\u00f4t que de saisir leur requ\u00eate au clavier.<\/p>\n<p>Une exp\u00e9rience utilisateur plus fluide et naturelle<\/p>\n<p>Ce nouveau mode modifie subtilement la fa\u00e7on d\u2019interagir avec l\u2019IA. Le fonctionnement ? L\u2019utilisateur parle, et la plateforme g\u00e9n\u00e8re une r\u00e9ponse instantan\u00e9e \u00e0 partir de l\u2019audio transmis. La retranscription textuelle de la demande s\u2019affiche en temps r\u00e9el \u00e0 l\u2019\u00e9cran \u2013 un d\u00e9tail pratique qui facilite le suivi de la conversation et \u00e9vite toute ambigu\u00eft\u00e9. \u00c0 la diff\u00e9rence du mode \u00ab Voice \u00bb d\u00e9j\u00e0 disponible sur mobile, cette fonctionnalit\u00e9 vise la rapidit\u00e9 : il ne s\u2019agit pas ici d\u2019une discussion continue mais bien d\u2019un \u00e9change ponctuel, proche des applications de transcription automatique.<\/p>\n<p>Vers une d\u00e9mocratisation du vocal ?<\/p>\n<p>Pour l\u2019instant, ce privil\u00e8ge reste r\u00e9serv\u00e9 aux adeptes du Mac d\u00e9tenteurs d\u2019un abonnement payant. Mais tout porte \u00e0 croire que l\u2019acc\u00e8s sera \u00e9largi dans un futur proche. D\u2019une part parce que cette option s\u2019int\u00e8gre parfaitement dans la strat\u00e9gie multimodale d\u2019OpenAI, qui combine d\u00e9sormais texte, image et voix afin d\u2019offrir une assistance IA compl\u00e8te. D\u2019autre part car la concurrence s\u2019intensifie : Google Gemini Live, par exemple, propose d\u00e9j\u00e0 des interactions vocales en temps r\u00e9el sur Android et iOS. Face \u00e0 ces avanc\u00e9es, il serait \u00e9tonnant qu\u2019OpenAI n\u2019acc\u00e9l\u00e8re pas le d\u00e9ploiement du mode \u00ab Record \u00bb vers les mobiles ou les comptes gratuits.<\/p>\n<p>L\u2019avenir des assistants IA en ligne de mire<\/p>\n<p>L\u2019adoption massive des capacit\u00e9s multimodales appara\u00eet aujourd\u2019hui comme un enjeu central dans la course aux assistants intelligents. Rendre ces outils accessibles au plus grand nombre permettrait \u00e0 ChatGPT de fid\u00e9liser ses usagers tout en incitant certains \u00e0 franchir le pas vers une offre payante.<\/p>\n<p>En attendant une g\u00e9n\u00e9ralisation, voici ce que retiennent les utilisateurs actuels :<\/p>\n<ul>\n<li><strong>Simplicit\u00e9 :<\/strong> activation imm\u00e9diate via un micro pr\u00e8s de la zone de saisie.<\/li>\n<li><strong>Efficacit\u00e9 :<\/strong> r\u00e9ponses rapides adapt\u00e9es aux questions courtes.<\/li>\n<li><strong>S\u00e9r\u00e9nit\u00e9 :<\/strong> transcription claire assurant transparence et confort d\u2019utilisation.<\/li>\n<\/ul>\n<p>La prochaine \u00e9tape semble toute trac\u00e9e : un \u00e9largissement progressif pour permettre \u00e0 chacun de d\u00e9couvrir cette nouvelle fa\u00e7on \u2013 plus naturelle \u2013 de dialoguer avec l\u2019intelligence artificielle.<\/p>\n","protected":false},"excerpt":{"rendered":"Les utilisateurs Pro peuvent d\u00e9sormais parler \u00e0 ChatGPT plut\u00f4t que taper leurs requ\u00eates. Tl;dr ChatGPT introduit un mode&hellip;\n","protected":false},"author":2,"featured_media":167860,"comment_status":"","ping_status":"","sticky":false,"template":"","format":"standard","meta":{"footnotes":""},"categories":[7],"tags":[1011,27,43,40,41,39,42,44],"class_list":{"0":"post-193600","1":"post","2":"type-post","3":"status-publish","4":"format-standard","5":"has-post-thumbnail","7":"category-sciences-et-technologies","8":"tag-fr","9":"tag-france","10":"tag-science","11":"tag-science-and-technology","12":"tag-sciences","13":"tag-sciences-et-technologies","14":"tag-technologies","15":"tag-technology"},"share_on_mastodon":{"url":"https:\/\/pubeurope.com\/@fr\/114721692355450738","error":""},"_links":{"self":[{"href":"https:\/\/www.europesays.com\/fr\/wp-json\/wp\/v2\/posts\/193600","targetHints":{"allow":["GET"]}}],"collection":[{"href":"https:\/\/www.europesays.com\/fr\/wp-json\/wp\/v2\/posts"}],"about":[{"href":"https:\/\/www.europesays.com\/fr\/wp-json\/wp\/v2\/types\/post"}],"author":[{"embeddable":true,"href":"https:\/\/www.europesays.com\/fr\/wp-json\/wp\/v2\/users\/2"}],"replies":[{"embeddable":true,"href":"https:\/\/www.europesays.com\/fr\/wp-json\/wp\/v2\/comments?post=193600"}],"version-history":[{"count":0,"href":"https:\/\/www.europesays.com\/fr\/wp-json\/wp\/v2\/posts\/193600\/revisions"}],"wp:featuredmedia":[{"embeddable":true,"href":"https:\/\/www.europesays.com\/fr\/wp-json\/wp\/v2\/media\/167860"}],"wp:attachment":[{"href":"https:\/\/www.europesays.com\/fr\/wp-json\/wp\/v2\/media?parent=193600"}],"wp:term":[{"taxonomy":"category","embeddable":true,"href":"https:\/\/www.europesays.com\/fr\/wp-json\/wp\/v2\/categories?post=193600"},{"taxonomy":"post_tag","embeddable":true,"href":"https:\/\/www.europesays.com\/fr\/wp-json\/wp\/v2\/tags?post=193600"}],"curies":[{"name":"wp","href":"https:\/\/api.w.org\/{rel}","templated":true}]}}