{"id":193609,"date":"2025-06-21T13:58:11","date_gmt":"2025-06-21T13:58:11","guid":{"rendered":"https:\/\/www.europesays.com\/fr\/193609\/"},"modified":"2025-06-21T13:58:11","modified_gmt":"2025-06-21T13:58:11","slug":"loire-pourquoi-cette-association-stephanoise-a-besoin-dun-un-bateau-hopital","status":"publish","type":"post","link":"https:\/\/www.europesays.com\/fr\/193609\/","title":{"rendered":"Loire. Pourquoi cette association st\u00e9phanoise a besoin d\u2019un un bateau-h\u00f4pital\u00a0?"},"content":{"rendered":"<p>Soigner les habitants des villages recul\u00e9s du nord du Laos. C\u2019est l\u2019un des objectifs que poursuit Peuples et Montagnes du M\u00e9kong, une ONG fond\u00e9e en 2011 \u00e0 Saint-Etienne. L\u2019association a vu le jour gr\u00e2ce \u00e0 Jean-Michel Courtois, un St\u00e9phanois issu du milieu associatif. \u00c0 bient\u00f4t 80 ans, le pr\u00e9sident de la structure passe toujours six mois de l\u2019ann\u00e9e dans le pays le plus pauvre d\u2019Asie du Sud-Est avec ses \u00e9quipes sur place. \u00ab\u00a0J\u2019ai \u00e9t\u00e9 marqu\u00e9 par les probl\u00e8mes rencontr\u00e9s par les habitants de ce pays et la situation humanitaire catastrophique\u00a0\u00bb, d\u00e9crit-il aujourd\u2019hui.<\/p>\n<p>\u00ab\u00a0Des localit\u00e9s tr\u00e8s difficiles d\u2019acc\u00e8s par voie terrestre\u00a0\u00bb<\/p>\n<p>Depuis ses d\u00e9buts, l\u2019association participe \u00e0 la formation du personnel m\u00e9dical laotien, notamment en gyn\u00e9cologie et en p\u00e9diatrie, o\u00f9 les besoins se font&#8230;<\/p>\n","protected":false},"excerpt":{"rendered":"Soigner les habitants des villages recul\u00e9s du nord du Laos. C\u2019est l\u2019un des objectifs que poursuit Peuples et&hellip;\n","protected":false},"author":2,"featured_media":193610,"comment_status":"","ping_status":"","sticky":false,"template":"","format":"standard","meta":{"footnotes":""},"categories":[9653],"tags":[1111,11,2430,1777,674,1011,27,3367,12,25,4001,71,104],"class_list":{"0":"post-193609","1":"post","2":"type-post","3":"status-publish","4":"format-standard","5":"has-post-thumbnail","7":"category-saint-etienne","8":"tag-actu","9":"tag-actualites","10":"tag-auvergne-rhone-alpes","11":"tag-eu","12":"tag-europe","13":"tag-fr","14":"tag-france","15":"tag-loire","16":"tag-news","17":"tag-republique-francaise","18":"tag-saint-etienne","19":"tag-sante","20":"tag-societe"},"share_on_mastodon":{"url":"https:\/\/pubeurope.com\/@fr\/114721711938921044","error":""},"_links":{"self":[{"href":"https:\/\/www.europesays.com\/fr\/wp-json\/wp\/v2\/posts\/193609","targetHints":{"allow":["GET"]}}],"collection":[{"href":"https:\/\/www.europesays.com\/fr\/wp-json\/wp\/v2\/posts"}],"about":[{"href":"https:\/\/www.europesays.com\/fr\/wp-json\/wp\/v2\/types\/post"}],"author":[{"embeddable":true,"href":"https:\/\/www.europesays.com\/fr\/wp-json\/wp\/v2\/users\/2"}],"replies":[{"embeddable":true,"href":"https:\/\/www.europesays.com\/fr\/wp-json\/wp\/v2\/comments?post=193609"}],"version-history":[{"count":0,"href":"https:\/\/www.europesays.com\/fr\/wp-json\/wp\/v2\/posts\/193609\/revisions"}],"wp:featuredmedia":[{"embeddable":true,"href":"https:\/\/www.europesays.com\/fr\/wp-json\/wp\/v2\/media\/193610"}],"wp:attachment":[{"href":"https:\/\/www.europesays.com\/fr\/wp-json\/wp\/v2\/media?parent=193609"}],"wp:term":[{"taxonomy":"category","embeddable":true,"href":"https:\/\/www.europesays.com\/fr\/wp-json\/wp\/v2\/categories?post=193609"},{"taxonomy":"post_tag","embeddable":true,"href":"https:\/\/www.europesays.com\/fr\/wp-json\/wp\/v2\/tags?post=193609"}],"curies":[{"name":"wp","href":"https:\/\/api.w.org\/{rel}","templated":true}]}}