{"id":193613,"date":"2025-06-21T14:00:39","date_gmt":"2025-06-21T14:00:39","guid":{"rendered":"https:\/\/www.europesays.com\/fr\/193613\/"},"modified":"2025-06-21T14:00:39","modified_gmt":"2025-06-21T14:00:39","slug":"vandoeuvre-les-nancy-marche-contre-le-cancer-un-evenement-sportif-et-festif","status":"publish","type":"post","link":"https:\/\/www.europesays.com\/fr\/193613\/","title":{"rendered":"Vandoeuvre-l\u00e8s-Nancy. Marche contre le cancer, un \u00e9v\u00e9nement sportif et festif\u00a0!"},"content":{"rendered":"<p>L\u2019\u00c9tincelante est un \u00e9v\u00e9nement organis\u00e9 par l\u2019Institut de Canc\u00e9rologie de Lorraine. Il propose une marche familiale, ainsi qu\u2019une course \u00e0 pied, dans une ambiance festive et chaleureuse.<\/p>\n<p>100\u00a0% des inscriptions pour cet \u00e9v\u00e9nement participent au financement de la recherche contre le cancer en Lorraine.<\/p>\n<p>Les organisateurs attendent, pour cette \u00e9dition, un bon millier de participants. Participer \u00e0 L\u2019\u00c9tincelante, c\u2019est soutenir le P\u00f4le Recherche de l\u2019ICL, compos\u00e9 de plus de 50 chercheurs et de soignants, pour leur donner les moyens d\u2019innover au b\u00e9n\u00e9fice des Lorrains.<\/p>\n<p>Chaque ann\u00e9e, le cancer touche plus de 400\u00a0000 personnes en France et pr\u00e8s de 160\u00a0000 en d\u00e9c\u00e8dent, ce qui fait de cette maladie la premi\u00e8re cause de mortalit\u00e9 dans le pays. Gr\u00e2ce au progr\u00e8s de la recherche, plus d\u20191 personne sur 2 (contre 1 sur 3 il y a 30 ans) est gu\u00e9rie.<\/p>\n<p class=\"note\">Dimanche 22\u00a0juin \u00e0 9\u00a0h\u00a030 au parc Richard Pouille. Inscription\u00a0: 10\u00a0\u20ac. Deux parcours\u00a0: une marche de 4\u00a0km et une course de 6\u00a0km. Animations sur place. Inscriptions\u00a0: www.icl-lorraine.fr<\/p>\n","protected":false},"excerpt":{"rendered":"L\u2019\u00c9tincelante est un \u00e9v\u00e9nement organis\u00e9 par l\u2019Institut de Canc\u00e9rologie de Lorraine. Il propose une marche familiale, ainsi qu\u2019une&hellip;\n","protected":false},"author":2,"featured_media":193614,"comment_status":"","ping_status":"","sticky":false,"template":"","format":"standard","meta":{"footnotes":""},"categories":[9635],"tags":[1111,11,1687,1704,1777,674,1011,27,775,6364,1702,12,25,5711],"class_list":{"0":"post-193613","1":"post","2":"type-post","3":"status-publish","4":"format-standard","5":"has-post-thumbnail","7":"category-nancy","8":"tag-actu","9":"tag-actualites","10":"tag-culture-loisirs","11":"tag-edition-nancy-et-agglomeration","12":"tag-eu","13":"tag-europe","14":"tag-fr","15":"tag-france","16":"tag-grand-est","17":"tag-metropole-du-grand-nancy-54b1","18":"tag-nancy","19":"tag-news","20":"tag-republique-francaise","21":"tag-vandoeuvre-les-nancy"},"share_on_mastodon":{"url":"https:\/\/pubeurope.com\/@fr\/114721719849884874","error":""},"_links":{"self":[{"href":"https:\/\/www.europesays.com\/fr\/wp-json\/wp\/v2\/posts\/193613","targetHints":{"allow":["GET"]}}],"collection":[{"href":"https:\/\/www.europesays.com\/fr\/wp-json\/wp\/v2\/posts"}],"about":[{"href":"https:\/\/www.europesays.com\/fr\/wp-json\/wp\/v2\/types\/post"}],"author":[{"embeddable":true,"href":"https:\/\/www.europesays.com\/fr\/wp-json\/wp\/v2\/users\/2"}],"replies":[{"embeddable":true,"href":"https:\/\/www.europesays.com\/fr\/wp-json\/wp\/v2\/comments?post=193613"}],"version-history":[{"count":0,"href":"https:\/\/www.europesays.com\/fr\/wp-json\/wp\/v2\/posts\/193613\/revisions"}],"wp:featuredmedia":[{"embeddable":true,"href":"https:\/\/www.europesays.com\/fr\/wp-json\/wp\/v2\/media\/193614"}],"wp:attachment":[{"href":"https:\/\/www.europesays.com\/fr\/wp-json\/wp\/v2\/media?parent=193613"}],"wp:term":[{"taxonomy":"category","embeddable":true,"href":"https:\/\/www.europesays.com\/fr\/wp-json\/wp\/v2\/categories?post=193613"},{"taxonomy":"post_tag","embeddable":true,"href":"https:\/\/www.europesays.com\/fr\/wp-json\/wp\/v2\/tags?post=193613"}],"curies":[{"name":"wp","href":"https:\/\/api.w.org\/{rel}","templated":true}]}}