{"id":193624,"date":"2025-06-21T14:09:11","date_gmt":"2025-06-21T14:09:11","guid":{"rendered":"https:\/\/www.europesays.com\/fr\/193624\/"},"modified":"2025-06-21T14:09:11","modified_gmt":"2025-06-21T14:09:11","slug":"saint-egreve-suspecte-du-vol-avec-violence-dune-trottinette-un-adolescent-interpelle","status":"publish","type":"post","link":"https:\/\/www.europesays.com\/fr\/193624\/","title":{"rendered":"Saint-\u00c9gr\u00e8ve. Suspect\u00e9 du vol avec violence d\u2019une trottinette, un adolescent interpell\u00e9"},"content":{"rendered":"<p>Mercredi 18\u00a0juin, vers 17\u00a0h\u00a030 \u00e0 Saint-\u00c9gr\u00e8ve, un homme de 44 ans et un adolescent de 13 ans ont \u00e9t\u00e9 victimes du vol avec violence de leurs trottinettes commis par deux jeunes hommes qui ont ensuite pris la fuite sur les deux engins d\u00e9rob\u00e9s.<\/p>\n<p>Un adolescent, correspondant \u00e0 la description donn\u00e9e par les victimes, a rapidement \u00e9t\u00e9 interpell\u00e9 rue de la Monta, toujours \u00e0 Saint-\u00c9gr\u00e8ve, par plusieurs patrouilles de gendarmerie qui se trouvaient \u00e0 ce moment-l\u00e0 \u00e0 proximit\u00e9.<\/p>\n<p>Ce contenu est bloqu\u00e9 car vous n&rsquo;avez pas accept\u00e9 les cookies et autres traceurs.<\/p>\n<p>En cliquant sur \u00ab J\u2019accepte \u00bb, les cookies et autres traceurs seront d\u00e9pos\u00e9s et vous pourrez visualiser les contenus  (<a href=\"\" class=\"consentModule_policy\" target=\"_blank\" title=\"Consulter la politique de protection des donn\u00e9es du fournisseur\">plus d&rsquo;informations<\/a>).<\/p>\n<p>En cliquant sur \u00ab J\u2019accepte tous les cookies \u00bb, vous autorisez des d\u00e9p\u00f4ts de cookies et autres traceurs pour le stockage de vos donn\u00e9es sur nos sites et applications \u00e0 des fins de personnalisation et de ciblage publicitaire.<\/p>\n<p class=\"consentModule_secondaryText\">Vous gardez la possibilit\u00e9 de retirer votre consentement \u00e0 tout moment en consultant notre <a href=\"https:\/\/www.ledauphine.com\/protection-des-donnees\" target=\"_blank\" title=\"Consulter notre politique de protection des donn\u00e9es\" rel=\"nofollow noopener\">politique de protection des donn\u00e9es<\/a>. <br \/>&#13;<br \/>\n            <a href=\"https:\/\/www.ledauphine.com\/faits-divers-justice\/2025\/06\/21\/javascript:Didomi.notice.show()\" class=\"consentModule_cmp\" rel=\"nofollow noopener\" target=\"_blank\">G\u00e9rer mes choix<\/a>&#13;\n        <\/p>\n<p>&#13;<br \/>\n                        J&rsquo;accepte&#13;<br \/>\n            J&rsquo;accepte tous les cookies&#13;\n        <\/p>\n<p>Formellement reconnu par les victimes, le suspect, \u00e2g\u00e9 de 15 ans et coll\u00e9gien \u00e0 \u00c9chirolles, a \u00e9t\u00e9 imm\u00e9diatement plac\u00e9 en garde \u00e0 vue. \u00c0 l\u2019issue de sa garde \u00e0 vue, il a \u00e9t\u00e9 laiss\u00e9 libre et fera l\u2019objet d\u2019une composition p\u00e9nale en septembre prochain.<\/p>\n<p>La trottinette de l\u2019une des deux victimes sur laquelle se trouvait le suspect au moment de son interpellation a pu lui \u00eatre restitu\u00e9e.<\/p>\n","protected":false},"excerpt":{"rendered":"Mercredi 18\u00a0juin, vers 17\u00a0h\u00a030 \u00e0 Saint-\u00c9gr\u00e8ve, un homme de 44 ans et un adolescent de 13 ans ont&hellip;\n","protected":false},"author":2,"featured_media":193625,"comment_status":"","ping_status":"","sticky":false,"template":"","format":"standard","meta":{"footnotes":""},"categories":[9566],"tags":[1111,11,2430,271,272,112,1777,674,274,1011,27,2731,108,12,25,275,276],"class_list":{"0":"post-193624","1":"post","2":"type-post","3":"status-publish","4":"format-standard","5":"has-post-thumbnail","7":"category-grenoble","8":"tag-actu","9":"tag-actualites","10":"tag-auvergne-rhone-alpes","11":"tag-crime","12":"tag-delit-et-contravention","13":"tag-edition-grenoble-agglomeration","14":"tag-eu","15":"tag-europe","16":"tag-faits-divers-justice","17":"tag-fr","18":"tag-france","19":"tag-grenoble","20":"tag-isere","21":"tag-news","22":"tag-republique-francaise","23":"tag-saint-egreve","24":"tag-saint-egreve-et-autour"},"share_on_mastodon":{"url":"https:\/\/pubeurope.com\/@fr\/114721755229625849","error":""},"_links":{"self":[{"href":"https:\/\/www.europesays.com\/fr\/wp-json\/wp\/v2\/posts\/193624","targetHints":{"allow":["GET"]}}],"collection":[{"href":"https:\/\/www.europesays.com\/fr\/wp-json\/wp\/v2\/posts"}],"about":[{"href":"https:\/\/www.europesays.com\/fr\/wp-json\/wp\/v2\/types\/post"}],"author":[{"embeddable":true,"href":"https:\/\/www.europesays.com\/fr\/wp-json\/wp\/v2\/users\/2"}],"replies":[{"embeddable":true,"href":"https:\/\/www.europesays.com\/fr\/wp-json\/wp\/v2\/comments?post=193624"}],"version-history":[{"count":0,"href":"https:\/\/www.europesays.com\/fr\/wp-json\/wp\/v2\/posts\/193624\/revisions"}],"wp:featuredmedia":[{"embeddable":true,"href":"https:\/\/www.europesays.com\/fr\/wp-json\/wp\/v2\/media\/193625"}],"wp:attachment":[{"href":"https:\/\/www.europesays.com\/fr\/wp-json\/wp\/v2\/media?parent=193624"}],"wp:term":[{"taxonomy":"category","embeddable":true,"href":"https:\/\/www.europesays.com\/fr\/wp-json\/wp\/v2\/categories?post=193624"},{"taxonomy":"post_tag","embeddable":true,"href":"https:\/\/www.europesays.com\/fr\/wp-json\/wp\/v2\/tags?post=193624"}],"curies":[{"name":"wp","href":"https:\/\/api.w.org\/{rel}","templated":true}]}}