{"id":193626,"date":"2025-06-21T14:10:31","date_gmt":"2025-06-21T14:10:31","guid":{"rendered":"https:\/\/www.europesays.com\/fr\/193626\/"},"modified":"2025-06-21T14:10:31","modified_gmt":"2025-06-21T14:10:31","slug":"au-secours-mon-pere-est-un-geek-comedie-de-grenoble-agenda","status":"publish","type":"post","link":"https:\/\/www.europesays.com\/fr\/193626\/","title":{"rendered":"Au Secours mon P\u00e8re est un Geek &#8211; Com\u00e9die de Grenoble | Agenda"},"content":{"rendered":"<p>\n\t\t\t Heure de l&rsquo;\u00e9v\u00e9nement : 21:00\t\t\t  Informations et programme de l&rsquo;\u00e9v\u00e9nement :\t\t\t <br \/>\n\t\t\t   Pr\u00e9sent\u00e9 par Com\u00e9die de Grenoble   \u00a0   Patrick, c\u2019est un papa comme on en fait plus : il pense   que TikTok, c\u2019est un toc nerveux, que les machines vont nous remplacer   et qu\u2019un cintre, c\u2019est la vraie d\u00e9finition de la vie. Jenny, sa fille,   est son oppos\u00e9 total : c\u2019est une geek inv\u00e9t\u00e9r\u00e9e qui vit pour les jeux   vid\u00e9o, les headshots et les tournois en ligne. Jusqu\u2019ici, leur monde   cohabitait tant bien que mal, mais tout bascule quand l\u2019usine de cintres   de Patrick fait faillite. Plus de cintres, plus d\u2019argent, plus de   console : c\u2019est le drame.   \u00a0   La solution ? Un tournoi p\u00e8re-fille de jeux vid\u00e9o avec   150 000 euros \u00e0 la cl\u00e9. Facile, non ? Sauf que Patrick ne sait m\u00eame pas   tenir une manette. Jenny va devoir le transformer en gamer pro\u2026 ou au   moins en joueur qui ne meurt pas dans les cinq premi\u00e8res secondes.   \u00a0   Entre d\u00e9lires technologiques, quiproquos, et un final   explosif dans un tournoi qui prend des airs de western num\u00e9rique, la   pi\u00e8ce nous montre qu\u2019il n\u2019est jamais trop tard pour apprendre\u2026 m\u00eame si,   parfois, on pr\u00e9f\u00e9rerait que certains restent sur Pictionary. Et si   finalement, la vraie victoire, c\u2019\u00e9tait d\u2019accepter l\u2019autre tel qu\u2019il est   ? Bon, ok\u2026 et peut-\u00eatre de repartir avec une PS5. <\/p>\n<p>Cat\u00e9gorie : Theatre, Com\u00e9die, Th\u00e9\u00e2tre\t\t\t <br \/>Artiste : Au Secours mon P\u00e8re est un Geek \t\t\t <br \/>Billets disponibles \u00e0 partir du : 07-02-2025\t\t\t <br \/>Valable du 25-06-2025 jusqu&rsquo;au 28-06-2025\t\t\t <br \/>Prix : 19.0 EUR<\/p>\n<p><a href=\"https:\/\/tinyurl.com\/24egblwq\" class=\"button-reservez\" target=\"_blank\" rel=\"sponsored noopener\">\u25b6 R\u00e9server Maintenant<\/a><\/p>\n<p><a href=\"https:\/\/tinyurl.com\/24egblwq\" target=\"_blank\" rel=\"noopener\"><img decoding=\"async\" src=\"https:\/\/www.europesays.com\/fr\/wp-content\/uploads\/2025\/06\/au-secours-mon-pere-est-un-geek-tickets_354480_3023314_222x222.jpg\" alt=\"Affiche Au Secours mon P\u00e8re est un Geek - Com\u00e9die de Grenoble\" \/><\/a>\t\t\t <\/p>\n<p><a href=\"https:\/\/tinyurl.com\/24egblwq\" target=\"_blank\" rel=\"sponsored noopener\"><img decoding=\"async\" src=\"https:\/\/www.europesays.com\/fr\/wp-content\/uploads\/2025\/05\/ADV_Banner_129.png\" alt=\"Commander\" \/><\/a><\/p>\n","protected":false},"excerpt":{"rendered":"Heure de l&rsquo;\u00e9v\u00e9nement : 21:00 Informations et programme de l&rsquo;\u00e9v\u00e9nement : Pr\u00e9sent\u00e9 par Com\u00e9die de Grenoble \u00a0 Patrick,&hellip;\n","protected":false},"author":2,"featured_media":193627,"comment_status":"","ping_status":"","sticky":false,"template":"","format":"standard","meta":{"footnotes":""},"categories":[9566],"tags":[1111,47,11,17766,3853,4634,2430,13940,722,5509,17765,1777,674,3293,1011,27,10868,2731,1305,2428,1031,17767,12,626,25,5508,3686],"class_list":{"0":"post-193626","1":"post","2":"type-post","3":"status-publish","4":"format-standard","5":"has-post-thumbnail","7":"category-grenoble","8":"tag-actu","9":"tag-actualite","10":"tag-actualites","11":"tag-agenda-sortie","12":"tag-annecy","13":"tag-annemasse","14":"tag-auvergne-rhone-alpes","15":"tag-billetterie","16":"tag-blog","17":"tag-chambery","18":"tag-culturelle","19":"tag-eu","20":"tag-europe","21":"tag-exposition","22":"tag-fr","23":"tag-france","24":"tag-geneve","25":"tag-grenoble","26":"tag-lifestyle","27":"tag-lyon","28":"tag-magazine","29":"tag-megeve","30":"tag-news","31":"tag-paris","32":"tag-republique-francaise","33":"tag-savoie","34":"tag-sortie"},"share_on_mastodon":{"url":"https:\/\/pubeurope.com\/@fr\/114721759188219474","error":""},"_links":{"self":[{"href":"https:\/\/www.europesays.com\/fr\/wp-json\/wp\/v2\/posts\/193626","targetHints":{"allow":["GET"]}}],"collection":[{"href":"https:\/\/www.europesays.com\/fr\/wp-json\/wp\/v2\/posts"}],"about":[{"href":"https:\/\/www.europesays.com\/fr\/wp-json\/wp\/v2\/types\/post"}],"author":[{"embeddable":true,"href":"https:\/\/www.europesays.com\/fr\/wp-json\/wp\/v2\/users\/2"}],"replies":[{"embeddable":true,"href":"https:\/\/www.europesays.com\/fr\/wp-json\/wp\/v2\/comments?post=193626"}],"version-history":[{"count":0,"href":"https:\/\/www.europesays.com\/fr\/wp-json\/wp\/v2\/posts\/193626\/revisions"}],"wp:featuredmedia":[{"embeddable":true,"href":"https:\/\/www.europesays.com\/fr\/wp-json\/wp\/v2\/media\/193627"}],"wp:attachment":[{"href":"https:\/\/www.europesays.com\/fr\/wp-json\/wp\/v2\/media?parent=193626"}],"wp:term":[{"taxonomy":"category","embeddable":true,"href":"https:\/\/www.europesays.com\/fr\/wp-json\/wp\/v2\/categories?post=193626"},{"taxonomy":"post_tag","embeddable":true,"href":"https:\/\/www.europesays.com\/fr\/wp-json\/wp\/v2\/tags?post=193626"}],"curies":[{"name":"wp","href":"https:\/\/api.w.org\/{rel}","templated":true}]}}