{"id":193628,"date":"2025-06-21T14:11:10","date_gmt":"2025-06-21T14:11:10","guid":{"rendered":"https:\/\/www.europesays.com\/fr\/193628\/"},"modified":"2025-06-21T14:11:10","modified_gmt":"2025-06-21T14:11:10","slug":"quatre-blesses-dont-deux-jeunes-enfants-transportes-a-lhopital","status":"publish","type":"post","link":"https:\/\/www.europesays.com\/fr\/193628\/","title":{"rendered":"quatre bless\u00e9s, dont deux jeunes enfants, transport\u00e9s \u00e0 l&rsquo;h\u00f4pital"},"content":{"rendered":"<p>            Par<br \/>\n        <strong><br \/>\n            <a href=\"https:\/\/actu.fr\/auteur\/brian-legoff\" title=\"Consulter tous les articles de Brian Le Goff\" rel=\"nofollow noopener\" target=\"_blank\">Brian Le Goff<\/a><br \/>\n        <\/strong><\/p>\n<p>        Publi\u00e9 le<\/p>\n<p>            21 juin 2025 \u00e0 15h52        <\/p>\n<p>Les faits ont eu lieu <strong>peu avant 10\u2009h,<\/strong> samedi 21\u00a0juin. \u00c0 Betton, au <strong>lieu-dit La Sabot d\u2019Or,<\/strong> au nord de Rennes, un <a href=\"https:\/\/actu.fr\/tag\/accident\" rel=\"nofollow noopener\" target=\"_blank\">accident<\/a> de la circulation a impliqu\u00e9 deux v\u00e9hicules, indique le Centre op\u00e9rationnel d\u00e9partemental d\u2019incendie et de secours (Codis) d\u2019Ille-et-Vilaine, \u00e0 <a href=\"https:\/\/actu.fr\/rennes\/\" rel=\"nofollow noopener\" target=\"_blank\">actu Rennes<\/a>.<\/p>\n<p>Deux enfants de 6 et 8\u00a0ans impliqu\u00e9s<\/p>\n<p class=\" wall-content\">Quatre bless\u00e9s, dont <strong>deux enfants de 6 et 8\u00a0ans,<\/strong> ont \u00e9t\u00e9 d\u00e9nombr\u00e9s par les secours.<strong> Tous ont \u00e9t\u00e9 transport\u00e9s<\/strong> \u00e0 l\u2019h\u00f4pital en urgence relative. L\u2019un d\u2019entre eux a toutefois <strong>d\u00fb \u00eatre d\u00e9sincarc\u00e9r\u00e9<\/strong> avant son transport.<\/p>\n<p class=\" wall-content\">Les <strong>circonstances<\/strong> exactes de l\u2019accident n\u2019ont<strong> pas encore \u00e9t\u00e9 port\u00e9es \u00e0 la connaissance<\/strong> de la r\u00e9daction.<\/p>\n<p class=\" wall-content\">Suivez toute l\u2019actualit\u00e9 de vos villes et m\u00e9dias favoris en vous inscrivant \u00e0 <a href=\"https:\/\/moncompte.actu.fr\" title=\"D\u00e9couvez Mon Actu\" rel=\"nofollow noopener\" data-trk=\"{&quot;cta&quot;:{&quot;action&quot;:&quot;https:\\\/\\\/moncompte.actu.fr&quot;,&quot;category&quot;:&quot;mon compte&quot;,&quot;from&quot;:&quot;article footer&quot;,&quot;name&quot;:&quot;Mon actu&quot;,&quot;type&quot;:&quot;cta&quot;}}\" target=\"_blank\">Mon Actu<\/a>.<\/p>\n","protected":false},"excerpt":{"rendered":"Par Brian Le Goff Publi\u00e9 le 21 juin 2025 \u00e0 15h52 Les faits ont eu lieu peu avant&hellip;\n","protected":false},"author":2,"featured_media":193629,"comment_status":"","ping_status":"","sticky":false,"template":"","format":"standard","meta":{"footnotes":""},"categories":[2821],"tags":[119,1111,11,829,1777,674,118,1011,27,12,1311,584,25],"class_list":{"0":"post-193628","1":"post","2":"type-post","3":"status-publish","4":"format-standard","5":"has-post-thumbnail","7":"category-rennes","8":"tag-accident","9":"tag-actu","10":"tag-actualites","11":"tag-bretagne","12":"tag-eu","13":"tag-europe","14":"tag-faits-divers","15":"tag-fr","16":"tag-france","17":"tag-news","18":"tag-pompiers","19":"tag-rennes","20":"tag-republique-francaise"},"share_on_mastodon":{"url":"https:\/\/pubeurope.com\/@fr\/114721763255245606","error":""},"_links":{"self":[{"href":"https:\/\/www.europesays.com\/fr\/wp-json\/wp\/v2\/posts\/193628","targetHints":{"allow":["GET"]}}],"collection":[{"href":"https:\/\/www.europesays.com\/fr\/wp-json\/wp\/v2\/posts"}],"about":[{"href":"https:\/\/www.europesays.com\/fr\/wp-json\/wp\/v2\/types\/post"}],"author":[{"embeddable":true,"href":"https:\/\/www.europesays.com\/fr\/wp-json\/wp\/v2\/users\/2"}],"replies":[{"embeddable":true,"href":"https:\/\/www.europesays.com\/fr\/wp-json\/wp\/v2\/comments?post=193628"}],"version-history":[{"count":0,"href":"https:\/\/www.europesays.com\/fr\/wp-json\/wp\/v2\/posts\/193628\/revisions"}],"wp:featuredmedia":[{"embeddable":true,"href":"https:\/\/www.europesays.com\/fr\/wp-json\/wp\/v2\/media\/193629"}],"wp:attachment":[{"href":"https:\/\/www.europesays.com\/fr\/wp-json\/wp\/v2\/media?parent=193628"}],"wp:term":[{"taxonomy":"category","embeddable":true,"href":"https:\/\/www.europesays.com\/fr\/wp-json\/wp\/v2\/categories?post=193628"},{"taxonomy":"post_tag","embeddable":true,"href":"https:\/\/www.europesays.com\/fr\/wp-json\/wp\/v2\/tags?post=193628"}],"curies":[{"name":"wp","href":"https:\/\/api.w.org\/{rel}","templated":true}]}}