{"id":193632,"date":"2025-06-21T14:13:10","date_gmt":"2025-06-21T14:13:10","guid":{"rendered":"https:\/\/www.europesays.com\/fr\/193632\/"},"modified":"2025-06-21T14:13:10","modified_gmt":"2025-06-21T14:13:10","slug":"strasbourg-avec-la-septieme-edition-du-festival-entendez-voir-la-culture-accessible-a-tous","status":"publish","type":"post","link":"https:\/\/www.europesays.com\/fr\/193632\/","title":{"rendered":"Strasbourg. Avec la septi\u00e8me \u00e9dition du festival Entendez-Voir, la culture accessible \u00e0 tous"},"content":{"rendered":"<p class=\"insetTitle\">L\u2019\u00e9cole ISEGcom se mobilise pour la culture pour tous<\/p>\n<p>La place Kl\u00e9ber accueillera un bingo g\u00e9ant solidaire avec lots exclusifs \u00e0 la cl\u00e9 le vendredi 27\u00a0juin \u00e0 17\u200ah\u200a30 rassemblant pr\u00e8s de 300 joueurs. Cette initiative, port\u00e9e par des \u00e9l\u00e8ves de l\u2019ISEGcom, a pour objectif de r\u00e9colter des fonds au profit de Vue (d&rsquo;) Ensemble lors d\u2019un moment ludique mais \u00e9galement de sensibiliser au handicap et \u00e0 l\u2019inclusion avec une lecture d\u2019ouverture en braille.<\/p>\n<p>Le samedi 28\u00a0juin \u00e0 20\u200ah\u200a30, un d\u00e9fil\u00e9 de mode inclusif rendant hommage aux personnes atteintes de d\u00e9ficiences visuelles sera organis\u00e9 place Kl\u00e9ber. D\u00e9filant pour certains avec la canne blanche pour non voyant, ces mannequins (d\u00e9ficients visuels ou valides) venus de France et de l\u2019\u00e9tranger, seront aux c\u00f4t\u00e9s de cr\u00e9ateurs de renom issus de maisons de haute couture dans le but de montrer que la beaut\u00e9 n\u2019a pas de norme, et que la mode se doit d\u2019\u00eatre accessible \u00e0 tous.<br \/>Ce d\u00e9fil\u00e9 offrira un moment d\u2019\u00e9motion et d\u2019art gr\u00e2ce \u00e0 une performance musicale live assur\u00e9e par un violoniste et un violoncelliste de renomm\u00e9e internationale, connus notamment pour leur passage au d\u00e9fil\u00e9 Louis Vuitton sur le Pont Neuf \u00e0 Paris. Cette musique singuli\u00e8re mettra en avant les tenues des cr\u00e9ateurs de mode engag\u00e9s au niveau national, tous r\u00e9unis autour de valeurs fortes\u200a: inclusion, accessibilit\u00e9 et repr\u00e9sentation.<\/p>\n","protected":false},"excerpt":{"rendered":"L\u2019\u00e9cole ISEGcom se mobilise pour la culture pour tous La place Kl\u00e9ber accueillera un bingo g\u00e9ant solidaire avec&hellip;\n","protected":false},"author":2,"featured_media":193633,"comment_status":"","ping_status":"","sticky":false,"template":"","format":"standard","meta":{"footnotes":""},"categories":[2820],"tags":[1111,11,650,1687,2880,1777,674,107,1011,27,775,873,12,25,3140,640,2879],"class_list":{"0":"post-193632","1":"post","2":"type-post","3":"status-publish","4":"format-standard","5":"has-post-thumbnail","7":"category-strasbourg","8":"tag-actu","9":"tag-actualites","10":"tag-cinema","11":"tag-culture-loisirs","12":"tag-edition-strasbourg","13":"tag-eu","14":"tag-europe","15":"tag-fil-info","16":"tag-fr","17":"tag-france","18":"tag-grand-est","19":"tag-musique","20":"tag-news","21":"tag-republique-francaise","22":"tag-spectacle","23":"tag-strasbourg","24":"tag-strasbourg-ville"},"share_on_mastodon":{"url":"https:\/\/pubeurope.com\/@fr\/114721770926789063","error":""},"_links":{"self":[{"href":"https:\/\/www.europesays.com\/fr\/wp-json\/wp\/v2\/posts\/193632","targetHints":{"allow":["GET"]}}],"collection":[{"href":"https:\/\/www.europesays.com\/fr\/wp-json\/wp\/v2\/posts"}],"about":[{"href":"https:\/\/www.europesays.com\/fr\/wp-json\/wp\/v2\/types\/post"}],"author":[{"embeddable":true,"href":"https:\/\/www.europesays.com\/fr\/wp-json\/wp\/v2\/users\/2"}],"replies":[{"embeddable":true,"href":"https:\/\/www.europesays.com\/fr\/wp-json\/wp\/v2\/comments?post=193632"}],"version-history":[{"count":0,"href":"https:\/\/www.europesays.com\/fr\/wp-json\/wp\/v2\/posts\/193632\/revisions"}],"wp:featuredmedia":[{"embeddable":true,"href":"https:\/\/www.europesays.com\/fr\/wp-json\/wp\/v2\/media\/193633"}],"wp:attachment":[{"href":"https:\/\/www.europesays.com\/fr\/wp-json\/wp\/v2\/media?parent=193632"}],"wp:term":[{"taxonomy":"category","embeddable":true,"href":"https:\/\/www.europesays.com\/fr\/wp-json\/wp\/v2\/categories?post=193632"},{"taxonomy":"post_tag","embeddable":true,"href":"https:\/\/www.europesays.com\/fr\/wp-json\/wp\/v2\/tags?post=193632"}],"curies":[{"name":"wp","href":"https:\/\/api.w.org\/{rel}","templated":true}]}}