{"id":193640,"date":"2025-06-21T14:17:09","date_gmt":"2025-06-21T14:17:09","guid":{"rendered":"https:\/\/www.europesays.com\/fr\/193640\/"},"modified":"2025-06-21T14:17:09","modified_gmt":"2025-06-21T14:17:09","slug":"la-perspective-du-proces-en-appel-seloigne-un-peu-plus","status":"publish","type":"post","link":"https:\/\/www.europesays.com\/fr\/193640\/","title":{"rendered":"la perspective du proc\u00e8s en appel s&rsquo;\u00e9loigne un peu plus"},"content":{"rendered":"<p>            Par<br \/>\n        <strong><br \/>\n            <a href=\"https:\/\/actu.fr\/auteur\/redaction-nantes\" title=\"Consulter tous les articles de R\u00e9daction Nantes\" rel=\"nofollow noopener\" target=\"_blank\">R\u00e9daction Nantes<\/a><br \/>\n        <\/strong><\/p>\n<p>        Publi\u00e9 le<\/p>\n<p>            21 juin 2025 \u00e0 16h02        <\/p>\n<p>La <strong>cour d\u2019appel de Rennes<\/strong> a fait droit ce <strong>vendredi 20\u00a0juin 2025<\/strong> \u00e0 la demande de mise en libert\u00e9\u00a0de Mohamed Abassou, <a href=\"https:\/\/actu.fr\/pays-de-la-loire\/nantes_44109\/fusillade-du-moonlight-a-nantes-le-commanditaire-presume-crie-son-innocence_62421863.html\" rel=\"nofollow noopener\" target=\"_blank\">longtemps consid\u00e9r\u00e9 comme le commanditaire de la fusillade mortelle du Moonlight \u00e0 Nantes<\/a> (Loire-Atlantique), repoussant du m\u00eame coup l\u2019imminence de son proc\u00e8s en appel.<\/p>\n<p class=\" wall-content\">Pour rappel, la Juridiction interr\u00e9gionale sp\u00e9cialis\u00e9e (JIRS) de Rennes <a href=\"https:\/\/actu.fr\/pays-de-la-loire\/nantes_44109\/fusillade-du-moonlight-a-nantes-la-relaxe-pour-les-cinq-prevenus_62452814.html\" rel=\"nofollow noopener\" target=\"_blank\">avait relax\u00e9 le 1er\u00a0avril 2025 les cinq Nantais \u2013 dont un en fuite \u2013 qui avaient \u00e9t\u00e9 poursuivis pour \u00ab\u2009association de malfaiteurs\u2009\u00bb<\/a> apr\u00e8s\u00a0la fusillade du <a href=\"https:\/\/actu.fr\/pays-de-la-loire\/nantes_44109\/nantes-une-arme-ayant-servi-a-la-fusillade-du-moonlight-retrouvee-et-identifiee_61690880.html\" rel=\"nofollow noopener\" target=\"_blank\">bar \u00e0 chicha Le Moonlight<\/a> en 2019. Seuls deux avaient \u00e9t\u00e9 condamn\u00e9s pour des infractions relatives \u00e0 la l\u00e9gislation sur les stup\u00e9fiants.<\/p>\n<p class=\" wall-content\"><strong>Mohamed Abassou,<\/strong> longtemps consid\u00e9r\u00e9 comme le \u00ab\u2009commanditaire\u2009\u00bb de la fusillade, avait \u00e9t\u00e9 condamn\u00e9 pour ce seul chef \u00e0 deux ans de prison ferme et maintenu en d\u00e9tention, sur la foi des \u00e9l\u00e9ments de sonorisation de son appartement et de sa cellule de prison. Dans la foul\u00e9e du d\u00e9lib\u00e9r\u00e9, le parquet de Rennes avait fait appel.<\/p>\n<p class=\" wall-content\">Reste que ce <strong>vendredi 13\u00a0juin 2025,<\/strong> son avocat, <strong>Me Sami Khankan<\/strong>, avait form\u00e9 une nouvelle demande de mise en libert\u00e9 en amont du second proc\u00e8s.\u00a0Il avait invit\u00e9 par la m\u00eame occasion le parquet g\u00e9n\u00e9ral \u00e0 \u00ab\u2009\u00e9couter les sonorisations\u2009\u00bb prouvant \u00ab\u2009l\u2019innocence\u2009\u00bb de son client, et donc \u00e0 en tirer cons\u00e9quence en \u00ab\u2009se d\u00e9sistant\u2009\u00bb de son appel.<\/p>\n<p class=\" wall-content\">L\u2019enjeu n\u2019\u00e9tait pas neutre pour Mohamed Abassou, qui doit th\u00e9oriquement sortir de prison en 2032\u2009: il est toujours \u00ab\u2009maintenu \u00e0 l\u2019isolement\u2009\u00bb \u00e0 la prison de Rennes-Vezin \u00ab\u2009sur la base\u2009\u00bb de cette affaire toujours en cours.<\/p>\n<p>\u00ab\u2009Je comprends qu\u2019il veuille sortir par la grande porte\u2009\u00bb<\/p>\n<p class=\" wall-content\">S\u2019il n\u2019a pour l\u2019heure aucune chance de rejoindre <strong>Nancy<\/strong> (Meurthe-et-Moselle) \u2013 o\u00f9 \u00ab\u2009une cousine\u2009\u00bb s\u2019est pourtant propos\u00e9 de l\u2019h\u00e9berger \u2013 Mohamed Abassou se retrouve d\u00e9sormais en simple \u00ab\u2009ex\u00e9cution de peine\u2009\u00bb, un statut carc\u00e9ral plus favorable s\u2019il veut pr\u00e9tendre \u00e0 un \u00ab\u2009transfert\u2009\u00bb dans un autre lieu de d\u00e9tention avec des conditions \u00ab\u2009plus favorables\u2009\u00bb.<\/p>\n<p class=\" wall-content\">Et, si sa mise \u00e0 l\u2019isolement est lev\u00e9e, alors l\u2019acc\u00e8s aux activit\u00e9s en d\u00e9tention lui sera\u00a0d\u00e9sormais \u00ab\u2009facilit\u00e9\u2009\u00bb, avait expliqu\u00e9 son avocat. Il\u00a0pourrait aussi <strong>pr\u00e9tendre \u00e0 des Unit\u00e9s de vie familiale (UVF)<\/strong> et\u00a0ainsi\u00a0voir sa femme et ses deux enfants, dont le premier \u00e9tait nourrisson au moment de son interpellation dans cette affaire en septembre\u00a02019.<\/p>\n<p class=\" wall-content\">\u00ab<strong>\u2009J\u2019ai toujours dit que j\u2019\u00e9tais innocent<\/strong>\u2009\u00bb, avait donc encore une fois r\u00e9p\u00e9t\u00e9 le principal concern\u00e9, longtemps accus\u00e9 d\u2019avoir \u00ab\u2009tu\u00e9 un homme\u2009\u00bb. Mais \u00ab\u2009une fois qu\u2019il sort, qu\u2019est-ce qu\u2019il fait\u2009?\u2009\u00bb, s\u2019\u00e9tait pour sa part interrog\u00e9e l\u2019avocate g\u00e9n\u00e9rale, d\u00e9plorant l\u2019absence de \u00ab\u2009garanties de repr\u00e9sentation\u2009\u00bb de <a href=\"https:\/\/actu.fr\/bretagne\/saint-malo_35288\/fusillade-du-moonlight-a-nantes-le-principal-suspect-condamne-pour-outrage-a-saint-malo_55946417.html\" rel=\"nofollow noopener\" target=\"_blank\">ce Nantais bien connu de la justice.<\/a><\/p>\n<p class=\" wall-content\">\u00ab\u2009Je comprends humainement qu\u2019il veuille sortir par la grande porte, mais il lui appartient d\u2019ex\u00e9cuter ses peines et de ne pas se positionner en victime en disant que tous ses\u00a0malheurs\u00a0judiciaires\u00a0sont dus \u00e0 la\u00a0justice\u2009\u00bb, avait aussi grinc\u00e9 la magistrate.<\/p>\n<p class=\" wall-content\">\u00ab\u2009Aujourd\u2019hui, ce que je vous demande, c\u2019est m\u00eame pas la libert\u00e9, c\u2019est juste de me r\u00e9ins\u00e9rer\u2009\u00bb, avait r\u00e9pondu Mohamed Abassou \u00e0 l\u2019issue de l\u2019audience. <strong>Ce vendredi 20\u00a0juin 2025<\/strong>, la cour d\u2019appel de Rennes l\u2019a donc suivi, faisant ainsi s\u2019\u00e9loigner, par la m\u00eame occasion, la perspective d\u2019un audiencement rapide de son proc\u00e8s en appel. Cette affaire n\u2019est en effet plus prioritaire pour la justice puisqu\u2019elle ne comporte <strong>plus aucun d\u00e9tenu.<\/strong><\/p>\n<p class=\" wall-content\"><strong>CB (PressPepper)<\/strong><\/p>\n<p class=\" wall-content\">Suivez toute l\u2019actualit\u00e9 de vos villes et m\u00e9dias favoris en vous inscrivant \u00e0 <a href=\"https:\/\/moncompte.actu.fr\" title=\"D\u00e9couvez Mon Actu\" rel=\"nofollow noopener\" data-trk=\"{&quot;cta&quot;:{&quot;action&quot;:&quot;https:\\\/\\\/moncompte.actu.fr&quot;,&quot;category&quot;:&quot;mon compte&quot;,&quot;from&quot;:&quot;article footer&quot;,&quot;name&quot;:&quot;Mon actu&quot;,&quot;type&quot;:&quot;cta&quot;}}\" target=\"_blank\">Mon Actu<\/a>.<\/p>\n","protected":false},"excerpt":{"rendered":"Par R\u00e9daction Nantes Publi\u00e9 le 21 juin 2025 \u00e0 16h02 La cour d\u2019appel de Rennes a fait droit&hellip;\n","protected":false},"author":2,"featured_media":193641,"comment_status":"","ping_status":"","sticky":false,"template":"","format":"standard","meta":{"footnotes":""},"categories":[2818],"tags":[1111,11,1777,674,118,1011,27,303,766,12,2636,25],"class_list":{"0":"post-193640","1":"post","2":"type-post","3":"status-publish","4":"format-standard","5":"has-post-thumbnail","7":"category-nantes","8":"tag-actu","9":"tag-actualites","10":"tag-eu","11":"tag-europe","12":"tag-faits-divers","13":"tag-fr","14":"tag-france","15":"tag-justice","16":"tag-nantes","17":"tag-news","18":"tag-pays-de-la-loire","19":"tag-republique-francaise"},"share_on_mastodon":{"url":"https:\/\/pubeurope.com\/@fr\/114721786715388873","error":""},"_links":{"self":[{"href":"https:\/\/www.europesays.com\/fr\/wp-json\/wp\/v2\/posts\/193640","targetHints":{"allow":["GET"]}}],"collection":[{"href":"https:\/\/www.europesays.com\/fr\/wp-json\/wp\/v2\/posts"}],"about":[{"href":"https:\/\/www.europesays.com\/fr\/wp-json\/wp\/v2\/types\/post"}],"author":[{"embeddable":true,"href":"https:\/\/www.europesays.com\/fr\/wp-json\/wp\/v2\/users\/2"}],"replies":[{"embeddable":true,"href":"https:\/\/www.europesays.com\/fr\/wp-json\/wp\/v2\/comments?post=193640"}],"version-history":[{"count":0,"href":"https:\/\/www.europesays.com\/fr\/wp-json\/wp\/v2\/posts\/193640\/revisions"}],"wp:featuredmedia":[{"embeddable":true,"href":"https:\/\/www.europesays.com\/fr\/wp-json\/wp\/v2\/media\/193641"}],"wp:attachment":[{"href":"https:\/\/www.europesays.com\/fr\/wp-json\/wp\/v2\/media?parent=193640"}],"wp:term":[{"taxonomy":"category","embeddable":true,"href":"https:\/\/www.europesays.com\/fr\/wp-json\/wp\/v2\/categories?post=193640"},{"taxonomy":"post_tag","embeddable":true,"href":"https:\/\/www.europesays.com\/fr\/wp-json\/wp\/v2\/tags?post=193640"}],"curies":[{"name":"wp","href":"https:\/\/api.w.org\/{rel}","templated":true}]}}