{"id":193650,"date":"2025-06-21T14:22:10","date_gmt":"2025-06-21T14:22:10","guid":{"rendered":"https:\/\/www.europesays.com\/fr\/193650\/"},"modified":"2025-06-21T14:22:10","modified_gmt":"2025-06-21T14:22:10","slug":"pres-de-toulouse-un-adolescent-de-15-ans-victime-dune-agression-antisemite-a-colomiers","status":"publish","type":"post","link":"https:\/\/www.europesays.com\/fr\/193650\/","title":{"rendered":"Pr\u00e8s de Toulouse. Un adolescent de 15 ans victime d&rsquo;une agression antis\u00e9mite \u00e0 Colomiers"},"content":{"rendered":"<p>            Par<br \/>\n        <strong><br \/>\n            <a href=\"https:\/\/actu.fr\/auteur\/gabriel-kenedi\" title=\"Consulter tous les articles de Gabriel Kenedi\" rel=\"nofollow noopener\" target=\"_blank\">Gabriel Kenedi<\/a><br \/>\n        <\/strong><\/p>\n<p>        Publi\u00e9 le<\/p>\n<p>            21 juin 2025 \u00e0 15h51        <\/p>\n<p>Un adolescent \u00e2g\u00e9 de 15 ans aurait \u00e9t\u00e9 victime d\u2019une <strong>agression antis\u00e9mite<\/strong> \u00e0 Colomiers (Haute-Garonne), <a href=\"https:\/\/actu.fr\/toulouse\/\" rel=\"nofollow noopener\" target=\"_blank\">pr\u00e8s de Toulouse<\/a>. Les faits se sont produits jeudi 19 juin 2025, selon une information de la radio <a href=\"https:\/\/www.europe1.fr\/faits-divers\/info-europe-1-agression-antisemite-a-paris-un-adolescent-humilie-sous-la-menace-dun-couteau-une-personne-en-garde-a-vue-760374\" rel=\"nofollow noopener\" target=\"_blank\">Europe 1<\/a>, qu\u2019Actu Toulouse a pu confirmer.\u00a0<\/p>\n<p>Enferm\u00e9 dans une cave et insult\u00e9 de \u00ab\u00a0sale juif\u00a0\u00bb<\/p>\n<p class=\" wall-content\">Ce jour-l\u00e0, le jeune homme aurait \u00e9t\u00e9 victime <strong>d\u2019un guet-apens<\/strong> par plusieurs autres adolescents. Le gar\u00e7on de 15 ans s\u2019\u00e9tait rendu \u00e0 un rendez-vous fix\u00e9 sur les r\u00e9seaux sociaux avec une jeune fille. D\u2019apr\u00e8s nos confr\u00e8res, il aurait ensuite \u00e9t\u00e9 <strong>enferm\u00e9 dans une cave<\/strong>, menac\u00e9 d\u2019un couteau et forc\u00e9 d\u2019enlever son t-shirt, tout en \u00e9tat insult\u00e9 de<strong> \u00ab\u00a0sale juif\u00a0\u00bb<\/strong>. La sc\u00e8ne aurait \u00e9t\u00e9 film\u00e9e et <strong>diffus\u00e9e sur les r\u00e9seaux sociaux<\/strong>.\u00a0<\/p>\n<p class=\" wall-content\">Ce sont d\u2019ailleurs les identifiants <strong>TikTok<\/strong> des possibles agresseurs qui auraient permis de remonter la trace de l\u2019auteur de la vid\u00e9o.<\/p>\n<p>Un mineur interpell\u00e9, enqu\u00eate en cours\u00a0<\/p>\n<p class=\" wall-content\">La victime a port\u00e9 plainte tandis <strong>qu\u2019un mineur a \u00e9t\u00e9 interpell\u00e9<\/strong> et plac\u00e9 en garde \u00e0 vue. Contact\u00e9e par Actu.fr, une source proche du dossier confirme qu\u2019<strong>\u00ab\u00a0une enqu\u00eate est en cours\u00a0\u00bb<\/strong> mais se refuse \u00e0 faire de plus amples commentaires \u00e0 ce stade.\u00a0<\/p>\n<p class=\" wall-content\">Selon Europe 1, la victime ne serait <strong>pas de confession juive<\/strong> mais scolaris\u00e9e dans un lyc\u00e9e professionnel priv\u00e9 juda\u00efque, sous contrat avec l\u2019\u00e9tat. \u00a0<\/p>\n<p class=\" wall-content\">L\u2019enqu\u00eate se poursuit.\u00a0<\/p>\n<p>Vid\u00e9os : en ce moment sur Actu<\/p>\n<p class=\" wall-content\">Suivez toute l\u2019actualit\u00e9 de vos villes et m\u00e9dias favoris en vous inscrivant \u00e0 <a href=\"https:\/\/moncompte.actu.fr\" title=\"D\u00e9couvez Mon Actu\" rel=\"nofollow noopener\" data-trk=\"{&quot;cta&quot;:{&quot;action&quot;:&quot;https:\\\/\\\/moncompte.actu.fr&quot;,&quot;category&quot;:&quot;mon compte&quot;,&quot;from&quot;:&quot;article footer&quot;,&quot;name&quot;:&quot;Mon actu&quot;,&quot;type&quot;:&quot;cta&quot;}}\" target=\"_blank\">Mon Actu<\/a>.<\/p>\n","protected":false},"excerpt":{"rendered":"Par Gabriel Kenedi Publi\u00e9 le 21 juin 2025 \u00e0 15h51 Un adolescent \u00e2g\u00e9 de 15 ans aurait \u00e9t\u00e9&hellip;\n","protected":false},"author":2,"featured_media":193651,"comment_status":"","ping_status":"","sticky":false,"template":"","format":"standard","meta":{"footnotes":""},"categories":[2816],"tags":[1111,11,6155,1777,674,118,1011,27,12,2680,1072,25,2312],"class_list":{"0":"post-193650","1":"post","2":"type-post","3":"status-publish","4":"format-standard","5":"has-post-thumbnail","7":"category-toulouse","8":"tag-actu","9":"tag-actualites","10":"tag-antisemitisme","11":"tag-eu","12":"tag-europe","13":"tag-faits-divers","14":"tag-fr","15":"tag-france","16":"tag-news","17":"tag-occitanie","18":"tag-police","19":"tag-republique-francaise","20":"tag-toulouse"},"share_on_mastodon":{"url":"https:\/\/pubeurope.com\/@fr\/114721806295718259","error":""},"_links":{"self":[{"href":"https:\/\/www.europesays.com\/fr\/wp-json\/wp\/v2\/posts\/193650","targetHints":{"allow":["GET"]}}],"collection":[{"href":"https:\/\/www.europesays.com\/fr\/wp-json\/wp\/v2\/posts"}],"about":[{"href":"https:\/\/www.europesays.com\/fr\/wp-json\/wp\/v2\/types\/post"}],"author":[{"embeddable":true,"href":"https:\/\/www.europesays.com\/fr\/wp-json\/wp\/v2\/users\/2"}],"replies":[{"embeddable":true,"href":"https:\/\/www.europesays.com\/fr\/wp-json\/wp\/v2\/comments?post=193650"}],"version-history":[{"count":0,"href":"https:\/\/www.europesays.com\/fr\/wp-json\/wp\/v2\/posts\/193650\/revisions"}],"wp:featuredmedia":[{"embeddable":true,"href":"https:\/\/www.europesays.com\/fr\/wp-json\/wp\/v2\/media\/193651"}],"wp:attachment":[{"href":"https:\/\/www.europesays.com\/fr\/wp-json\/wp\/v2\/media?parent=193650"}],"wp:term":[{"taxonomy":"category","embeddable":true,"href":"https:\/\/www.europesays.com\/fr\/wp-json\/wp\/v2\/categories?post=193650"},{"taxonomy":"post_tag","embeddable":true,"href":"https:\/\/www.europesays.com\/fr\/wp-json\/wp\/v2\/tags?post=193650"}],"curies":[{"name":"wp","href":"https:\/\/api.w.org\/{rel}","templated":true}]}}