{"id":193652,"date":"2025-06-21T14:29:12","date_gmt":"2025-06-21T14:29:12","guid":{"rendered":"https:\/\/www.europesays.com\/fr\/193652\/"},"modified":"2025-06-21T14:29:12","modified_gmt":"2025-06-21T14:29:12","slug":"un-homme-qui-assistait-a-des-viols-denfants-en-ligne-depuis-la-colombie-mis-en-examen-et-ecroue-2","status":"publish","type":"post","link":"https:\/\/www.europesays.com\/fr\/193652\/","title":{"rendered":"Un homme qui assistait \u00e0 des viols d\u2019enfants en ligne depuis la Colombie mis en examen et \u00e9crou\u00e9"},"content":{"rendered":"<p><strong>horreur &#8211; L\u2019homme serait un garagiste vivant dans la r\u00e9gion lilloise, qui aurait command\u00e9, pendant quatre ans, entre 500 et 600 viols d\u2019enfants et d\u2019adolescents, des filles et des gar\u00e7ons, \u00e0 une famille colombienne<\/strong><\/p>\n<p>Un homme de 55 ans a \u00e9t\u00e9 mis en examen et plac\u00e9 en d\u00e9tention provisoire pour avoir vers\u00e9 plus de 30.000 euros afin d\u2019assister \u00e0 des <a href=\"https:\/\/www.20minutes.fr\/justice\/4136847-20250223-proces-scouarnec-abjecte-plongee-carnets-secrets-chirurgien-accuse-299-viols-agressions-sexuelles?at_medium=RSS%20feed&amp;at_campaign=ynews&amp;utm_source=yahoo&amp;utm_medium=rss&amp;utm_campaign=news_feed&amp;utm_content=in_article_link\" rel=\"nofollow noopener\" target=\"_blank\" data-ylk=\"slk:viols d\u2019enfants;elm:context_link;itc:0;sec:content-canvas\" class=\"link \">viols d\u2019enfants<\/a> en direct en ligne depuis la <a href=\"https:\/\/www.20minutes.fr\/monde\/colombie\/?at_medium=RSS%20feed&amp;at_campaign=ynews&amp;utm_source=yahoo&amp;utm_medium=rss&amp;utm_campaign=news_feed&amp;utm_content=in_article_link\" rel=\"nofollow noopener\" target=\"_blank\" data-ylk=\"slk:Colombie;elm:context_link;itc:0;sec:content-canvas\" class=\"link \">Colombie<\/a>, a annonc\u00e9 samedi la procureure de Paris Laure Beccuau.<\/p>\n<p>Selon une source proche du dossier, confirmant une information <a href=\"https:\/\/www.francebleu.fr\/infos\/faits-divers-justice\/pedocriminalite-arrete-pres-de-lille-un-homme-mis-en-examen-pour-avoir-achete-des-viols-d-enfants-en-ligne-3856100?at_medium=RSS%20feed&amp;at_campaign=ynews&amp;utm_source=yahoo&amp;utm_medium=rss&amp;utm_campaign=news_feed&amp;utm_content=in_article_link\" rel=\"nofollow noopener\" target=\"_blank\" data-ylk=\"slk:de la radio Ici;elm:context_link;itc:0;sec:content-canvas\" class=\"link \">de la radio Ici<\/a>, l\u2019homme est un garagiste vivant dans la <a href=\"https:\/\/www.20minutes.fr\/lille\/?at_medium=RSS%20feed&amp;at_campaign=ynews&amp;utm_source=yahoo&amp;utm_medium=rss&amp;utm_campaign=news_feed&amp;utm_content=in_article_link\" rel=\"nofollow noopener\" target=\"_blank\" data-ylk=\"slk:r\u00e9gion lilloise;elm:context_link;itc:0;sec:content-canvas\" class=\"link \">r\u00e9gion lilloise<\/a>. Il est soup\u00e7onn\u00e9 d\u2019avoir command\u00e9, pendant quatre ans, entre 500 \u00e0 600 viols d\u2019enfants et d\u2019adolescents, des filles et des gar\u00e7ons, \u00e0 une famille colombienne, a pr\u00e9cis\u00e9 la source proche.<\/p>\n<p>Recours \u00e0 des cr\u00e9dits \u00e0 la consommation<\/p>\n<p>Les investigations ont r\u00e9v\u00e9l\u00e9 que le suspect effectuait des virements \u00ab \u00e0 destination de quelques personnes en Colombie, pour plus de 30.000 euros, en \u00e9change notamment d\u2019images \u00e0 caract\u00e8re sexuel de jeunes enfants \u00bb, selon la procureure. Il avait recours \u00e0 des cr\u00e9dits \u00e0 la consommation pour financer ces viols en livestreaming, selon la source proche.<\/p>\n<p>Le suspect a \u00e9t\u00e9 mis en examen vendredi pour \u00ab complicit\u00e9 de traite des \u00eatres humains \u00e0 l\u2019\u00e9gard de mineurs victimes de viol de 15 ans, de viols et d\u2019agressions sexuelles sur mineurs, notamment incestueux, et d\u2019instigation \u00e0 ce qu\u2019il en soit commis d\u2019autres sans que cela ait \u00e9t\u00e9 suivi d\u2019effet, ainsi que d\u2019acquisition, d\u00e9tention et consultation habituelle d\u2019images de mineur pr\u00e9sentant un caract\u00e8re pornographique \u00bb, a d\u00e9taill\u00e9 Laure Beccuau. Il a \u00e9t\u00e9 plac\u00e9 en d\u00e9tention provisoire.<\/p>\n<p>Signalement d\u2019un service sp\u00e9cialis\u00e9 am\u00e9ricain<\/p>\n<p>L\u2019enqu\u00eate a(&#8230;)<\/p>\n<p><a href=\"https:\/\/www.20minutes.fr\/societe\/4159734-20250621-lille-homme-assistait-viols-enfants-ligne-depuis-colombie-mis-examen-ecroue?at_medium=RSS%20feed&amp;at_campaign=ynews&amp;utm_source=yahoo&amp;utm_medium=rss&amp;utm_campaign=news_feed&amp;utm_content=read_more_link\" rel=\"nofollow noopener\" target=\"_blank\" data-ylk=\"slk:Lire la suite sur 20minutes;elm:context_link;itc:0;sec:content-canvas\" class=\"link \">Lire la suite sur 20minutes<\/a><\/p>\n<p>\u00c0 lire aussi :<br \/><a href=\"https:\/\/www.20minutes.fr\/faits_divers\/4116938-20241022-dijon-payait-assister-viols-ligne-septuagenaire-mis-examen?at_medium=RSS%20feed&amp;at_campaign=ynews&amp;utm_source=yahoo&amp;utm_medium=rss&amp;utm_campaign=news_feed&amp;utm_content=related_content_link\" rel=\"nofollow noopener\" target=\"_blank\" data-ylk=\"slk:Dijon : Il payait pour assister \u00e0 des viols en ligne, un septuag\u00e9naire mis en examen;elm:context_link;itc:0;sec:content-canvas\" class=\"link \">Dijon : Il payait pour assister \u00e0 des viols en ligne, un septuag\u00e9naire mis en examen<\/a><br \/><a href=\"https:\/\/www.20minutes.fr\/faits_divers\/4154851-20250522-pedocriminalite-pretre-professeur-pere-famille-55-hommes-profil-dangereux-interpelles-france?at_medium=RSS%20feed&amp;at_campaign=ynews&amp;utm_source=yahoo&amp;utm_medium=rss&amp;utm_campaign=news_feed&amp;utm_content=related_content_link\" rel=\"nofollow noopener\" target=\"_blank\" data-ylk=\"slk:P\u00e9docriminalit\u00e9 : Pr\u00eatre, professeur, p\u00e8re de famille\u2026 55 hommes \u00ab au profil dangereux \u00bb interpell\u00e9s en France;elm:context_link;itc:0;sec:content-canvas\" class=\"link \">P\u00e9docriminalit\u00e9 : Pr\u00eatre, professeur, p\u00e8re de famille\u2026 55 hommes \u00ab au profil dangereux \u00bb interpell\u00e9s en France<\/a><\/p>\n","protected":false},"excerpt":{"rendered":"horreur &#8211; L\u2019homme serait un garagiste vivant dans la r\u00e9gion lilloise, qui aurait command\u00e9, pendant quatre ans, entre&hellip;\n","protected":false},"author":2,"featured_media":193653,"comment_status":"","ping_status":"","sticky":false,"template":"","format":"standard","meta":{"footnotes":""},"categories":[2815],"tags":[1111,11,33236,33237,5816,1777,674,1011,27,811,33238,1307,12,25,14122],"class_list":{"0":"post-193652","1":"post","2":"type-post","3":"status-publish","4":"format-standard","5":"has-post-thumbnail","7":"category-lille","8":"tag-actu","9":"tag-actualites","10":"tag-credits-a-la-consommation","11":"tag-denfants","12":"tag-detention-provisoire","13":"tag-eu","14":"tag-europe","15":"tag-fr","16":"tag-france","17":"tag-hauts-de-france","18":"tag-laure-beccuau","19":"tag-lille","20":"tag-news","21":"tag-republique-francaise","22":"tag-viols"},"share_on_mastodon":{"url":"https:\/\/pubeurope.com\/@fr\/114721833824041649","error":""},"_links":{"self":[{"href":"https:\/\/www.europesays.com\/fr\/wp-json\/wp\/v2\/posts\/193652","targetHints":{"allow":["GET"]}}],"collection":[{"href":"https:\/\/www.europesays.com\/fr\/wp-json\/wp\/v2\/posts"}],"about":[{"href":"https:\/\/www.europesays.com\/fr\/wp-json\/wp\/v2\/types\/post"}],"author":[{"embeddable":true,"href":"https:\/\/www.europesays.com\/fr\/wp-json\/wp\/v2\/users\/2"}],"replies":[{"embeddable":true,"href":"https:\/\/www.europesays.com\/fr\/wp-json\/wp\/v2\/comments?post=193652"}],"version-history":[{"count":0,"href":"https:\/\/www.europesays.com\/fr\/wp-json\/wp\/v2\/posts\/193652\/revisions"}],"wp:featuredmedia":[{"embeddable":true,"href":"https:\/\/www.europesays.com\/fr\/wp-json\/wp\/v2\/media\/193653"}],"wp:attachment":[{"href":"https:\/\/www.europesays.com\/fr\/wp-json\/wp\/v2\/media?parent=193652"}],"wp:term":[{"taxonomy":"category","embeddable":true,"href":"https:\/\/www.europesays.com\/fr\/wp-json\/wp\/v2\/categories?post=193652"},{"taxonomy":"post_tag","embeddable":true,"href":"https:\/\/www.europesays.com\/fr\/wp-json\/wp\/v2\/tags?post=193652"}],"curies":[{"name":"wp","href":"https:\/\/api.w.org\/{rel}","templated":true}]}}