{"id":193659,"date":"2025-06-21T14:33:22","date_gmt":"2025-06-21T14:33:22","guid":{"rendered":"https:\/\/www.europesays.com\/fr\/193659\/"},"modified":"2025-06-21T14:33:22","modified_gmt":"2025-06-21T14:33:22","slug":"un-petit-bbq-africain-qui-fait-un-effet-boeuf","status":"publish","type":"post","link":"https:\/\/www.europesays.com\/fr\/193659\/","title":{"rendered":"un petit BBQ africain qui fait un effet b\u0153uf\u00a0!"},"content":{"rendered":"<p>\u00ab\u00a0Et dire que tout a commenc\u00e9 par une souris\u00a0!\u00a0\u00bb, disait Walt Disney. La belle histoire du restaurant \u00ab\u00a0Coup\u00e9s Coup\u00e9s\u00a0\u00bb, ouvert en d\u00e9cembre\u00a02023 sur le quai Pierre-Scize et partie pour devenir une success-story, elle a commenc\u00e9 par un\u2026 bidon, transform\u00e9 en barbecue. Et de morceaux de b\u0153uf d\u00e9coup\u00e9s, cuits au fumoir, qui ont fait fureur sur les r\u00e9seaux sociaux, d\u2019abord aupr\u00e8s de la communaut\u00e9 africaine de France, nostalgique de cette sp\u00e9cialit\u00e9 street food qu\u2019on trouve partout dans les rues du Gabon.<\/p>\n<p>  \u00ab\u00a0Tout le monde en a r\u00e9clam\u00e9\u00a0\u00bb<\/p>\n<p>\u00ab\u00a0C\u2019\u00e9tait en 2020, \u00e0 la maison\u00a0\u00bb, se souvient le chef, Christian Aperano, 37 ans (ing\u00e9nieur son \u00e0 la ville qui s\u2019occupe de nombreux artistes dont le chanteur Singuila et a lui-m\u00eame fait l\u2019Olympia sous le nom de sc\u00e8ne d\u2019Apollon), rejoint depuis par son \u00ab\u00a0petit\u00a0\u00bb fr\u00e8re St\u00e9phane, 32 ans, ing\u00e9nieur en robotique. \u00ab\u00a0Tout le monde en a r\u00e9clam\u00e9, on a commenc\u00e9 par en faire le dimanche, \u00e0 en faire toujours plus, en livrer dans les grandes villes de France, a faire des \u00e9v\u00e9nements\u2026\u00a0\u00bb.<\/p>\n<p>\u00a0<\/p>\n<p>Ils enflamment le Lyon street food festival (avec leur barbecue g\u00e9ant et le salage qu\u2019ils effectuent au\u2026 balais-serpillli\u00e8re\u00a0!), <a href=\"https:\/\/www.leprogres.fr\/magazine-cuisine-et-vins\/2025\/01\/29\/une-frequentation-en-hausse-de-25-l-edition-de-tous-les-records-pour-le-sirha-2025\" target=\"_blank\" rel=\"nofollow noopener\">le Sirha<\/a> , rejoignent <a href=\"https:\/\/www.leprogres.fr\/societe\/2025\/01\/21\/le-pierre-scize-fait-son-entree-dans-le-guide-michelin-le-plus-dur-reste-a-faire\" target=\"_blank\" rel=\"nofollow noopener\">les maraudes du chef\u00a0Christophe Geoffroy<\/a> \u2026 et finissent par installer leur restaurant \u00e0 la place du sien, l\u2019ex \u00ab\u00a0Pierre-Scize\u00a0\u00bb.<\/p>\n<p>Ce contenu est bloqu\u00e9 car vous n&rsquo;avez pas accept\u00e9 les cookies et autres traceurs.<\/p>\n<p>En cliquant sur \u00ab J\u2019accepte \u00bb, les cookies et autres traceurs seront d\u00e9pos\u00e9s et vous pourrez visualiser les contenus  (<a href=\"\" class=\"consentModule_policy\" target=\"_blank\" title=\"Consulter la politique de protection des donn\u00e9es du fournisseur\">plus d&rsquo;informations<\/a>).<\/p>\n<p>En cliquant sur \u00ab J\u2019accepte tous les cookies \u00bb, vous autorisez des d\u00e9p\u00f4ts de cookies et autres traceurs pour le stockage de vos donn\u00e9es sur nos sites et applications \u00e0 des fins de personnalisation et de ciblage publicitaire.<\/p>\n<p class=\"consentModule_secondaryText\">Vous gardez la possibilit\u00e9 de retirer votre consentement \u00e0 tout moment en consultant notre <a href=\"https:\/\/www.leprogres.fr\/protection-des-donnees\" target=\"_blank\" title=\"Consulter notre politique de protection des donn\u00e9es\" rel=\"nofollow noopener\">politique de protection des donn\u00e9es<\/a>. <br \/>&#13;<br \/>\n            <a href=\"https:\/\/www.leprogres.fr\/magazine-cuisine-et-vins\/2025\/06\/21\/javascript:Didomi.notice.show()\" class=\"consentModule_cmp\" rel=\"nofollow noopener\" target=\"_blank\">G\u00e9rer mes choix<\/a>&#13;\n        <\/p>\n<p>&#13;<br \/>\n                        J&rsquo;accepte&#13;<br \/>\n            J&rsquo;accepte tous les cookies&#13;\n        <\/p>\n<p>  D\u00e9paysement garanti<\/p>\n<p>Le d\u00e9paysement est garanti. Au menu\u00a0: de la viande savoureuse, fum\u00e9e et brais\u00e9e, d\u00e9clin\u00e9e en \u00ab\u00a0coup\u00e9s coup\u00e9s\u00a0\u00bb, en \u00ab\u00a0nikes\u00a0\u00bb (brochettes d\u2019ailes de poulets), cotis de porcs, ribs, planche royale (mix) ou tomahawk (c\u00f4te de b\u0153uf g\u00e9ante). Le tout servi avec des sauces maison et, pour les plus curieux, de manioc, de frites de bananes\u2026 A manger avec les doigts sans complexes.<\/p>\n<p>La demande n\u2019ayant pas faibli, les fr\u00e8res Aperano ont cr\u00e9\u00e9 leur propre ligne de \u00ab\u00a0coup\u00e9s-coup\u00e9s\u00a0\u00bb surgel\u00e9s, qui sont command\u00e9s depuis toute l\u2019Europe (!) et vont ouvrir un autre restaurant \u00e0 Paris et des franchises.<\/p>\n<p class=\"note\">\u00ab\u00a0Coup\u00e9s Coup\u00e9s (smoke &amp; grill)\u00a0\u00bb 12 quai Pierre-Scize (Lyon 9e) Site\u00a0: <a href=\"https:\/\/coupe-coupes-lyon.fr\" target=\"_blank\" rel=\"nofollow noopener\">https:\/\/coupe-coupes-lyon.fr<\/a> \/Ouvert du mercredi au dimanche de midi \u00e0 15\u00a0h et de 19\u00a0h \u00e0 23\u00a0h. Tarifs\u00a0: plat \u00e0 partir de 15\u00a0\u20ac. Ils seront pr\u00e9sents au Lyon street food la semaine prochaine<\/p>\n","protected":false},"excerpt":{"rendered":"\u00ab\u00a0Et dire que tout a commenc\u00e9 par une souris\u00a0!\u00a0\u00bb, disait Walt Disney. La belle histoire du restaurant \u00ab\u00a0Coup\u00e9s&hellip;\n","protected":false},"author":2,"featured_media":193660,"comment_status":"","ping_status":"","sticky":false,"template":"","format":"standard","meta":{"footnotes":""},"categories":[1889],"tags":[1111,11,2430,1687,2757,1777,674,1011,27,2428,2756,6016,12,25,2429],"class_list":{"0":"post-193659","1":"post","2":"type-post","3":"status-publish","4":"format-standard","5":"has-post-thumbnail","7":"category-lyon","8":"tag-actu","9":"tag-actualites","10":"tag-auvergne-rhone-alpes","11":"tag-culture-loisirs","12":"tag-edition-lyon-villeurbanne","13":"tag-eu","14":"tag-europe","15":"tag-fr","16":"tag-france","17":"tag-lyon","18":"tag-lyon-bassin","19":"tag-magazine-cuisine-et-vins","20":"tag-news","21":"tag-republique-francaise","22":"tag-rhone"},"share_on_mastodon":{"url":"https:\/\/pubeurope.com\/@fr\/114721849612669176","error":""},"_links":{"self":[{"href":"https:\/\/www.europesays.com\/fr\/wp-json\/wp\/v2\/posts\/193659","targetHints":{"allow":["GET"]}}],"collection":[{"href":"https:\/\/www.europesays.com\/fr\/wp-json\/wp\/v2\/posts"}],"about":[{"href":"https:\/\/www.europesays.com\/fr\/wp-json\/wp\/v2\/types\/post"}],"author":[{"embeddable":true,"href":"https:\/\/www.europesays.com\/fr\/wp-json\/wp\/v2\/users\/2"}],"replies":[{"embeddable":true,"href":"https:\/\/www.europesays.com\/fr\/wp-json\/wp\/v2\/comments?post=193659"}],"version-history":[{"count":0,"href":"https:\/\/www.europesays.com\/fr\/wp-json\/wp\/v2\/posts\/193659\/revisions"}],"wp:featuredmedia":[{"embeddable":true,"href":"https:\/\/www.europesays.com\/fr\/wp-json\/wp\/v2\/media\/193660"}],"wp:attachment":[{"href":"https:\/\/www.europesays.com\/fr\/wp-json\/wp\/v2\/media?parent=193659"}],"wp:term":[{"taxonomy":"category","embeddable":true,"href":"https:\/\/www.europesays.com\/fr\/wp-json\/wp\/v2\/categories?post=193659"},{"taxonomy":"post_tag","embeddable":true,"href":"https:\/\/www.europesays.com\/fr\/wp-json\/wp\/v2\/tags?post=193659"}],"curies":[{"name":"wp","href":"https:\/\/api.w.org\/{rel}","templated":true}]}}