{"id":193661,"date":"2025-06-21T14:34:10","date_gmt":"2025-06-21T14:34:10","guid":{"rendered":"https:\/\/www.europesays.com\/fr\/193661\/"},"modified":"2025-06-21T14:34:10","modified_gmt":"2025-06-21T14:34:10","slug":"6e-edition-de-lete-culturel-en-ile-de-france-du-21-juin-au-30-septembre-2025","status":"publish","type":"post","link":"https:\/\/www.europesays.com\/fr\/193661\/","title":{"rendered":"6e \u00e9dition de l&rsquo;\u00c9t\u00e9 culturel en \u00cele-de-France du 21 juin au 30 septembre 2025"},"content":{"rendered":"<p><img loading=\"lazy\" decoding=\"async\" class=\"aligncenter wp-image-74585\" src=\"https:\/\/www.europesays.com\/fr\/wp-content\/uploads\/2025\/06\/Ete-culturel-2025-en-Ile-de-France_Ministere-de-la-Culture_.webp.webp\" alt=\"6e \u00e9dition de l'\u00c9t\u00e9 culturel en \u00cele-de-France du 21 juin au 30 septembre 2025\" width=\"800\" height=\"450\"\/><\/p>\n<p class=\"p1\"><strong>L\u2019<a href=\"https:\/\/www.culture.gouv.fr\/fr\/evenements-nationaux\/ete-culturel\" target=\"_blank\" rel=\"noopener\">\u00c9t\u00e9 culturel<\/a> revient en \u00cele-de-France pour une 6e \u00e9dition, du 21 juin au 30 septembre 2025, afin de partager des exp\u00e9riences artistiques et culturelles pluridisciplinaires sur l\u2019ensemble du territoire francilien. En 2025, ce sont 150 projets soutenus, d\u00e9clin\u00e9s en 2 800 \u00e9v\u00e9nements gratuits au plus pr\u00e8s de celles et ceux qui passent leur \u00e9t\u00e9 dans la r\u00e9gion.<\/strong><\/p>\n<p class=\"p1\">Th\u00e9\u00e2tre, musique, danse, cirque, arts de la rue, arts visuels, cin\u00e9ma, livre et lecture : la programmation donne \u00e0 voir la culture dans toute sa diversit\u00e9. Pour r\u00e9pondre \u00e0 l\u2019objectif de d\u00e9mocratiser l\u2019acc\u00e8s \u00e0 la culture, la Direction r\u00e9gionale des affaires culturelles (DRAC) d\u2019\u00cele-de-France, invite cette ann\u00e9e les structures culturelles \u00e0 investir les campings pour aller \u00e0 la rencontre de tous les publics.<\/p>\n<p class=\"p1\">\u00c0 l\u2019\u00e9chelon r\u00e9gional, cette op\u00e9ration est organis\u00e9e et coordonn\u00e9 par la Direction r\u00e9gionale des affaires culturelles (DRAC) d\u2019\u00cele-de-France, qui soutient les initiatives des associations, des collectivit\u00e9s et des acteurs culturels en g\u00e9n\u00e9ral. Cette ann\u00e9e encore, l\u2019\u00c9t\u00e9 culturel fait rayonner la cr\u00e9ation artistique et favorise l\u2019acc\u00e8s \u00e0 la culture en direction de toutes populations du territoire francilien. La jeunesse est particuli\u00e8rement vis\u00e9e que ce soit par le soutien \u00e0 la pratique de jeunes artistes que par de nombreuses propositions sp\u00e9cialement con\u00e7ues en direction des enfants et adolescents.<\/p>\n<p class=\"p1\">420 communes franciliennes b\u00e9n\u00e9ficieront d\u2019au moins un \u00e9v\u00e8nement issus des projets soutenus au titre de l\u2019<a href=\"https:\/\/www.culture.gouv.fr\/fr\/evenements-nationaux\/ete-culturel\" target=\"_blank\" rel=\"noopener\">\u00c9t\u00e9 culturel<\/a>, soit une commune sur trois en \u00cele-de-France, en particulier celles situ\u00e9es dans les territoires ruraux et dans les quartiers de la politique de la ville.<\/p>\n<p>Le plan camping<\/p>\n<p class=\"p2\">Dans la continuit\u00e9 de son engagement en faveur d\u2019une culture accessible partout et pour tous, le minist\u00e8re de la Culture d\u00e9ploie cet \u00e9t\u00e9 une programmation in\u00e9dite au c\u0153ur des campings. Tr\u00e8s fr\u00e9quent\u00e9s par des visiteurs de proximit\u00e9 sur le territoire francilien, ces lieux de vill\u00e9giature deviennent le th\u00e9\u00e2tre d\u2019animations artistiques et culturelles.<\/p>\n<p class=\"p2\">Un partenariat avec la F\u00e9d\u00e9ration nationale de l\u2019h\u00f4tellerie de plein air (FNHPA) permet d\u2019\u00e9tendre cette ann\u00e9e l\u2019\u00c9t\u00e9 culturel dans les campings : ateliers, spectacles et animations sont sp\u00e9cialement con\u00e7us pour aller \u00e0 la rencontre des vacanciers et des habitants des environs, et faire vivre la culture l\u00e0 o\u00f9 on ne l\u2019attend pas toujours. En \u00cele-de-France, dix projets sont soutenus dans le cadre de l\u2019\u00c9t\u00e9 culturel au camping.<\/p>\n<p class=\"p1\"><strong>Le programme national complet, les conditions de participation et les informations pratiques de l\u2019\u00c9t\u00e9 culturel 2025 sont disponible sur le site :\u00a0<a href=\"https:\/\/www.culture.gouv.fr\/fr\/evenements-nationaux\/ete-culturel\" target=\"_blank\" rel=\"noopener\">eteculturel.fr<\/a><\/strong><\/p>\n","protected":false},"excerpt":{"rendered":"L\u2019\u00c9t\u00e9 culturel revient en \u00cele-de-France pour une 6e \u00e9dition, du 21 juin au 30 septembre 2025, afin de&hellip;\n","protected":false},"author":2,"featured_media":193662,"comment_status":"","ping_status":"","sticky":false,"template":"","format":"standard","meta":{"footnotes":""},"categories":[1592],"tags":[1111,11,33239,2502,650,5398,251,5972,2883,33240,1777,674,2087,1011,27,662,2003,873,12,626,25,1347],"class_list":{"0":"post-193661","1":"post","2":"type-post","3":"status-publish","4":"format-standard","5":"has-post-thumbnail","7":"category-ile-de-france","8":"tag-actu","9":"tag-actualites","10":"tag-arts-de-la-rue","11":"tag-arts-visuels","12":"tag-cinema","13":"tag-cirque","14":"tag-culture","15":"tag-danse","16":"tag-ete","17":"tag-ete-culturel","18":"tag-eu","19":"tag-europe","20":"tag-evenement","21":"tag-fr","22":"tag-france","23":"tag-ile-de-france","24":"tag-livre","25":"tag-musique","26":"tag-news","27":"tag-paris","28":"tag-republique-francaise","29":"tag-theatre"},"share_on_mastodon":{"url":"https:\/\/pubeurope.com\/@fr\/114721853712661736","error":""},"_links":{"self":[{"href":"https:\/\/www.europesays.com\/fr\/wp-json\/wp\/v2\/posts\/193661","targetHints":{"allow":["GET"]}}],"collection":[{"href":"https:\/\/www.europesays.com\/fr\/wp-json\/wp\/v2\/posts"}],"about":[{"href":"https:\/\/www.europesays.com\/fr\/wp-json\/wp\/v2\/types\/post"}],"author":[{"embeddable":true,"href":"https:\/\/www.europesays.com\/fr\/wp-json\/wp\/v2\/users\/2"}],"replies":[{"embeddable":true,"href":"https:\/\/www.europesays.com\/fr\/wp-json\/wp\/v2\/comments?post=193661"}],"version-history":[{"count":0,"href":"https:\/\/www.europesays.com\/fr\/wp-json\/wp\/v2\/posts\/193661\/revisions"}],"wp:featuredmedia":[{"embeddable":true,"href":"https:\/\/www.europesays.com\/fr\/wp-json\/wp\/v2\/media\/193662"}],"wp:attachment":[{"href":"https:\/\/www.europesays.com\/fr\/wp-json\/wp\/v2\/media?parent=193661"}],"wp:term":[{"taxonomy":"category","embeddable":true,"href":"https:\/\/www.europesays.com\/fr\/wp-json\/wp\/v2\/categories?post=193661"},{"taxonomy":"post_tag","embeddable":true,"href":"https:\/\/www.europesays.com\/fr\/wp-json\/wp\/v2\/tags?post=193661"}],"curies":[{"name":"wp","href":"https:\/\/api.w.org\/{rel}","templated":true}]}}