{"id":193666,"date":"2025-06-21T14:37:12","date_gmt":"2025-06-21T14:37:12","guid":{"rendered":"https:\/\/www.europesays.com\/fr\/193666\/"},"modified":"2025-06-21T14:37:12","modified_gmt":"2025-06-21T14:37:12","slug":"quest-ce-que-le-dispositif-experimente-a-paris","status":"publish","type":"post","link":"https:\/\/www.europesays.com\/fr\/193666\/","title":{"rendered":"qu\u2019est-ce que le dispositif exp\u00e9riment\u00e9 \u00e0 Paris ?"},"content":{"rendered":"<p>Entre\u00a02012 et\u00a02023, plus de 1\u00a0500 personnes sans abri sont mortes dans la rue en plein \u00e9t\u00e9, selon le Collectif Les Morts de la rue. De quoi inqui\u00e9ter alors que la France conna\u00eet <a class=\"link \" href=\"https:\/\/www.lepoint.fr\/societe\/face-aux-vagues-de-chaleur-les-obligations-de-l-employeur-evoluent-01-06-2025-2590990_23.php\" rel=\"nofollow noopener\" target=\"_blank\" data-ylk=\"slk:une vague de chaleur pr\u00e9coce;elm:context_link;itc:0;sec:content-canvas\">une vague de chaleur pr\u00e9coce<\/a> qui atteint son pic ce samedi 21\u00a0juin, avec des temp\u00e9ratures d\u00e9passant les 35\u00a0\u00b0C. Pour tenter de prot\u00e9ger les personnes fragiles, la mairie de Paris pourrait d\u00e9clencher ce week-end\u00a0le nouveau plan grand chaud, selon les informations de <a class=\"link \" href=\"https:\/\/www.franceinfo.fr\/environnement\/meteo\/vague-de-chaleur-en-quoi-consiste-le-plan-grand-chaud-experimente-a-paris-cet-ete-pour-proteger-les-personnes-sans-abri_7319493.html\" rel=\"nofollow noopener\" target=\"_blank\" data-ylk=\"slk:France Info;elm:context_link;itc:0;sec:content-canvas\">France Info<\/a>.<\/p>\n<p>Objectif du dispositif\u00a0: prot\u00e9ger les \u00ab\u00a0populations les plus vuln\u00e9rables face au r\u00e9chauffement climatique\u00a0\u00bb. Dans la capitale, ils sont 3\u00a0500 \u00e0 vivre dans la rue, selon le recensement r\u00e9alis\u00e9 en\u00a02025\u00a0lors de\u00a0la Nuit de la solidarit\u00e9, et sont particuli\u00e8rement expos\u00e9s aux insolations et \u00e0 la d\u00e9shydratation en p\u00e9riode de canicule, alors m\u00eame que leur \u00e9tat de sant\u00e9 g\u00e9n\u00e9ral est souvent d\u00e9j\u00e0 fragile.<\/p>\n<p>Quatre niveaux d&rsquo;alerte sont pr\u00e9vus par le plan grand chaud en fonction des temp\u00e9ratures, allant du niveau le plus bas, \u00ab\u00a0vigilance saisonni\u00e8re\u00a0\u00bb, au plus haut, \u00ab\u00a0chaleur extr\u00eame\u00a0\u00bb.\u00a0\u00c0 partir d&rsquo;un certain niveau, le Samu social est appuy\u00e9 par des associations comme la Croix-Rouge, la Protection civile de Paris ou les Restos du c\u0153ur. De la m\u00eame mani\u00e8re, les horaires des maraudes\u00a0de l&rsquo;Unit\u00e9 d&rsquo;assistance aux sans-abri sont \u00e9largis. Elles prendront fin \u00e0 minuit, au lieu de 22\u00a0heures habituellement.<\/p>\n<p>Des kits chaleur distribu\u00e9s cet \u00e9t\u00e9<\/p>\n<p>Dan Lert, adjoint \u00e0 la maire de Paris charg\u00e9 de la transition \u00e9cologique et du plan climat, fai [&#8230;] <a href=\"https:\/\/www.lepoint.fr\/societe\/plan-grand-chaud-le-dispositif-experimente-a-paris-pour-proteger-les-personnes-sans-abri-21-06-2025-2592562_23.php\" rel=\"nofollow noopener\" target=\"_blank\" data-ylk=\"slk:Lire la suite;elm:context_link;itc:0;sec:content-canvas\" class=\"link \">Lire la suite<\/a><\/p>\n","protected":false},"excerpt":{"rendered":"Entre\u00a02012 et\u00a02023, plus de 1\u00a0500 personnes sans abri sont mortes dans la rue en plein \u00e9t\u00e9, selon le&hellip;\n","protected":false},"author":2,"featured_media":193667,"comment_status":"","ping_status":"","sticky":false,"template":"","format":"standard","meta":{"footnotes":""},"categories":[1888],"tags":[1111,1928,11,1927,1777,674,1011,27,10318,33241,12,1926,626,1925,25],"class_list":{"0":"post-193666","1":"post","2":"type-post","3":"status-publish","4":"format-standard","5":"has-post-thumbnail","7":"category-paris","8":"tag-actu","9":"tag-actu-paris","10":"tag-actualites","11":"tag-actualites-paris","12":"tag-eu","13":"tag-europe","14":"tag-fr","15":"tag-france","16":"tag-france-info","17":"tag-la-croix-rouge","18":"tag-news","19":"tag-news-paris","20":"tag-paris","21":"tag-paris-news","22":"tag-republique-francaise"},"share_on_mastodon":{"url":"https:\/\/pubeurope.com\/@fr\/114721865278713415","error":""},"_links":{"self":[{"href":"https:\/\/www.europesays.com\/fr\/wp-json\/wp\/v2\/posts\/193666","targetHints":{"allow":["GET"]}}],"collection":[{"href":"https:\/\/www.europesays.com\/fr\/wp-json\/wp\/v2\/posts"}],"about":[{"href":"https:\/\/www.europesays.com\/fr\/wp-json\/wp\/v2\/types\/post"}],"author":[{"embeddable":true,"href":"https:\/\/www.europesays.com\/fr\/wp-json\/wp\/v2\/users\/2"}],"replies":[{"embeddable":true,"href":"https:\/\/www.europesays.com\/fr\/wp-json\/wp\/v2\/comments?post=193666"}],"version-history":[{"count":0,"href":"https:\/\/www.europesays.com\/fr\/wp-json\/wp\/v2\/posts\/193666\/revisions"}],"wp:featuredmedia":[{"embeddable":true,"href":"https:\/\/www.europesays.com\/fr\/wp-json\/wp\/v2\/media\/193667"}],"wp:attachment":[{"href":"https:\/\/www.europesays.com\/fr\/wp-json\/wp\/v2\/media?parent=193666"}],"wp:term":[{"taxonomy":"category","embeddable":true,"href":"https:\/\/www.europesays.com\/fr\/wp-json\/wp\/v2\/categories?post=193666"},{"taxonomy":"post_tag","embeddable":true,"href":"https:\/\/www.europesays.com\/fr\/wp-json\/wp\/v2\/tags?post=193666"}],"curies":[{"name":"wp","href":"https:\/\/api.w.org\/{rel}","templated":true}]}}