{"id":193668,"date":"2025-06-21T14:38:10","date_gmt":"2025-06-21T14:38:10","guid":{"rendered":"https:\/\/www.europesays.com\/fr\/193668\/"},"modified":"2025-06-21T14:38:10","modified_gmt":"2025-06-21T14:38:10","slug":"quinte-du-dimanche-22-juin-2025-a-vincennes-les-pronostics","status":"publish","type":"post","link":"https:\/\/www.europesays.com\/fr\/193668\/","title":{"rendered":"Quint\u00e9 du dimanche 22 juin 2025 \u00e0 Vincennes : les pronostics"},"content":{"rendered":"<p class=\"article-p mdl\">Retrouvez les pronostics de Dominique Cordier pour le Quint\u00e9 du dimanche 22 juin 2025 \u00e0 Vincennes, le Prix J XII \u2013 J Twelve, Prix Jean-Yves Lecuyer. <strong>Tirelire de 1.000.000 euros. D\u00e9part \u00e0 15h15. 16 partants. <\/strong>Trot attel\u00e9. Course europ\u00e9enne. Groupe III. 2.850 m\u00e8tres. Grande piste. Trotteurs de 5 \u00e0 6 ans.&#13;<\/p>\n<p class=\"article-p mdl\">Dr\u00f4le de cliente que cette <strong>Jalendra de Malac<\/strong>, invaincue depuis le 19 septembre 2024 et qui compte sept succ\u00e8s (dont cinq \u00e0 Vincennes et deux sur ce trac\u00e9) depuis cette date.&#13;<\/p>\n<p class=\"article-p mdl\">Inutile d\u2019aller chercher plus loin notre favorite, associ\u00e9e, s\u2019il vous pla\u00eet, \u00e0 Eric Raffin.&#13;<\/p>\n<p class=\"article-p mdl\">M\u00eame si la distance peut, \u00e9ventuellement, \u00eatre jug\u00e9e longue pour elle, on ne peut faire non plus sans la forme du <strong>14 Keen Winner<\/strong>, dont l\u2019engagement est bon et qui encore de l\u2019argent \u00e0 prendre face \u00e0 de tels adversaires.&#13;<\/p>\n<p class=\"article-p mdl\">L\u2019outsider de RTL est ici le <strong>5 Jet Express<\/strong>, all\u00e9g\u00e9 dans sa ferrure et confi\u00e9, enfin, \u00e0 un catch driver, en l\u2019occurrence Matthieu Abrivard.<\/p>\n<p class=\"article-p mdl\">Driv\u00e9 sans doute plus offensivement qu\u2019\u00e0 l\u2019accoutum\u00e9e, il va en surprendre plus d\u2019un.&#13;<\/p>\n<p class=\"article-p mdl\">Mais c\u2019est un quint\u00e9 ouvert, o\u00f9 l\u2019on n\u2019occultera pas les chances du <strong>10 Killiam Fromentro<\/strong> avec Jean-Michel Bazire, pas plus que celles du <strong>2 Karambar<\/strong>, qui \u00e9volue sur son parcours de pr\u00e9dilection.&#13;<\/p>\n<p class=\"article-p mdl\">Le <strong>9 Jazzman <\/strong>est un autre emp\u00eacheur de trotter en rond possible\u2026&#13;&#13;&#13;&#13;&#13;&#13;<\/p>\n<p>            Les pronostics<\/p>\n<p class=\"article-p mdl\">\n<p>8. Jalendra de Malac&#13;<br \/>14. Keen Winner&#13;<br \/>5. Jet Express&#13;<br \/>10. Killiam Fromentro&#13;<br \/>2. Karambar&#13;<br \/>1.Pantocrator&#13;<br \/>9. Jazzman<\/p>\n<p>    L&rsquo;outsider de RTL<\/p>\n<p class=\"article-p mdl\">5. Jet Express<\/p>\n<p>    R\u00e9sultats du vendredi 20 juin 2025 en nocturne \u00e0 Vincennes<\/p>\n<p class=\"article-p mdl\">Le favori de RTL prend le galop en plaine, l\u2019outsider de RTL se classe 4e. <\/p>\n<p>    La r\u00e9daction vous recommande<\/p>\n<p class=\"s-newsletter__title\">\n                L\u2019actualit\u00e9 par la r\u00e9daction de RTL dans votre bo\u00eete mail.\n            <\/p>\n<p class=\"s-newsletter__subtitle\">\n                Gr\u00e2ce \u00e0 votre compte RTL abonnez-vous \u00e0 la newsletter RTL info pour suivre toute l&rsquo;actualit\u00e9 au quotidien\n            <\/p>\n<p>\n                                    Lire la suite\n                                <\/p>\n","protected":false},"excerpt":{"rendered":"Retrouvez les pronostics de Dominique Cordier pour le Quint\u00e9 du dimanche 22 juin 2025 \u00e0 Vincennes, le Prix&hellip;\n","protected":false},"author":2,"featured_media":3836,"comment_status":"","ping_status":"","sticky":false,"template":"","format":"standard","meta":{"footnotes":""},"categories":[1888],"tags":[11,2621,2622,2620,1777,674,107,2619,1011,27,12,626,2623,25],"class_list":{"0":"post-193668","1":"post","2":"type-post","3":"status-publish","4":"format-standard","5":"has-post-thumbnail","7":"category-paris","8":"tag-actualites","9":"tag-chevaux","10":"tag-courses","11":"tag-courses-de-trot","12":"tag-eu","13":"tag-europe","14":"tag-fil-info","15":"tag-fil-sport","16":"tag-fr","17":"tag-france","18":"tag-news","19":"tag-paris","20":"tag-quinte","21":"tag-republique-francaise"},"share_on_mastodon":{"url":"https:\/\/pubeurope.com\/@fr\/114721869592200046","error":""},"_links":{"self":[{"href":"https:\/\/www.europesays.com\/fr\/wp-json\/wp\/v2\/posts\/193668","targetHints":{"allow":["GET"]}}],"collection":[{"href":"https:\/\/www.europesays.com\/fr\/wp-json\/wp\/v2\/posts"}],"about":[{"href":"https:\/\/www.europesays.com\/fr\/wp-json\/wp\/v2\/types\/post"}],"author":[{"embeddable":true,"href":"https:\/\/www.europesays.com\/fr\/wp-json\/wp\/v2\/users\/2"}],"replies":[{"embeddable":true,"href":"https:\/\/www.europesays.com\/fr\/wp-json\/wp\/v2\/comments?post=193668"}],"version-history":[{"count":0,"href":"https:\/\/www.europesays.com\/fr\/wp-json\/wp\/v2\/posts\/193668\/revisions"}],"wp:featuredmedia":[{"embeddable":true,"href":"https:\/\/www.europesays.com\/fr\/wp-json\/wp\/v2\/media\/3836"}],"wp:attachment":[{"href":"https:\/\/www.europesays.com\/fr\/wp-json\/wp\/v2\/media?parent=193668"}],"wp:term":[{"taxonomy":"category","embeddable":true,"href":"https:\/\/www.europesays.com\/fr\/wp-json\/wp\/v2\/categories?post=193668"},{"taxonomy":"post_tag","embeddable":true,"href":"https:\/\/www.europesays.com\/fr\/wp-json\/wp\/v2\/tags?post=193668"}],"curies":[{"name":"wp","href":"https:\/\/api.w.org\/{rel}","templated":true}]}}