{"id":193679,"date":"2025-06-21T14:44:34","date_gmt":"2025-06-21T14:44:34","guid":{"rendered":"https:\/\/www.europesays.com\/fr\/193679\/"},"modified":"2025-06-21T14:44:34","modified_gmt":"2025-06-21T14:44:34","slug":"lallemagne-se-prepare-a-faire-main-basse-sur-le-marche-europeen-de-larmement-en-2030","status":"publish","type":"post","link":"https:\/\/www.europesays.com\/fr\/193679\/","title":{"rendered":"L&rsquo;Allemagne se pr\u00e9pare \u00e0 faire main basse sur le march\u00e9 europ\u00e9en de l&rsquo;armement en 2030."},"content":{"rendered":"<p>\u00ab Quand on parle d\u2019industrie de d\u00e9fense, un Allemand parle d\u2019industrie, un Fran\u00e7ais parle de d\u00e9fense \u00bb. Cette phrase, vous l\u2019avez \u00e9videmment d\u00e9j\u00e0 lue ou entendue, en tant que lecteur de ce site. Elle explique, en effet, nombre des difficult\u00e9s et tensions qui ont oppos\u00e9 Paris et Berlin, ces derni\u00e8res ann\u00e9es, en particulier autour des programmes SCAF et MGCS.<\/p>\n<p>Mais alors que l\u2019Allemagne s\u2019appr\u00eate \u00e0 une r\u00e9volution profonde en mati\u00e8re d\u2019effort de d\u00e9fense, tant pour r\u00e9pondre \u00e0 l\u2019\u00e9volution des tensions et des menaces que pour satisfaire Donald Trump tout en anticipant un possible retrait am\u00e9ricain du vieux continent, jamais cette phrase n\u2019aura mieux d\u00e9crit la mani\u00e8re dont Berlin s\u2019appr\u00eate \u00e0 prendre le leadership en Europe en mati\u00e8re de d\u00e9fense, en s\u2019appuyant sur sa plus grande force : un PIB de 4 300 Md\u20ac, pla\u00e7ant le pays sur la troisi\u00e8me marche mondiale, au coude-\u00e0-coude avec le Japon, et loin devant les autres pays europ\u00e9ens, comme le Royaume-Uni (2 800 Md\u20ac, 6\u1d49), la France (2 600 Md\u20ac, 7\u1d49) et l\u2019Italie (2 000 Md\u20ac, 10\u1d49).<\/p>\n<p>En effet, le ministre de la D\u00e9fense allemand, Boris Pistorius, vient d\u2019annoncer la cr\u00e9ation d\u2019une offre cadre destin\u00e9e aux alli\u00e9s europ\u00e9ens, visant \u00e0 leur permettre d\u2019acqu\u00e9rir certains grands \u00e9quipements de d\u00e9fense produits par l\u2019industrie de d\u00e9fense allemande, comme le char Leopard 2A8 ou le sous-marin U212 CD, aux m\u00eames conditions que la Bundeswehr.<\/p>\n<p>En d\u2019autres termes, en reproduisant un m\u00e9canisme comparable au fameux Foreign Military Sales am\u00e9ricain, Berlin se pr\u00e9pare \u00e0 faire main basse sur le march\u00e9 des \u00e9quipements de d\u00e9fense en Europe, en s\u2019appuyant sur ses atouts : une industrie r\u00e9active et d\u2019immenses capacit\u00e9s de financement.<\/p>\n<p><a href=\"https:\/\/play.google.com\/store\/apps\/details?id=appmetadefensefr.wpapp\" target=\"_blank\" rel=\"noopener nofollow\"><\/p>\n<p><img fetchpriority=\"high\" decoding=\"async\" width=\"728\" height=\"90\" src=\"data:image\/svg+xml,%3Csvg%20xmlns=\" http:=\"\" alt=\"Bandeau02 Allemagne | Air Independant Propulsion AIP | Alliances militaires\" data-lazy- data-lazy- data-lazy-src=\"https:\/\/www.europesays.com\/fr\/wp-content\/uploads\/2025\/04\/Bandeau02.png\"\/><\/p>\n<p><\/a><\/p>\n<p>Avec 160 Md\u20ac\/an, l\u2019Allemagne devrait disposer du troisi\u00e8me budget mondial de d\u00e9fense de la plan\u00e8te en 2030<\/p>\n<p>Depuis le d\u00e9but du r\u00e9armement de la R\u00e9publique f\u00e9d\u00e9rale d\u2019Allemagne, avec les accords de Bonn de 1952, marquant la fin du r\u00e9gime d\u2019occupation de la RFA et la renaissance des arm\u00e9es allemandes, Paris et Bonn, puis Berlin \u00e0 partir du 3 octobre 1990, suite \u00e0 la r\u00e9unification, ont toujours veill\u00e9 \u00e0 maintenir des d\u00e9penses de d\u00e9fense \u00e9quilibr\u00e9es entre les deux pays, de sorte qu\u2019aucun ne puisse effectivement repr\u00e9senter une menace dissym\u00e9trique excessive vis-\u00e0-vis de l\u2019autre.<\/p>\n<p><img loading=\"lazy\" decoding=\"async\" width=\"800\" height=\"533\" src=\"data:image\/svg+xml,%3Csvg%20xmlns=\" http:=\"\" alt=\"arm\u00e9es allemandes Bundeswehr\" data-lazy- data-lazy- data-lazy-src=\"https:\/\/www.europesays.com\/fr\/wp-content\/uploads\/2025\/06\/bundeswehr-G36-german-defense-budget-GETTY--e1663332225615.jpeg\"\/><\/p>\n<p>La Bundeswehr auta le troiis\u00e8me budget miltiaire de la planete en 2030, en appliquant l\u2019exigence de 3,5% PIB de Donald Trump.<\/p>\n<p>Ce protocole non formalis\u00e9, mais fermement respect\u00e9, demeurait encore fermement actif jusqu\u2019\u00e0 peu. Ainsi, lorsqu\u2019en 2018, un officier g\u00e9n\u00e9ral allemand pr\u00e9senta le mod\u00e8le \u201cSocle D\u00e9fense\u201d au minist\u00e8re allemand des Finances (dirig\u00e9 alors par un certain Olaf Scholz), ce dernier rejeta fermement le principe propos\u00e9, en expliquant que cela viendrait n\u00e9cessairement rompre cet accord tacite franco-allemand, qu\u2019il soit appliqu\u00e9 par Paris, par Berlin, ou par les deux.<\/p>\n<p>Ces derni\u00e8res ann\u00e9es, cependant, celui-ci est, pour ainsi dire, pass\u00e9 aux oubliettes, en particulier du c\u00f4t\u00e9 allemand, en deux phases successives. La premi\u00e8re eut lieu en f\u00e9vrier 2022, peu apr\u00e8s le d\u00e9but de l\u2019offensive russe contre l\u2019Ukraine, lors de l\u2019annonce du Zeitenwende par ce m\u00eame Olaf Scholz, qui pr\u00e9voyait l\u2019augmentation du budget des arm\u00e9es allemandes \u00e0 2 % du PIB d\u00e8s 2023, et l\u2019attribution d\u2019une enveloppe de reconstruction de 100 Md\u20ac, \u00e0 d\u00e9penser sur les trois \u00e0 quatre ann\u00e9es \u00e0 venir.<\/p>\n<p>Alors que la France atteignait \u00e0 peine un effort de d\u00e9fense de 2 % en 2023, en application de la LMP 2018-2025, et que la trajectoire suivante ne d\u00e9passait pas les 2,2 % en 2030, il \u00e9tait \u00e9vident qu\u2019un puissant d\u00e9crochage allait intervenir entre les efforts de d\u00e9fense fran\u00e7ais et allemands, d\u00e8s 2024 ou 2025. Et de fait, en 2025, le budget allemand de la d\u00e9fense, atteignant 2 % du PIB du pays, est de 63 Md\u20ac, soit 35 % plus \u00e9lev\u00e9 que les 50,5 Md\u20ac fran\u00e7ais.<\/p>\n<p>Le second \u00e9v\u00e9nement qui finit d\u2019enterrer cet accord tacite franco-allemand a \u00e9t\u00e9 le retour de Donald Trump \u00e0 la Maison-Blanche, avec des exigences fermes en mati\u00e8re d\u2019\u00e9l\u00e9vation de l\u2019effort de d\u00e9fense plancher en Europe.<\/p>\n<p>En effet, si plusieurs chiffres ont \u00e9t\u00e9 \u00e9voqu\u00e9s jusqu\u2019ici par le locataire du Bureau ovale, un consensus semble se dessiner autour d\u2019un effort de d\u00e9fense \u00e0 3,5 % du PIB en 2030, compl\u00e9t\u00e9 par un effort s\u00e9curitaire de 1,5 % pour 2032 \u00e0 2035, ces engagements devant \u00eatre adopt\u00e9s par les membres de l\u2019OTAN, \u00e0 l\u2019occasion du sommet de La Haye, du 24 au 26 juin 2025.<\/p>\n<p><img loading=\"lazy\" decoding=\"async\" width=\"986\" height=\"555\" src=\"data:image\/svg+xml,%3Csvg%20xmlns=\" http:=\"\" alt=\"Donald Trump national Guard Association 2024\" class=\"wp-image-39293\" title=\"L'Allemagne se pr\u00e9pare \u00e0 faire main basse sur le march\u00e9 europ\u00e9en de l'armement en 2030. 3\" data-lazy- data-lazy- data-lazy-src=\"https:\/\/www.europesays.com\/fr\/wp-content\/uploads\/2025\/06\/Trump-national-guard-association.webp.webp\"\/>Tout porte \u00e0 croire que les europ\u00e9ens cederont aux exigences de Donald Trump, en portant leur effort de d\u00e9fense \u00e0 3,5% PIB d\u2019ici \u00e0 2035.<\/p>\n<p>De fait, la Bundeswehr devrait voir son budget cro\u00eetre pour atteindre 160 Md\u20ac\/an, soit 3,5 % de son PIB, dans les quelques ann\u00e9es \u00e0 venir, sachant que Friedrich Merz et Boris Pistorius ont d\u00e9j\u00e0 annonc\u00e9 la cr\u00e9ation d\u2019un fonds sp\u00e9cial d\u2019investissement de 500 Md\u20ac, destin\u00e9 aux investissements de \u201cs\u00e9curit\u00e9\u201d allemands, sorte de prolongement du Zeitenwende de 100 Md\u20ac de Scholz en 2022.<\/p>\n<p>Sachant que Berlin n\u2019a aucune intention de focaliser l\u2019attention de Donald Trump sur l\u2019Allemagne dans ce dossier, ni de lui donner mati\u00e8re \u00e0 retirer le bouclier strat\u00e9gique am\u00e9ricain d\u2019Europe, il est hors de question de r\u00e9duire ses d\u00e9penses pour respecter l\u2019\u00e9quilibre franco-allemand, d\u2019autant que les finances publiques allemandes le permettent, et que la hausse globale des budgets europ\u00e9ens engendrera une formidable hausse de la demande en \u00e9quipements de d\u00e9fense, que Berlin entend bien capter en majorit\u00e9.<\/p>\n<p>Dans le m\u00eame temps, pour la France, atteindre les 3,5 % du PIB \/ 100 Md\u20ac requis par Trump, et tr\u00e8s certainement avalis\u00e9s par le sommet de La Haye, constitue d\u00e9j\u00e0 un objectif tr\u00e8s difficile \u00e0 atteindre, sachant que le pays ne parvient d\u00e9j\u00e0 pas \u00e0 r\u00e9duire de 2,5 % du PIB ses d\u00e9penses publiques, pour revenir sous la barre des 3 % de d\u00e9ficits exig\u00e9e par les trait\u00e9s europ\u00e9ens.<\/p>\n<p>En outre, l\u2019endettement fran\u00e7ais d\u00e9passant les 110 % du PIB, il lui est impossible de se reposer, m\u00eame temporairement, sur l\u2019augmentation de la dette publique, comme va le faire l\u2019Allemagne, pour atteindre l\u2019effort de d\u00e9fense de 4,3 % qui serait n\u00e9cessaire, simplement pour rester au contact des 3,5 % du PIB allemands.<\/p>\n<p>Les trois produits phares de l\u2019industrie de d\u00e9fense allemande en Europe<\/p>\n<p>De fait, les autorit\u00e9s allemandes s\u2019appr\u00eatent \u00e0 entrer dans une toute nouvelle \u00e8re, dans laquelle l\u2019Allemagne aura un leadership incontestable en Europe, en mati\u00e8re d\u2019investissements de d\u00e9fense, le pays s\u2019appr\u00eatant \u00e0 s\u2019installer durablement sur la 3\u1d49 marche du podium mondial dans ce domaine, sauf si la Russie augmentait encore ses d\u00e9penses militaires, d\u00e9j\u00e0 tr\u00e8s \u00e9lev\u00e9es (6 % du PIB).<\/p>\n<p><img loading=\"lazy\" decoding=\"async\" width=\"800\" height=\"450\" src=\"data:image\/svg+xml,%3Csvg%20xmlns=\" http:=\"\" alt=\"Luftwaffe eurofighter Typhoon\" data-lazy- data-lazy- data-lazy-src=\"https:\/\/www.europesays.com\/fr\/wp-content\/uploads\/2025\/06\/Eurofighter-Typhoon-de-la-Luftwaffe-en-patrouille-e1626176087880.jpg\"\/><\/p>\n<p>La luftwaffe aligne aujourd\u2019hui 160 avions de combat Typhoon et Tornado. Il est tr\u00e8s probable que ce nombre augmentera sensiblement dans les ann\u00e9es \u00e0 venir, sans que l\u2019on sache si Berlin se tournera vers davantage d\u2019Eurofighter, ou vers le F-35A am\u00e9ricain, qui permettrait de reduire l\u2019excedant commercial allemand vis-\u00e0-vis des Etats-Unis, dans la ligne de mire de Donlad Trump. <\/p>\n<p>Et c\u2019est bien l\u00e0 que la maxime cit\u00e9e en introduction prend tout son int\u00e9r\u00eat. En effet, d\u00e8s que l\u2019Allemagne parle d\u2019augmentation de son effort de d\u00e9fense, la strat\u00e9gie industrielle n\u2019est jamais tr\u00e8s \u00e9loign\u00e9e.<\/p>\n<p>En effet, sans \u00e9galer la France ou la Grande-Bretagne en mati\u00e8re de chiffre d\u2019affaires et d\u2019exportations, l\u2019industrie de d\u00e9fense allemande est en pleine r\u00e9surrection, en s\u2019appuyant notamment sur trois domaines dans lesquels elle dispose d\u2019offres tr\u00e8s attractives, ayant d\u00e9j\u00e0 convaincu plusieurs pays en Europe.<\/p>\n<p>Le char de combat Leopard 2A8, la r\u00e9ponse de KNDS aux K2 Black Panther et M1A2 Abrams<\/p>\n<p>Sans surprise, le char de combat Leopard 2A8 est en t\u00eate de ce classement. En effet, s\u2019appuyant sur l\u2019immense succ\u00e8s du Leopard 2, en particulier apr\u00e8s que la Bundeswehr a propos\u00e9 pr\u00e8s de 2 000 exemplaires d\u2019occasion, apr\u00e8s l\u2019effondrement du bloc sovi\u00e9tique, l\u2019industrie des blind\u00e9s lourds allemande, caract\u00e9ris\u00e9e par les deux groupes Krauss-Maffei Wegmann (devenu KNDS Deutschland apr\u00e8s le rapprochement avec le fran\u00e7ais Nexter en 2015) et Rheinmetall, est devenue incontournable et en situation de quasi-monopole en Europe.<\/p>\n<p><img loading=\"lazy\" decoding=\"async\" width=\"1280\" height=\"840\" src=\"data:image\/svg+xml,%3Csvg%20xmlns=\" http:=\"\" alt=\"Leopard 2A8 au salon eurosatory 2024\" data-lazy-src=\"https:\/\/www.europesays.com\/fr\/wp-content\/uploads\/2025\/06\/Leopard-2A8-eurosatory-2024-1280x840.jpeg\"\/><\/p>\n<p>Leopard 2A8 au salon eurosatory 2024 \u2013 Photo by Artur Widak \/ NurPhoto \/ NurPhoto via AFP<\/p>\n<p>Ainsi, deux ans seulement apr\u00e8s sa pr\u00e9sentation publique, le nouveau Leopard 2A8, con\u00e7u sp\u00e9cialement pour int\u00e9grer les retours d\u2019exp\u00e9rience venus d\u2019Ukraine, a d\u00e9j\u00e0 \u00e9t\u00e9 command\u00e9 par six forces arm\u00e9es europ\u00e9ennes (Allemagne, R\u00e9publique tch\u00e8que, Norv\u00e8ge, Lituanie, Su\u00e8de et Pays-Bas), alors que plusieurs autres sont en discussion avec KNDS (Croatie, Finlande\u2026).<\/p>\n<p>Toutefois, la d\u00e9cision de la Pologne, en faveur du K2 Black Panther sud-cor\u00e9en et du M1A2 am\u00e9ricain, de la Roumanie pour le M1A2, et de l\u2019Italie pour une production nationale du KF-51 Panther et du KF41 Lynx de Rheinmetall, apr\u00e8s l\u2019\u00e9chec des n\u00e9gociations autour du Leopard 2A8 et du Puma de KNDS, mis en \u0153uvre par la Bundeswehr, ont retenti comme autant de signaux d\u2019alarme pour Berlin dans ce domaine.<\/p>\n<p>Le sous-marin Type 212 CD face aux Scorpene et Barracuda de Naval Group<\/p>\n<p>Le second \u00e9quipement phare propos\u00e9 par l\u2019industrie de d\u00e9fense allemande est le sous-marin U212 CD, d\u00e9j\u00e0 retenu par la Norv\u00e8ge, et propos\u00e9 activement par Berlin \u00e0 la Pologne, \u00e0 la Gr\u00e8ce et au Canada.<\/p>\n<p><img loading=\"lazy\" decoding=\"async\" width=\"800\" height=\"530\" src=\"data:image\/svg+xml,%3Csvg%20xmlns=\" http:=\"\" alt=\"batteries lithium-ion sur Type 212A\" data-lazy- data-lazy- data-lazy-src=\"https:\/\/www.europesays.com\/fr\/wp-content\/uploads\/2025\/06\/type-212a-submarine-thyssenkrupp-e1631630012499.jpg\"\/><\/p>\n<p>La Deutsche Marine met en oeuvre 6 sous-marins AIP Type 212A aujourd\u2019hui, Elle en aura le double, d\u2019ici \u00e0 2035. <\/p>\n<p>Apr\u00e8s les tr\u00e8s importants succ\u00e8s du Type 209, vendu \u00e0 plus de 60 exemplaires aupr\u00e8s de 13 marines dans le monde, dont deux au sein de l\u2019OTAN (Gr\u00e8ce et Turquie), puis de son successeur, le Type 214 (21 exemplaires command\u00e9s par 4 marines, dont 3 OTAN : Gr\u00e8ce, Portugal et Turquie), tKMS \u00e9tait incontournable, dans les ann\u00e9es 2000, sur le march\u00e9 mondial des sous-marins conventionnels.<\/p>\n<p>Le mod\u00e8le phare, aujourd\u2019hui, pour l\u2019industriel allemand, est le Type 212 CD, d\u00e9sign\u00e9 U212 CD par la Deutsche Marine, command\u00e9 \u00e0 6 exemplaires en 2019 par la Norv\u00e8ge (4 ex.) et la marine allemande (2 ex.). Celui-ci est \u00e0 pr\u00e9sent command\u00e9 \u00e0 12 exemplaires (<a href=\"https:\/\/meta-defense.fr\/2025\/03\/27\/effort-de-defense-exemple-scandinave\/\" rel=\"nofollow noopener\" target=\"_blank\">6 Norv\u00e8ge<\/a> et <a href=\"https:\/\/meta-defense.fr\/2023\/09\/14\/type-212cd-boris-pistorius-tkms\/\" rel=\"nofollow noopener\" target=\"_blank\">6 Deutsche Marine<\/a>), alors que Berlin pourrait en commander 3 \u00e0 6 exemplaires suppl\u00e9mentaires, pour remplacer les 6 U212A pr\u00e9c\u00e9dents, \u00e0 partir de 2025.<\/p>\n<p>Cependant, le fran\u00e7ais Naval Group, avec le Scorpene (16 command\u00e9s pour 4 marines, aucune au sein de l\u2019OTAN), puis avec la famille Barracuda, apr\u00e8s l\u2019\u00e9pisode australien de funeste m\u00e9moire pour les deux pays, mais command\u00e9 depuis par les Pays-Bas pr\u00e9cis\u00e9ment face au U212 CD, ainsi que l\u2019arriv\u00e9e du S-80+ espagnol, menacent les ambitions allemandes dans ce domaine.<\/p>\n<p>Skyranger 30\/35 et IRIS-T SLX\/SLM\/SLS : l\u2019offre antia\u00e9rienne int\u00e9gr\u00e9e allemande aux europ\u00e9ens<\/p>\n<p>Enfin, le troisi\u00e8me pilier d\u2019excellence, aujourd\u2019hui, de l\u2019industrie de d\u00e9fense allemande concerne le domaine antia\u00e9rien. D\u2019abord, avec le succ\u00e8s m\u00e9rit\u00e9 de <a href=\"https:\/\/meta-defense.fr\/2024\/04\/19\/skyranger-30-rheinmetall-antidrone-mbda\/\" rel=\"nofollow noopener\" target=\"_blank\">la tourelle Skyranger 30 de Rheinmetall, sur la sc\u00e8ne europ\u00e9enne<\/a>.<\/p>\n<p>D\u00e9j\u00e0 command\u00e9 par 4 forces arm\u00e9es europ\u00e9ennes (Allemagne : 18 ex., Autriche : 36 ex., Danemark : 20 ex., Pays-Bas : 22 ex.), le syst\u00e8me int\u00e9resse aussi plusieurs autres forces de l\u2019OTAN, dont la Hongrie, l\u2019Italie et m\u00eame les \u00c9tats-Unis. Ne souffrant presque pas de concurrence, en dehors du syst\u00e8me sud-cor\u00e9en K30 Biho, plus limit\u00e9, le Skyranger 30, \u00e9galement d\u00e9clin\u00e9 en version 35 mm, est en situation de quasi-monopole en Europe.<\/p>\n<p><img loading=\"lazy\" decoding=\"async\" width=\"1440\" height=\"801\" src=\"data:image\/svg+xml,%3Csvg%20xmlns=\" http:=\"\" alt=\"Skyranger 30 Rheinmetall\" class=\"wp-image-36511\" title=\"L'Allemagne se pr\u00e9pare \u00e0 faire main basse sur le march\u00e9 europ\u00e9en de l'armement en 2030. 7\" data-lazy- data-lazy- data-lazy-src=\"https:\/\/www.europesays.com\/fr\/wp-content\/uploads\/2025\/06\/Skyranger-30.jpg.webp.webp\"\/>La tourelle Skyranger 30 de Rheinmetall est inconstablement le syst\u00e8me SHORAD occidental le plus abouti du moment. <\/p>\n<p>L\u2019autre pilier des exportations allemandes en mati\u00e8re de d\u00e9fense antia\u00e9rienne est le syst\u00e8me antia\u00e9rien IRIS-T SL, d\u00e9clin\u00e9 pour l\u2019heure en deux versions. L\u2019IRIS-T SLS \u00e0 courte port\u00e9e (12 km) est en service en Allemagne et en Su\u00e8de, au sein de l\u2019OTAN, et a \u00e9t\u00e9 command\u00e9 par deux autres pays europ\u00e9ens (Autriche et Norv\u00e8ge).<\/p>\n<p>L\u2019IRIS-T SLM \u00e0 moyenne port\u00e9e (40 km), plus r\u00e9cent, est activement employ\u00e9 en Ukraine, et a \u00e9t\u00e9 command\u00e9 par l\u2019Allemagne et sept autres arm\u00e9es europ\u00e9ennes (Bulgarie, Estonie, Lettonie, Pays-Bas, Slov\u00e9nie et Suisse). La Lituanie, la Roumanie et d\u2019autres sont \u00e9galement en discussion avec Hensoldt et Diehl pour ces syst\u00e8mes.<\/p>\n<p>Dans un avenir proche, une version \u00e0 plus longue port\u00e9e, avec des capacit\u00e9s anti-balistiques contre des menaces SRBM, entrera en service. Baptis\u00e9 IRIS-T SLX, ce syst\u00e8me aura une port\u00e9e de 80 km pour un plafond de 30 km, et sera nativement compatible et int\u00e9gr\u00e9 avec les IRIS-T SLM et SLX, ainsi qu\u2019avec les Skyranger 30\/35 de Rheinmetall, qui s\u2019appuient, eux aussi, sur les syst\u00e8mes de d\u00e9tection et d\u2019engagement de Hensoldt et de Diehl.<\/p>\n<p><img loading=\"lazy\" decoding=\"async\" width=\"1280\" height=\"840\" src=\"data:image\/svg+xml,%3Csvg%20xmlns=\" http:=\"\" alt=\"gamme iris-t\" class=\"wp-image-36397\" title=\"L'Allemagne se pr\u00e9pare \u00e0 faire main basse sur le march\u00e9 europ\u00e9en de l'armement en 2030. 8\" data-lazy-src=\"https:\/\/www.europesays.com\/fr\/wp-content\/uploads\/2025\/06\/IRIS-T-gamme-Deihl-defense-1280x840.webp.webp\"\/>La Gamme IRIS-T telle que pr\u00e9sent\u00e9e par Deihl Defense. <\/p>\n<p>La compl\u00e9mentarit\u00e9 \u00e9vidente des syst\u00e8mes Skyranger 30\/35 et des IRIS-T SLS \u00e0 SLX est accentu\u00e9e par le fait que ces syst\u00e8mes sont les seuls \u00e0 \u00eatre int\u00e9gr\u00e9s par Berlin \u00e0 l\u2019initiative ESSI, qui s\u2019appuie, au-del\u00e0 de la couverture 0\u201380 km, sur le Patriot am\u00e9ricain pour la d\u00e9fense antia\u00e9rienne et antimissile \u00e0 longue port\u00e9e, et la d\u00e9fense antibalistique face aux SRBM, et sur l\u2019Arrow 3, et certainement l\u2019Arrow 4 isra\u00e9liens, pour la d\u00e9fense antibalistique face aux menaces MRBM haut de spectre et IRBM.<\/p>\n<p>Pour rappel, l\u2019European Sky Shield Initiative, ou ESSI, lanc\u00e9e en ao\u00fbt 2023 par Olaf Scholz, a \u00e9t\u00e9 rejointe par 24 pays \u00e0 ce jour, et exclut les autres acteurs europ\u00e9ens de la d\u00e9fense antia\u00e9rienne, dont la France (SAMP\/T NG, VL MICA NG, Mistral 3), l\u2019Italie (SAMP\/T NG), la Grande-Bretagne (CAMM, Starstreak) et la Norv\u00e8ge (NASAMS). Elle n\u2019a cependant pas emp\u00each\u00e9 certains adh\u00e9rents de se tourner vers d\u2019autres syst\u00e8mes isra\u00e9liens (Spyder en Finlande, <a href=\"https:\/\/meta-defense.fr\/2024\/08\/28\/barak-mx-slovaquie-vs-iris-t-vl-mica\/\" rel=\"nofollow noopener\" target=\"_blank\">Barak-MX en Slovaquie<\/a>).<\/p>\n<p>Boris Pistorius annonce la cr\u00e9ation d\u2019un m\u00e9canisme de type FMS allemand, pour inonder l\u2019Europe des armements allemands<\/p>\n<p>De toute \u00e9vidence, Berlin entend \u00e9viter que des \u00e9pisodes comme les K2 polonais, les Blacksword Barracuda n\u00e9erlandais ou les Spyder finlandais ne se reproduisent \u00e0 l\u2019avenir, sp\u00e9cialement en Europe.<\/p>\n<p>Pour cela, l\u2019Allemagne va se doter d\u2019un outil particuli\u00e8rement performant, construit pour exploiter, pr\u00e9cis\u00e9ment, ses deux plus grandes forces : des finances publiques saines, et une position de leadership incontestable en Europe, en mati\u00e8re de budget des arm\u00e9es.<\/p>\n<p>L\u2019Allemagne va cr\u00e9er un m\u00e9canisme de type FMS pour soutenir ses exportations industrielles de d\u00e9fense, en Europe<\/p>\n<p>Pour cela, Boris Pistorius, le tr\u00e8s appr\u00e9ci\u00e9 ministre allemand de la D\u00e9fense, vient d\u2019annoncer <a href=\"https:\/\/www.hartpunkt.de\/deutschland-bietet-partnern-einstieg-in-rahmenvertraege-fuer-u-boote-kampfpanzer-und-luftverteidigung-an\/\" target=\"_blank\" rel=\"noopener nofollow\">la cr\u00e9ation d\u2019un m\u00e9canisme de contrats-cadres<\/a> permettant aux Europ\u00e9ens d\u2019acqu\u00e9rir le Leopard 2A8, le sous-marin U212 CD ou les syst\u00e8mes antia\u00e9riens Skyranger et IRIS-T SL, aux m\u00eames conditions que la Bundeswehr.<\/p>\n<p><img loading=\"lazy\" decoding=\"async\" width=\"1280\" height=\"720\" src=\"data:image\/svg+xml,%3Csvg%20xmlns=\" http:=\"\" alt=\"F-35A norv\u00e8ge\" data-lazy- data-lazy- data-lazy-src=\"https:\/\/www.europesays.com\/fr\/wp-content\/uploads\/2025\/06\/royal-norwegian-air-force-f-35-l-1.jpg\"\/><\/p>\n<p>Tous les F-35 acquis en Europe l\u2019ont \u00e9t\u00e9 au travers du FMS am\u00e9ricain. Si les clients doivent payer les mises \u00e0 jours de leurs appareils au prix fort, ils ne doivent pas, en revanche, financer les couts de conception de ces modernisations.<\/p>\n<p>Pr\u00e9sent\u00e9 ainsi, on peut se demander pourquoi une telle annonce fait l\u2019objet d\u2019un article aussi long ? C\u2019est qu\u2019elle porte, avec elle, une formidable puissance de n\u00e9gociation, pour convaincre les Europ\u00e9ens de se tourner vers ces trois syst\u00e8mes.<\/p>\n<p>Sans le dire, le m\u00e9canisme pr\u00e9sent\u00e9 par le ministre allemand n\u2019est autre qu\u2019une reprise du syst\u00e8me du Foreign Military Sales, ou FMS, mis en \u0153uvre depuis les ann\u00e9es 1990 par le Pentagone et l\u2019industrie de d\u00e9fense am\u00e9ricaine sur la sc\u00e8ne internationale.<\/p>\n<p>Cette solution n\u2019offre pas n\u00e9cessairement des conditions tarifaires particuli\u00e8rement attractives sur le prix des \u00e9quipements. En revanche, elle simplifie consid\u00e9rablement la passation de contrats. Surtout, en faisant l\u2019acquisition des m\u00eames syst\u00e8mes que les arm\u00e9es am\u00e9ricaines, \u00e0 un standard tr\u00e8s proche, les clients n\u2019ont pas \u00e0 participer au financement des d\u00e9veloppements \u00e0 venir dans le cadre de leur modernisation, tout en pouvant participer \u00e0 l\u2019\u00e9laboration des futurs besoins, dans le cadre de \u00ab\u00a0clubs d\u2019utilisateurs\u00ab\u00a0, un outil redoutablement efficace invent\u00e9 par Krauss-Maffei Wegmann autour du Leopard 2 avec le club LeoBen.<\/p>\n<p>Par ailleurs, ces co\u00fbts d\u2019\u00e9volution peuvent repr\u00e9senter des sommes tr\u00e8s importantes. Ce n\u2019est pas pour rien, par exemple, que la Gr\u00e8ce a tenu \u00e0 avoir des FDI et des Rafale, au plus pr\u00e8s des standards de l\u2019Arm\u00e9e de l\u2019air et de l\u2019espace, et de la Marine nationale. \u00c0 l\u2019inverse, l\u2019\u00e9volution des Mirage 2000-9 \u00e9miratis a \u00e9t\u00e9 financ\u00e9e exclusivement par Abu Dhabi.<\/p>\n<p>De fait, en cr\u00e9ant trois offres-cadres pour ces trois piliers des exportations allemandes en mati\u00e8re de d\u00e9fense, Berlin cr\u00e9e une solution d\u2019une grande attractivit\u00e9, en particulier pour passer outre les solutions isra\u00e9liennes et sud-cor\u00e9ennes, potentiellement plus comp\u00e9titives, tout en faisant jeu \u00e9gal, dans ce domaine, avec les offres am\u00e9ricaines, souvent plus on\u00e9reuses.<\/p>\n<p>Un positionnement qui vise sp\u00e9cialement \u00e0 r\u00e9duire les parts de march\u00e9 potentielles de la France en Europe<\/p>\n<p>Au-del\u00e0 des offres isra\u00e9liennes et sud-cor\u00e9ennes, les autres victimes potentielles de ce m\u00e9canisme allemand seront les offres europ\u00e9ennes, en premier lieu desquelles les offres fran\u00e7aises.<\/p>\n<p><img loading=\"lazy\" decoding=\"async\" width=\"1280\" height=\"724\" src=\"data:image\/svg+xml,%3Csvg%20xmlns=\" http:=\"\" alt=\"Blacksword barracuda Naval Group et Walrus n\u00e9eraldnais.\" data-lazy-src=\"https:\/\/www.europesays.com\/fr\/wp-content\/uploads\/2025\/06\/walrus-x-barracuda-family-small-1280x724.jpg\"\/><\/p>\n<p>Le Blacksword Barracuda remplacera le Walrus des forces navales n\u00e9erlandaises, au grand damn de l\u2019allemand tKMS qui pensait avoir comp\u00e9tition gagn\u00e9e dans ce dossier, en proposant \u00e0 La haye d\u2019integrer l\u2019accord germano-norv\u00e9gien d\u00e9j\u00e0 \u00e0 l\u2019oeuvre. <\/p>\n<p>En effet, Naval Group est incontestablement le principal comp\u00e9titeur international de tKMS dans le domaine des sous-marins \u00e0 propulsion conventionnelle, la soci\u00e9t\u00e9 fran\u00e7aise ayant pris, ces vingt derni\u00e8res ann\u00e9es, plusieurs march\u00e9s captifs strat\u00e9giques de Berlin dans ce domaine, comme l\u2019Inde, le Chili ou le Br\u00e9sil, et s\u2019\u00e9tant impos\u00e9e face au U212 CD avec le Blacksword Barracuda aux Pays-Bas, gr\u00e2ce \u00e0 une offre financi\u00e8re tr\u00e8s comp\u00e9titive.<\/p>\n<p>Avec cette offre-cadre, Berlin met en \u00e9vidence la plus grande faiblesse de la France et de Naval Group concernant ses sous-marins conventionnels : le fait qu\u2019ils ne sont pas mis en \u0153uvre par la Marine nationale, qui est dot\u00e9e exclusivement de sous-marins nucl\u00e9aires.<\/p>\n<p>Or, cette diff\u00e9rence peut repr\u00e9senter, \u00e0 terme, des \u00e9carts de co\u00fbts tr\u00e8s importants en mati\u00e8re de modernisation, sachant, par exemple, que la Deutsche Marine finance d\u00e9j\u00e0 la transformation des U212A vers des batteries lithium-ion, permettant aux Type 212 italiens d\u2019en profiter sans co\u00fbts de R&amp;D.<\/p>\n<p>Il en va exactement de m\u00eame quant aux offres potentielles de Leclerc Evo ou d\u2019EMBT, que pourrait faire KNDS France en Europe, face au Leopard 2A8, sachant que la France n\u2019a pas pr\u00e9vu d\u2019acqu\u00e9rir ces chars, et donc, bien \u00e9videmment, de les moderniser.<\/p>\n<p>L\u2019argument n\u2019est pas valable, en revanche, concernant les syst\u00e8mes antia\u00e9riens SAMP\/T NG franco-italiens, VL MICA NG et Mistral 3, tous trois command\u00e9s par les arm\u00e9es fran\u00e7aises. Cependant, dans ce domaine, Berlin peut s\u2019appuyer sur le caract\u00e8re normatif de l\u2019ESSI, tout en insistant, face aux Barak-MX et Spyder isra\u00e9liens, sur le fait que ces syst\u00e8mes ne sont pas, eux non plus, en service au sein de Tsahal.<\/p>\n<p>Mais un positionnement qui \u00e9vite soigneusement la plupart des interf\u00e9rences avec les \u00c9tats-Unis<\/p>\n<p>Sur les trois piliers retenus pour former les accords-cadres allemands initiaux (nul doute que d\u2019autres viendront dans les mois et ann\u00e9es \u00e0 venir), seul le Leopard 2A8 vient en comp\u00e9tition avec des syst\u00e8mes am\u00e9ricains, en l\u2019occurrence le M1A2 SEPv3 actuel, et surtout le futur M1E3, qui s\u2019opposera certainement au Leopard 3 \u00e0 partir de 2030.<\/p>\n<p><img loading=\"lazy\" decoding=\"async\" width=\"910\" height=\"568\" src=\"data:image\/svg+xml,%3Csvg%20xmlns=\" http:=\"\" alt=\"batterie Patriot Pologne\" data-lazy- data-lazy- data-lazy-src=\"https:\/\/www.europesays.com\/fr\/wp-content\/uploads\/2025\/04\/patriot-Pologne.jpeg\"\/><\/p>\n<p>Pour l\u2019heure, la strat\u00e9gie allemande evite soigneusement de se frotter aux parts de march\u00e9 am\u00e9ricains en Europe. Cela ne signifie pas que ce ne sera pas le cas \u00e0 l\u2019avenir. <\/p>\n<p>En dehors de celui-ci, qui fait partie d\u2019un domaine de comp\u00e9tition reconnu par Washington concernant l\u2019industrie allemande de d\u00e9fense, les deux autres piliers retenus par B. Pistorius \u00e9vitent soigneusement toute interf\u00e9rence avec les exportations am\u00e9ricaines en Europe.<\/p>\n<p>Ainsi, le sous-marin U212 CD, \u00e0 propulsion conventionnelle, ne repr\u00e9sente en aucun cas une menace pour l\u2019industrie navale am\u00e9ricaine, qui ne produit que des sous-marins \u00e0 propulsion nucl\u00e9aire. En revanche, les fr\u00e9gates et destroyers de la famille MEKO, grands succ\u00e8s \u00e0 l\u2019exportation de tKMS ces derni\u00e8res d\u00e9cennies, et en particulier l<a href=\"https:\/\/meta-defense.fr\/2025\/05\/21\/marine-allemande-plan-2035-ambitions\/\" rel=\"nofollow noopener\" target=\"_blank\">a future fr\u00e9gate antia\u00e9rienne lourde F127, bas\u00e9e sur la MEKO 400<\/a>, ne sont pas int\u00e9gr\u00e9s, pour l\u2019instant en tout cas, dans ce domaine, alors que les \u00c9tats-Unis envisagent de revenir sur le march\u00e9 mondial de la fr\u00e9gate avec la classe Constellation (si celle-ci aboutit effectivement).<\/p>\n<p>Surtout, dans le domaine antia\u00e9rien, l\u2019offre allemande s\u2019arr\u00eate exactement l\u00e0 o\u00f9 commence le domaine de pr\u00e9dilection du Patriot am\u00e9ricain, alors que les arm\u00e9es US s\u2019appuient sur quelques NASAMS norv\u00e9giens pour couvrir le p\u00e9rim\u00e8tre courte \u00e0 moyenne port\u00e9e de l\u2019IRIS-T.<\/p>\n<p>En outre, la tourelle Skyranger 30, qui peut \u00e9ventuellement \u00eatre consid\u00e9r\u00e9e comme concurrente de celle qui \u00e9quipe le SHORAD-M de l\u2019US Army (et qui est d\u00e9velopp\u00e9e par l\u2019Italien Leonardo), permet de mettre en \u0153uvre le missile MANPADS FIM-92 Stinger am\u00e9ricain, mais aussi le Mistral 3 fran\u00e7ais.<\/p>\n<p>De fait, tout indique que l\u2019annonce de ce nouveau \u201cFMS allemand\u201d a \u00e9t\u00e9 soigneusement pes\u00e9e pour ne pas engendrer de riposte de la part de Washington, tout en conf\u00e9rant aux plus importants syst\u00e8mes allemands de d\u00e9fense, sur la sc\u00e8ne europ\u00e9enne, des atouts indiscutables. <\/p>\n<p>Une strat\u00e9gie allemande excessivement difficile \u00e0 contrer pour la France, l\u2019Italie ou l\u2019Espagne<\/p>\n<p>Cette nouvelle strat\u00e9gie allemande repr\u00e9sente donc un bouleversement profond des rapports de force industriels en Europe, concernant l\u2019industrie de d\u00e9fense, avec une ambition parfaitement assum\u00e9e par Berlin de faire de l\u2019Allemagne le leader et le pivot de cette industrie de d\u00e9fense en Europe.<\/p>\n<p><img loading=\"lazy\" decoding=\"async\" width=\"800\" height=\"444\" src=\"data:image\/svg+xml,%3Csvg%20xmlns=\" http:=\"\" alt=\"SAMP\/T NG depart missile aster\" class=\"wp-image-38304\" title=\"L'Allemagne se pr\u00e9pare \u00e0 faire main basse sur le march\u00e9 europ\u00e9en de l'armement en 2030. 12\" data-lazy- data-lazy- data-lazy-src=\"https:\/\/www.europesays.com\/fr\/wp-content\/uploads\/2025\/04\/SAMPT-missile-aster.webp.webp\"\/>La strat\u00e9gie ESSI lanc\u00e9e par Olaf Scholz en aout 2023, visait tr\u00e8s sp\u00e9cifiquement \u00e0 reduire l\u2019attrait du syst\u00e8me SAMP\/T NG franco-italien en Europe, au profit du Patriot et de l\u2019IRIS-T SLM\/SLX. <\/p>\n<p>Bien \u00e9videmment, le march\u00e9 \u00e9tant ce qu\u2019il est, ce que gagne Berlin se fera n\u00e9cessairement au d\u00e9triment des autres industriels europ\u00e9ens, en particulier de Paris, leader aujourd\u2019hui en Europe des exportations de d\u00e9fense, mais aussi des autres acteurs comme Rome, Londres, Madrid, Stockholm ou Oslo, et des \u00e9mergents comme Varsovie.<\/p>\n<p>Elle est d\u2019autant plus une menace pour ses concurrents qu\u2019elle peut s\u2019appuyer sur un certain nombre d\u2019atouts qui lui seront exclusifs dans les ann\u00e9es \u00e0 venir.<\/p>\n<p>Les importantes commandes de la Bundeswehr vont dimensionner l\u2019outil industriel allemand<\/p>\n<p>En premier lieu, l\u2019industrie de d\u00e9fense allemande va pouvoir compter sur les immenses commandes qui se pr\u00e9parent pour la Bundeswehr, lorsque son budget annuel va augmenter de 150 %, en passant de 60 \u00e0 160 Md\u20ac d\u2019ici \u00e0 2030-2032, en euros courants, tenant compte de l\u2019inflation et de la croissance allemande.<\/p>\n<p>En effet, attendu que Berlin augmentera n\u00e9cessairement son effort de d\u00e9fense \u00e0 3,5 % de son PIB, pour \u00e9viter les foudres de la Maison-Blanche, et que la d\u00e9mographie allemande et <a href=\"https:\/\/meta-defense.fr\/2025\/03\/12\/en-bref-bundeswehr-otan-ue-ssn-aukus\/\" rel=\"nofollow noopener\" target=\"_blank\">les difficult\u00e9s de recrutement de la Bundeswehr \u00e9tant ce qu\u2019elles sont<\/a>, il est tr\u00e8s probable que les seules alternatives, pour Berlin, pour \u00ab d\u00e9penser \u00bb cet argent efficacement, seront de passer d\u2019immenses commandes industrielles vers sa propre industrie, quitte \u00e0 faire des stocks destin\u00e9s \u00e0 l\u2019exportation d\u2019occasion, une fois Trump en fin de mandat.<\/p>\n<p><img loading=\"lazy\" decoding=\"async\" width=\"1199\" height=\"674\" src=\"data:image\/svg+xml,%3Csvg%20xmlns=\" http:=\"\" alt=\"Boris pistorius en su\u00e8de mai 2024\" class=\"wp-image-37021\" title=\"L'Allemagne se pr\u00e9pare \u00e0 faire main basse sur le march\u00e9 europ\u00e9en de l'armement en 2030. 13\" data-lazy- data-lazy- data-lazy-src=\"https:\/\/www.europesays.com\/fr\/wp-content\/uploads\/2025\/06\/boris-pistorius-suede.webp.webp\"\/>Boris Pistorius s\u2019\u00e9tait enredu en Su\u00e8de et en norv\u00e8ge en mai 2024, pour observer le fonctionnement de la conscritpion choisie appliqu\u00e9e par les deux pays scandinaves. Il est revenu avec la conviction que ce syst\u00e8me \u00e9tait pertinent pour l\u2019Allemagne. <\/p>\n<p>En d\u2019autres termes, m\u00eame en admettant un retour \u00e0 une forme de conscription choisie en Allemagne, mod\u00e8le pl\u00e9biscit\u00e9 par B. Pistorius et seule alternative applicable pour augmenter la masse RH de la Bundeswehr, les commandes annuelles aux industries allemandes vont \u00eatre multipli\u00e9es par trois ou quatre, peut-\u00eatre davantage, dans les ann\u00e9es \u00e0 venir.<\/p>\n<p>Ce faisant, l\u2019industrie allemande de d\u00e9fense va pouvoir se dimensionner pour r\u00e9pondre aux besoins europ\u00e9ens dans leur ensemble, d\u2019autant que Berlin n\u2019aura certainement aucune h\u00e9sitation \u00e0 faire passer en priorit\u00e9 des commandes europ\u00e9ennes vis-\u00e0-vis de ses propres attentes.<\/p>\n<p>Cela va cr\u00e9er, n\u00e9cessairement, un exc\u00e8s d\u2019offres en Europe, d\u2019autant que plusieurs pays, voyant eux aussi leurs besoins d\u2019investissements augmenter, pour les m\u00eames raisons que l\u2019Allemagne (Italie, Espagne\u2026), entreront en comp\u00e9tition accrue en mati\u00e8re de prix, domaine dans lequel la bonne sant\u00e9 de l\u2019\u00e9conomie allemande donnera un avantage tr\u00e8s significatif \u00e0 ses industries.<\/p>\n<p>Ce faisant, l\u2019offre allemande va non seulement contribuer \u00e0 donner \u00e0 l\u2019industrie de d\u00e9fense germanique une position de leadership, elle pourrait bien \u00e9galement \u00eatre destin\u00e9e \u00e0 \u00e9liminer un certain nombre d\u2019acteurs en Europe, au bout de quelques ann\u00e9es.<\/p>\n<p>La position strat\u00e9gique de l\u2019Allemagne, comme meneur de jeu \/ demi d\u2019ouverture \/ quarterback de la strat\u00e9gie de d\u00e9fense europ\u00e9enne<\/p>\n<p>Le second argument puissant de Berlin et de son industrie de d\u00e9fense ne sera autre que le poids relatif de la Bundeswehr en Europe, sp\u00e9cialement dans le domaine des forces conventionnelles.<\/p>\n<p><img loading=\"lazy\" decoding=\"async\" width=\"800\" height=\"534\" src=\"data:image\/svg+xml,%3Csvg%20xmlns=\" http:=\"\" alt=\"Puma KMW KNDS Allemagne Bundeswehr\" data-lazy- data-lazy- data-lazy-src=\"https:\/\/www.europesays.com\/fr\/wp-content\/uploads\/2025\/06\/KMW-Puma-e1683024825581.jpeg\"\/><\/p>\n<p>La position geographique allemande en fait le parfait meneur de jeu pour la d\u00e9fense europ\u00e9enne, aussi bien du point de vue op\u00e9rationnel qu\u2019industriel.<\/p>\n<p>En effet, l\u2019Allemagne aura simultan\u00e9ment le plus important budget de d\u00e9fense, l\u2019industrie la plus puissante, ne serait-ce que par la demande int\u00e9rieure, et la population la plus importante.<\/p>\n<p>Ce faisant, m\u00eame en d\u00e9pit du vieillissement de la population allemande, pas tr\u00e8s \u00e9loign\u00e9 de celui des autres pays, et des difficult\u00e9s de recrutement de la Bundeswehr, l\u00e0 encore sans grande diff\u00e9rence avec les autres arm\u00e9es europ\u00e9ennes professionnalis\u00e9es, l\u2019Allemagne dispose du plus important potentiel de croissance pour se doter effectivement de la plus puissante arm\u00e9e conventionnelle en Europe.<\/p>\n<p>De fait, si l\u2019ex\u00e9cutif allemand met effectivement en place un mod\u00e8le de conscription choisi, tel que pr\u00e9conis\u00e9 par B. Pistorius, seule alternative RH viable pour atteindre ces objectifs, les arm\u00e9es allemandes atteindront une puissance et une importance relative, en Europe, leur conf\u00e9rant de fait un caract\u00e8re normatif.<\/p>\n<p>\u00c0 cela s\u2019ajoute la position g\u00e9ographique sp\u00e9cifique du pays, au centre de l\u2019Europe, qui partage ses fronti\u00e8res aussi bien avec l\u2019Europe de l\u2019Est qu\u2019avec l\u2019Ouest, en faisant le pivot \/ meneur de jeu \/ demi d\u2019ouverture \/ quarterback (choisissez votre sport) naturel de toute initiative europ\u00e9enne de d\u00e9fense.<\/p>\n<p><img loading=\"lazy\" decoding=\"async\" width=\"1200\" height=\"675\" src=\"data:image\/svg+xml,%3Csvg%20xmlns=\" http:=\"\" alt=\"ESSI suede danemark\" data-lazy- data-lazy- data-lazy-src=\"https:\/\/www.europesays.com\/fr\/wp-content\/uploads\/2025\/06\/ESSI-allemagne-suede-danemarl.jpeg\"\/><\/p>\n<p>Signature du protocole ESSI avec la Su\u00e8de et le Danemark, par Boris Pistorius. <\/p>\n<p>D\u00e8s lors, le m\u00eame m\u00e9canisme d\u2019interop\u00e9rabilit\u00e9 qui a amen\u00e9 nombre de pays europ\u00e9ens \u00e0 se tourner, depuis plusieurs d\u00e9cennies, vers les armements am\u00e9ricains, pourrait \u00e0 l\u2019avenir s\u2019appliquer aux armements allemands, sachant que ce sera la Bundeswehr qui repr\u00e9sentera la force de renforcement de r\u00e9f\u00e9rence, une fois l\u2019in\u00e9vitable retrait am\u00e9ricain engag\u00e9.<\/p>\n<p>Ni la France, trop \u00e0 l\u2019ouest, ni l\u2019Italie, trop au sud, ni la Grande-Bretagne, par son caract\u00e8re insulaire, ne peuvent se substituer \u00e0 l\u2019Allemagne dans ce domaine, d\u2019autant que les moyens potentiels, budg\u00e9taires et RH, de ces pays seront n\u00e9cessairement plus r\u00e9duits. <\/p>\n<p>Les moyens financiers de l\u2019Allemagne, pour proposer des conditions de financement attractives<\/p>\n<p>Bien \u00e9videmment, toute cette strat\u00e9gie n\u2019est possible qu\u2019en s\u2019appuyant sur la bonne sant\u00e9 des finances publiques allemandes, avec un taux d\u2019endettement presque deux fois plus faible que la France ou l\u2019Italie, un d\u00e9ficit public maintenu sous la barre des 3 % (2,8 %), lib\u00e9rant des marges de man\u0153uvre efficaces pour y parvenir, surtout en appliquant les mesures temporaires annonc\u00e9es par Bruxelles.<\/p>\n<p>Surtout, l\u2019Allemagne conna\u00eet parfaitement les notions de retour social et fiscal de son industrie de d\u00e9fense, et sait, d\u00e8s lors, que l\u2019essentiel de la hausse des cr\u00e9dits de la Bundeswehr pourra \u00eatre compens\u00e9 par l\u2019augmentation des recettes fiscales, nationales et r\u00e9gionales, ainsi que des recettes sociales, li\u00e9es \u00e0 l\u2019augmentation de l\u2019activit\u00e9 industrielle pour les march\u00e9s nationaux et exports.<\/p>\n<p><img loading=\"lazy\" decoding=\"async\" width=\"837\" height=\"619\" src=\"data:image\/svg+xml,%3Csvg%20xmlns=\" http:=\"\" alt=\"Friedrich merz boriz Pistoruis\" data-lazy- data-lazy- data-lazy-src=\"https:\/\/www.europesays.com\/fr\/wp-content\/uploads\/2025\/06\/36683538-boris-pistorius-li-und-friedrich-merz-2eogCSlW3FBG.jpg\"\/><\/p>\n<p>Malgr\u00e9 la defaite du SPD lors des elections legislatives de mars, Boris Pistorius a concerv\u00e9 son poste de ministre de la d\u00e9fense allemand, la CDU-CSU et le SPD ayant sign\u00e9 un accord de gouvernement pour former le gouvernement allemand men\u00e9 par Frierich Merz. <\/p>\n<p>On comprend, \u00e0 ce titre, les raisons qui am\u00e8nent, \u00e0 pr\u00e9sent, Berlin \u00e0 mettre en \u0153uvre des mesures d\u2019accompagnement sp\u00e9cifiques destin\u00e9es \u00e0 soutenir les exportations en Europe de sa propre industrie de d\u00e9fense, pr\u00e9cis\u00e9ment pour \u00e9quilibrer ses propres comptes publics le plus rapidement possible.<\/p>\n<p>De fait, jusqu\u2019\u00e0 pr\u00e9sent, Berlin n\u2019a annonc\u00e9 aucune hausse des taux de pr\u00e9l\u00e8vement pour financer l\u2019augmentation de l\u2019effort de d\u00e9fense. M\u00eame si Friedrich Merz a obtenu du Bundestag que <a href=\"https:\/\/meta-defense.fr\/2025\/03\/06\/tabous-defense-en-europe-allemagne-2025\/\" rel=\"nofollow noopener\" target=\"_blank\">l\u2019augmentation de l\u2019effort de d\u00e9fense ne soit plus frein\u00e9e par le cadre l\u00e9gislatif sur les d\u00e9ficits f\u00e9d\u00e9raux<\/a>, cela indique que le d\u00e9s\u00e9quilibre du budget engendr\u00e9 par ces hausses brutales des d\u00e9penses ne devrait \u00eatre que temporaire, les recettes venant rapidement compenser les d\u00e9penses \u00e0 ce sujet.<\/p>\n<p>D\u2019autre part, cette bonne sant\u00e9 budg\u00e9taire permettra \u00e9galement \u00e0 Berlin de proposer des offres d\u2019accompagnement pour ses propositions d\u2019exportation particuli\u00e8rement attractives, avec des conditions tarifaires tr\u00e8s agressives et des conditions de paiement des plus souples.<\/p>\n<p>L\u00e0 encore, des pays aux d\u00e9ficits chroniques \u00e9lev\u00e9s, comme la France, l\u2019Italie et m\u00eame la Grande-Bretagne, seront dans l\u2019incapacit\u00e9 de s\u2019aligner sur l\u2019offre allemande \u00e0 venir, ceci venant, sans le moindre doute, menacer la p\u00e9rennit\u00e9 de leurs industries de d\u00e9fense, au moins pour les plus vuln\u00e9rables d\u2019entre elles. <\/p>\n<p>L\u2019exp\u00e9rience de l\u2019industrie allemande dans les programmes de coop\u00e9ration industrielle de d\u00e9fense<\/p>\n<p>Enfin, Berlin pourra s\u2019appuyer sur la grande exp\u00e9rience de son industrie de d\u00e9fense en mati\u00e8re de coop\u00e9ration en Europe, celles-ci ayant autant l\u2019habitude de mener le projet technologique (Leopard 2, Type 214, MEKO 200\u2026) que d\u2019int\u00e9grer des technologies exog\u00e8nes (EuroSpike, EuroTrophy, Patriot, F-35A\u2026).<\/p>\n<p>Cette exp\u00e9rience de longue date permet aux industriels allemands d\u2019aborder les probl\u00e9matiques de coop\u00e9ration avec une grande souplesse, comme le montre, depuis plusieurs ann\u00e9es, Rheinmetall, particuli\u00e8rement actif et volontaire dans ce domaine.<\/p>\n<p>Conclusion<\/p>\n<p>L\u2019annonce faite par Boris Pistorius, au sujet de la cr\u00e9ation d\u2019accords-cadres pour soutenir les exportations en Europe de certains des \u00e9quipements phares de l\u2019industrie de d\u00e9fense allemande, passera probablement inaper\u00e7ue dans l\u2019espace m\u00e9diatique d\u00e9fense, ne traitant ni d\u2019un nouvel \u00e9quipement, ni d\u2019un nouveau contrat.<\/p>\n<p><img loading=\"lazy\" decoding=\"async\" width=\"800\" height=\"533\" src=\"data:image\/svg+xml,%3Csvg%20xmlns=\" http:=\"\" alt=\"KNDS Deutschland Krauss-Maffei Wegmann\" data-lazy- data-lazy- data-lazy-src=\"https:\/\/www.europesays.com\/fr\/wp-content\/uploads\/2025\/06\/KMW-Leopard2-factory-e1683202464684.jpeg\"\/><\/p>\n<p>Chaine de production de Krauss-Maffei-Wegmann pour le Leopard 2<\/p>\n<p>Pourtant, cette annonce, on le voit, a une port\u00e9e d\u2019ampleur strat\u00e9gique et dimensionnante, aussi bien pour l\u2019industrie de d\u00e9fense allemande qu\u2019europ\u00e9enne, ainsi que pour la position de leadership que vise Berlin dans la grande mutation qui s\u2019amorce concernant la d\u00e9fense europ\u00e9enne.<\/p>\n<p>De toute \u00e9vidence, il s\u2019agit d\u2019une strat\u00e9gie d\u2019autant plus efficace qu\u2019elle s\u2019appuie sur des atouts souvent exclusifs \u00e0 l\u2019Allemagne. Elle vise avant tout \u00e0 \u00e9viter que des \u00e9pisodes comme les Black Panther polonais ou les Spyder finlandais ne se reproduisent, mais aussi \u00e0 reprendre la main face aux offres fran\u00e7aises et europ\u00e9ennes en mati\u00e8re de sous-marins, de chars de combat et de d\u00e9fense antia\u00e9rienne en Europe.<\/p>\n<p>Elle montre, enfin, que Berlin applique une strat\u00e9gie parfaitement pens\u00e9e et \u00e9quilibr\u00e9e, pr\u00e9cis\u00e9ment pour s\u2019imposer comme le leader technologique et industriel de d\u00e9fense en Europe, au moins concernant les \u00e9quipements conventionnels, tout en \u00e9vitant soigneusement de trop empi\u00e9ter sur les march\u00e9s am\u00e9ricains.<\/p>\n<p>Toute la question, \u00e0 pr\u00e9sent, est d\u2019imaginer, pour un pays comme la France, une strat\u00e9gie permettant de continuer d\u2019exister en Europe face \u00e0 ce tapis de bombes que pr\u00e9pare Berlin contre l\u2019industrie europ\u00e9enne de d\u00e9fense, en partant des positions budg\u00e9taires d\u00e9t\u00e9rior\u00e9es de plusieurs de ces pays.<\/p>\n<p><img loading=\"lazy\" decoding=\"async\" width=\"1000\" height=\"667\" src=\"data:image\/svg+xml,%3Csvg%20xmlns=\" http:=\"\" alt=\"Pump-jet SNA TOurville Naval Group\" data-lazy- data-lazy- data-lazy-src=\"https:\/\/www.europesays.com\/fr\/wp-content\/uploads\/2025\/06\/Suffren-pup-jet-charbourg-naval-group.jpeg\"\/><\/p>\n<p>Le SSN Tourville lors de sa construction. Le Pumpjet est bach\u00e9, pour des questions de confidentialit\u00e9. <\/p>\n<p><a href=\"https:\/\/meta-defense.fr\/2025\/05\/23\/defense-francaise-vs-allemagne-2030\/\" rel=\"nofollow noopener\" target=\"_blank\">Des solutions existent, c\u2019est incontestable<\/a>. Encore faudra-t-il que la r\u00e9alit\u00e9 de la menace que va rapidement faire peser la nouvelle strat\u00e9gie allemande sur l\u2019industrie de d\u00e9fense europ\u00e9enne soit effectivement identifi\u00e9e, et qu\u2019une strat\u00e9gie pour prot\u00e9ger la BITD soit effectivement mise en \u0153uvre, dans un contexte plus concurrentiel que jamais, au moins pour les dix \u00e0 quinze ann\u00e9es \u00e0 venir.<\/p>\n<p>La pire des r\u00e9ponses, dans ce domaine, \u00e9tant certainement de s\u2019offusquer que l\u2019Allemagne utilise pleinement ses atouts pour faire pr\u00e9valoir ses propres int\u00e9r\u00eats, comme on l\u2019a souvent fait, au fil des d\u00e9cennies, au sujet des \u00c9tats-Unis \u2014 sans grand succ\u00e8s, d\u2019ailleurs\u2026<\/p>\n<p>Article du 22 mai en version int\u00e9grale jusqu\u2019au 23 juin 2025<\/p>\n<p class=\"has-text-align-left\">Chaque semaine, Meta-defense propose une s\u00e9lection d\u2019articles de plus de trois mois, en version int\u00e9grale, pour permettre aux visiteurs de d\u00e9couvrir en profondeur la ligne \u00e9ditoriale du site.<\/p>\n<p class=\"has-text-align-left\">Abonnez-vous, \u00e0 partir de 1,99 \u20ac, pour acc\u00e9der aux articles Meta-defense dans leur <strong>int\u00e9gralit\u00e9<\/strong>, <strong>sans publicit\u00e9<\/strong>, et pour profiter des <strong>commentaires<\/strong> pour \u00e9changer sur les sujets propos\u00e9s.<\/p>\n","protected":false},"excerpt":{"rendered":"\u00ab Quand on parle d\u2019industrie de d\u00e9fense, un Allemand parle d\u2019industrie, un Fran\u00e7ais parle de d\u00e9fense \u00bb. Cette&hellip;\n","protected":false},"author":2,"featured_media":193680,"comment_status":"","ping_status":"","sticky":false,"template":"","format":"standard","meta":{"footnotes":""},"categories":[1587],"tags":[11,672,1804,1805,1803,1777,674,1801,12,1802],"class_list":{"0":"post-193679","1":"post","2":"type-post","3":"status-publish","4":"format-standard","5":"has-post-thumbnail","7":"category-allemagne","8":"tag-actualites","9":"tag-allemagne","10":"tag-bundesrepublik-deutschland","11":"tag-de","12":"tag-deutschland","13":"tag-eu","14":"tag-europe","15":"tag-germany","16":"tag-news","17":"tag-republique-federale-dallemagne"},"share_on_mastodon":{"url":"https:\/\/pubeurope.com\/@fr\/114721893705673396","error":""},"_links":{"self":[{"href":"https:\/\/www.europesays.com\/fr\/wp-json\/wp\/v2\/posts\/193679","targetHints":{"allow":["GET"]}}],"collection":[{"href":"https:\/\/www.europesays.com\/fr\/wp-json\/wp\/v2\/posts"}],"about":[{"href":"https:\/\/www.europesays.com\/fr\/wp-json\/wp\/v2\/types\/post"}],"author":[{"embeddable":true,"href":"https:\/\/www.europesays.com\/fr\/wp-json\/wp\/v2\/users\/2"}],"replies":[{"embeddable":true,"href":"https:\/\/www.europesays.com\/fr\/wp-json\/wp\/v2\/comments?post=193679"}],"version-history":[{"count":0,"href":"https:\/\/www.europesays.com\/fr\/wp-json\/wp\/v2\/posts\/193679\/revisions"}],"wp:featuredmedia":[{"embeddable":true,"href":"https:\/\/www.europesays.com\/fr\/wp-json\/wp\/v2\/media\/193680"}],"wp:attachment":[{"href":"https:\/\/www.europesays.com\/fr\/wp-json\/wp\/v2\/media?parent=193679"}],"wp:term":[{"taxonomy":"category","embeddable":true,"href":"https:\/\/www.europesays.com\/fr\/wp-json\/wp\/v2\/categories?post=193679"},{"taxonomy":"post_tag","embeddable":true,"href":"https:\/\/www.europesays.com\/fr\/wp-json\/wp\/v2\/tags?post=193679"}],"curies":[{"name":"wp","href":"https:\/\/api.w.org\/{rel}","templated":true}]}}