{"id":193687,"date":"2025-06-21T14:48:14","date_gmt":"2025-06-21T14:48:14","guid":{"rendered":"https:\/\/www.europesays.com\/fr\/193687\/"},"modified":"2025-06-21T14:48:14","modified_gmt":"2025-06-21T14:48:14","slug":"un-homme-de-55-ans-arrete-pres-de-lille-pour-avoir-achete-en-ligne-des-viols-denfants-liberation","status":"publish","type":"post","link":"https:\/\/www.europesays.com\/fr\/193687\/","title":{"rendered":"un homme de 55\u00a0ans arr\u00eat\u00e9 pr\u00e8s de Lille pour avoir \u00abachet\u00e9\u00bb en ligne des viols d\u2019enfants \u2013 Lib\u00e9ration"},"content":{"rendered":"<p class=\"sc-ksZaOG ehjQrN text-element\">Un homme de 55 ans r\u00e9sidant pr\u00e8s de Lille, dans le nord de la France, a \u00e9t\u00e9 interpell\u00e9 en d\u00e9but de semaine pour avoir \u00abachet\u00e9\u00bb des viols d\u2019enfants en ligne aupr\u00e8s d\u2019une famille en Colombie. Confirm\u00e9e par le parquet de Paris ce samedi 21 juin, l\u2019information a \u00e9t\u00e9 <a href=\"https:\/\/www.francebleu.fr\/infos\/faits-divers-justice\/pedocriminalite-arrete-pres-de-lille-un-homme-mis-en-examen-pour-avoir-achete-des-viols-d-enfants-en-ligne-3856100\" target=\"_blank\" rel=\"nofollow noopener\" title=\"https:\/\/www.francebleu.fr\/infos\/faits-divers-justice\/pedocriminalite-arrete-pres-de-lille-un-homme-mis-en-examen-pour-avoir-achete-des-viols-d-enfants-en-ligne-3856100\">r\u00e9v\u00e9l\u00e9e par la radio France info.<\/a><\/p>\n<p class=\"sc-ksZaOG ehjQrN text-element\">L\u2019homme, un garagiste de profession, a command\u00e9 \u00e0 distance entre 500 et 600 viols pendant quatre ans \u00e0 une famille colombienne \u00e0 laquelle il a vers\u00e9 une somme 30 000 euros, financ\u00e9e par plusieurs cr\u00e9dits \u00e0 la consommation. Les sc\u00e8nes se d\u00e9roulaient en direct, selon le proc\u00e9d\u00e9 dit de \u00ablivestreaming\u00bb. Les victimes sont une fratrie, les quatre enfants de la famille, des filles et des gar\u00e7ons, enfants et adolescents. Les quatre ont \u00e9t\u00e9 depuis plac\u00e9es sous protection.<\/p>\n<p class=\"sc-ksZaOG ehjQrN text-element\">L\u2019homme a \u00e9t\u00e9 arr\u00eat\u00e9 par les policiers de l\u2019Office mineurs (Ofmin) apr\u00e8s une collaboration in\u00e9dite entre les services de police fran\u00e7ais et colombiens qui ont permis de mettre au jour ce crime p\u00e9docriminel. \u00abAu titre de sa comp\u00e9tence nationale en mati\u00e8re de p\u00e9docriminalit\u00e9 en ligne, le parquet de Paris a men\u00e9 avec l\u2019Ofmin (Office des mineurs) une op\u00e9ration coordonn\u00e9e avec la Colombie qui a abouti, pour la premi\u00e8re fois, \u00e0 l\u2019interpellation simultan\u00e9e du commanditaire fran\u00e7ais, des auteurs locaux et d\u2019interm\u00e9diaires dits \u201cmoneyrunners\u201d\u00bb lundi, a relat\u00e9 la procureure de Paris dans un communiqu\u00e9.<\/p>\n<p class=\"sc-ksZaOG ehjQrN text-element\">Mis en examen, entre autres, pour complicit\u00e9 de traite d\u2019\u00eatre humain commise \u00e0 l\u2019\u00e9gard d\u2019un mineur aggrav\u00e9 pour une pluralit\u00e9 de victimes et de complicit\u00e9 de viol sur mineur de 15 ans, le suspect a \u00e9t\u00e9 plac\u00e9 en d\u00e9tention provisoire. Quinze chefs d\u2019inculpation sont retenus \u00e0 son encontre. Des armes ont \u00e9t\u00e9 retrouv\u00e9es lors de la perquisition du domicile du suspect et du mat\u00e9riel a \u00e9t\u00e9 saisi.<\/p>\n<p class=\"sc-ksZaOG ehjQrN text-element\">\u00abLa p\u00e9docriminalit\u00e9 en ligne, dite livestreaming, consiste \u00e0 commanditer depuis un pays des agressions sexuelles et viols perp\u00e9tr\u00e9s sur des mineurs dans d\u2019autres pays, g\u00e9n\u00e9ralement contre r\u00e9tribution de leurs proches directement impliqu\u00e9s, afin de regarder ces vid\u00e9os en direct\u00bb, a rappel\u00e9 la procureure de Paris, Laure Beccuau.<\/p>\n<p class=\"sc-ksZaOG ehjQrN text-element\"><b>Mise \u00e0 jour <\/b>\u00e0 14 h 10 avec le communiqu\u00e9 du parquet de Paris<\/p>\n","protected":false},"excerpt":{"rendered":"Un homme de 55 ans r\u00e9sidant pr\u00e8s de Lille, dans le nord de la France, a \u00e9t\u00e9 interpell\u00e9&hellip;\n","protected":false},"author":2,"featured_media":193688,"comment_status":"","ping_status":"","sticky":false,"template":"","format":"standard","meta":{"footnotes":""},"categories":[2],"tags":[11,9395,1011,27,12,874,25,799],"class_list":{"0":"post-193687","1":"post","2":"type-post","3":"status-publish","4":"format-standard","5":"has-post-thumbnail","7":"category-actualites","8":"tag-actualites","9":"tag-colombie","10":"tag-fr","11":"tag-france","12":"tag-news","13":"tag-pedophilie","14":"tag-republique-francaise","15":"tag-violences-sexuelles"},"share_on_mastodon":{"url":"https:\/\/pubeurope.com\/@fr\/114721908647455737","error":""},"_links":{"self":[{"href":"https:\/\/www.europesays.com\/fr\/wp-json\/wp\/v2\/posts\/193687","targetHints":{"allow":["GET"]}}],"collection":[{"href":"https:\/\/www.europesays.com\/fr\/wp-json\/wp\/v2\/posts"}],"about":[{"href":"https:\/\/www.europesays.com\/fr\/wp-json\/wp\/v2\/types\/post"}],"author":[{"embeddable":true,"href":"https:\/\/www.europesays.com\/fr\/wp-json\/wp\/v2\/users\/2"}],"replies":[{"embeddable":true,"href":"https:\/\/www.europesays.com\/fr\/wp-json\/wp\/v2\/comments?post=193687"}],"version-history":[{"count":0,"href":"https:\/\/www.europesays.com\/fr\/wp-json\/wp\/v2\/posts\/193687\/revisions"}],"wp:featuredmedia":[{"embeddable":true,"href":"https:\/\/www.europesays.com\/fr\/wp-json\/wp\/v2\/media\/193688"}],"wp:attachment":[{"href":"https:\/\/www.europesays.com\/fr\/wp-json\/wp\/v2\/media?parent=193687"}],"wp:term":[{"taxonomy":"category","embeddable":true,"href":"https:\/\/www.europesays.com\/fr\/wp-json\/wp\/v2\/categories?post=193687"},{"taxonomy":"post_tag","embeddable":true,"href":"https:\/\/www.europesays.com\/fr\/wp-json\/wp\/v2\/tags?post=193687"}],"curies":[{"name":"wp","href":"https:\/\/api.w.org\/{rel}","templated":true}]}}