{"id":193695,"date":"2025-06-21T14:53:09","date_gmt":"2025-06-21T14:53:09","guid":{"rendered":"https:\/\/www.europesays.com\/fr\/193695\/"},"modified":"2025-06-21T14:53:09","modified_gmt":"2025-06-21T14:53:09","slug":"atp-rennae-stubbs-avec-nadal-alcaraz-avait-lair-dun-petit-chiot-perdu-sur-le-court-cest-un-excellent-joueur-sans-doute-le-meilleur-au-monde-actuellement-mais-je-ne-sais-pas-sil-est-aussi","status":"publish","type":"post","link":"https:\/\/www.europesays.com\/fr\/193695\/","title":{"rendered":"ATP > Rennae Stubbs : \u00ab\u00a0Avec Nadal, Alcaraz avait l&rsquo;air d&rsquo;un petit chiot perdu sur le court. C&rsquo;est un excellent joueur, sans doute le meilleur au monde actuellement, mais je ne sais pas s&rsquo;il est aussi dou\u00e9 en double\u00a0\u00bb"},"content":{"rendered":"<p>Dans le dernier \u00e9pisode de son podcast, dont les propos sont relay\u00e9s par <a href=\"https:\/\/fr.tennistemple.com\/actu\/il-etait-comme-un-petit-chien-perdu-sur\/eQ9J\" data-wpel-link=\"external\" target=\"_blank\" rel=\"nofollow external noopener\">The Tennis Gazette<\/a>, Rennae Stubbs s\u2019est exprim\u00e9 sur <a href=\"https:\/\/www.welovetennis.fr\/atp-wta\/alcaraz-raducanu-le-nouveau-couple-qui-va-faire-beaucoup-parler\" data-wpel-link=\"internal\" rel=\"nofollow noopener\" target=\"_blank\">le tableau impres\u00adsion\u00adnant du tournoi double mixte de l\u2019US Open, dont le format a chang\u00e9<\/a>.  Et l\u2019an\u00adcienne num\u00e9ro 1 mondiale n\u2019a pas \u00e9pargn\u00e9 la paire Carlos Alcaraz \u2013 Emma Raducanu, en criti\u00adquant notam\u00adment le niveau de l\u2019Espagnol en double.\u00a0<\/p>\n<p><strong>\u00ab\u202fJe dirais qu\u2019ils forment le duo le plus faible, et cela n\u2019a rien \u00e0 voir avec eux, je parle simple\u00adment d\u2019un point de vue du double, ne vous \u00e9nervez pas. Avec peut\u2010\u00eatre Iga et Casper. Carlos, je l\u2019ai vu jouer en double avec Rafa et il avait l\u2019air d\u2019un petit chiot perdu sur le court. La moiti\u00e9 du temps, il ne savait pas o\u00f9 frapper la balle ni o\u00f9 se placer sur le court. C\u2019est un excellent joueur, sans doute le meilleur au monde actuel\u00adle\u00adment, mais je ne sais pas s\u2019il est aussi dou\u00e9 en double.\u202f\u00bb<\/strong><\/p>\n<p class=\"post-published-date\" style=\"color: silver; font-size: 75%; text-align: left;\">Publi\u00e9 le samedi 21 juin 2025 \u00e0 15:47<\/p>\n","protected":false},"excerpt":{"rendered":"Dans le dernier \u00e9pisode de son podcast, dont les propos sont relay\u00e9s par The Tennis Gazette, Rennae Stubbs&hellip;\n","protected":false},"author":2,"featured_media":193696,"comment_status":"","ping_status":"","sticky":false,"template":"","format":"standard","meta":{"footnotes":""},"categories":[1415],"tags":[1744,1011,27,1960,60,1467],"class_list":{"0":"post-193695","1":"post","2":"type-post","3":"status-publish","4":"format-standard","5":"has-post-thumbnail","7":"category-tennis","8":"tag-alcaraz","9":"tag-fr","10":"tag-france","11":"tag-nadal","12":"tag-sports","13":"tag-tennis"},"share_on_mastodon":{"url":"https:\/\/pubeurope.com\/@fr\/114721928198483152","error":""},"_links":{"self":[{"href":"https:\/\/www.europesays.com\/fr\/wp-json\/wp\/v2\/posts\/193695","targetHints":{"allow":["GET"]}}],"collection":[{"href":"https:\/\/www.europesays.com\/fr\/wp-json\/wp\/v2\/posts"}],"about":[{"href":"https:\/\/www.europesays.com\/fr\/wp-json\/wp\/v2\/types\/post"}],"author":[{"embeddable":true,"href":"https:\/\/www.europesays.com\/fr\/wp-json\/wp\/v2\/users\/2"}],"replies":[{"embeddable":true,"href":"https:\/\/www.europesays.com\/fr\/wp-json\/wp\/v2\/comments?post=193695"}],"version-history":[{"count":0,"href":"https:\/\/www.europesays.com\/fr\/wp-json\/wp\/v2\/posts\/193695\/revisions"}],"wp:featuredmedia":[{"embeddable":true,"href":"https:\/\/www.europesays.com\/fr\/wp-json\/wp\/v2\/media\/193696"}],"wp:attachment":[{"href":"https:\/\/www.europesays.com\/fr\/wp-json\/wp\/v2\/media?parent=193695"}],"wp:term":[{"taxonomy":"category","embeddable":true,"href":"https:\/\/www.europesays.com\/fr\/wp-json\/wp\/v2\/categories?post=193695"},{"taxonomy":"post_tag","embeddable":true,"href":"https:\/\/www.europesays.com\/fr\/wp-json\/wp\/v2\/tags?post=193695"}],"curies":[{"name":"wp","href":"https:\/\/api.w.org\/{rel}","templated":true}]}}