{"id":193699,"date":"2025-06-21T14:56:10","date_gmt":"2025-06-21T14:56:10","guid":{"rendered":"https:\/\/www.europesays.com\/fr\/193699\/"},"modified":"2025-06-21T14:56:10","modified_gmt":"2025-06-21T14:56:10","slug":"nicolas-prodhomme-remporte-la-route-doccitanie-premier-sacre-francais-depuis-12-ans","status":"publish","type":"post","link":"https:\/\/www.europesays.com\/fr\/193699\/","title":{"rendered":"Nicolas Prodhomme remporte la Route d\u2019Occitanie, premier sacre fran\u00e7ais depuis 12 ans"},"content":{"rendered":"<p>Nicolas Prudhomme l\u2019a fait, le Fran\u00e7ais a gagn\u00e9 la Route d\u2019Occitanie avec pr\u00e8s de deux minutes d\u2019avance au g\u00e9n\u00e9ral. Le dernier tricolore \u00e0 avoir remport\u00e9 cette course \u00e9tait Thomas Voeckler en 2013.<\/p>\n<p class=\"fig-paragraph\">Le Fran\u00e7ais Nicolas Prodhomme (Decathlon AG2R La Mondiale) s&rsquo;est adjug\u00e9 samedi la 48e \u00e9dition de la Route d&rsquo;Occitanie, une premi\u00e8re pour un coureur fran\u00e7ais depuis le sacre de Thomas Voeckler en 2013 tandis que la derni\u00e8re \u00e9tape a \u00e9t\u00e9 remport\u00e9e au sprint par un autre tricolore, Thibaud Gruel (Groupama FDJ).<\/p>\n<p>2 minutes d\u2019avance au G\u00e9n\u00e9ral<\/p>\n<p class=\"fig-paragraph\">Apr\u00e8s son triomphe avec plus de deux minutes d&rsquo;avance la veille lors de l&rsquo;\u00e9tape reine \u00e0 travers les sommets pyr\u00e9n\u00e9ens, Nicolas Prodhomme, seul Fran\u00e7ais \u00e0 avoir remport\u00e9 une \u00e9tape lors du dernier Tour d&rsquo;Italie, n&rsquo;avait pas grand-chose \u00e0 craindre des 128,5 km entre Saint-Gaudens (Haute-Garonne) et Saint-Girons (Ari\u00e8ge).<\/p>\n<p class=\"fig-paragraph\">C&rsquo;est la premi\u00e8re course \u00e0 \u00e9tape remport\u00e9e par le Fran\u00e7ais (28 ans) qui termine l&rsquo;\u00e9preuve avec quelque deux minutes d&rsquo;avance sur l&rsquo;Italien Davide Piganzoli (Polti Visitmalta) et le Belge Steff Cras (Total Energies).<\/p>\n<p class=\"fig-paragraph\">Classement de la quatri\u00e8me et derni\u00e8re \u00e9tape de la 48e \u00e9dition de la Route d&rsquo;Occitanie\u00a0:<\/p>\n<p class=\"fig-paragraph\">1. Thibaud Gruel (FRA\/FDJ) les 128,5 km en 3h18&rsquo;33<\/p>\n<p class=\"fig-paragraph\">2. Andrea Vendrame (ITA\/DAT)<\/p>\n<p class=\"fig-paragraph\">3. Cyril Barthe (FRA\/FDJ)<\/p>\n<p class=\"fig-paragraph\">4. Tom Donnewirth (FRA\/FDJ)<\/p>\n<p class=\"fig-paragraph\">5. Simon Guglielmi (FRA\/ARK)<\/p>\n<p class=\"fig-paragraph\">Classement g\u00e9n\u00e9ral final:<\/p>\n<p class=\"fig-paragraph\">1. Nicolas Prodhomme (FRA\/DAT) 12h52&rsquo;04<\/p>\n<p class=\"fig-paragraph\">2. Davide Piganzoli (ITA\/PTV) \u00e0 1&rsquo;57<\/p>\n<p class=\"fig-paragraph\">3. Steff Cras (BEL\/TEN) \u00e0 2&rsquo;17<\/p>\n<p class=\"fig-paragraph\">4. Jan Castellon (ESP\/CJR) \u00e0 2&rsquo;57<\/p>\n<p class=\"fig-paragraph\">5. Jesus Herrada (ESP\/COF) \u00e0 4&rsquo;07<\/p>\n","protected":false},"excerpt":{"rendered":"Nicolas Prudhomme l\u2019a fait, le Fran\u00e7ais a gagn\u00e9 la Route d\u2019Occitanie avec pr\u00e8s de deux minutes d\u2019avance au&hellip;\n","protected":false},"author":2,"featured_media":193700,"comment_status":"","ping_status":"","sticky":false,"template":"","format":"standard","meta":{"footnotes":""},"categories":[1412],"tags":[1141,1142,207,1143,7200,1451,1452,1453,1454,1455,1011,27,33242,60,1140,1139,210],"class_list":{"0":"post-193699","1":"post","2":"type-post","3":"status-publish","4":"format-standard","5":"has-post-thumbnail","7":"category-f1","8":"tag-actualite-cyclisme","9":"tag-competition-cyclisme","10":"tag-cyclisme","11":"tag-cyclisme-actu","12":"tag-decathlon","13":"tag-f1","14":"tag-formula-1","15":"tag-formula1","16":"tag-formule-1","17":"tag-formule1","18":"tag-fr","19":"tag-france","20":"tag-groupama-fdj","21":"tag-sports","22":"tag-tour-despagne","23":"tag-tour-ditalie","24":"tag-tour-de-france"},"share_on_mastodon":{"url":"https:\/\/pubeurope.com\/@fr\/114721940003680337","error":""},"_links":{"self":[{"href":"https:\/\/www.europesays.com\/fr\/wp-json\/wp\/v2\/posts\/193699","targetHints":{"allow":["GET"]}}],"collection":[{"href":"https:\/\/www.europesays.com\/fr\/wp-json\/wp\/v2\/posts"}],"about":[{"href":"https:\/\/www.europesays.com\/fr\/wp-json\/wp\/v2\/types\/post"}],"author":[{"embeddable":true,"href":"https:\/\/www.europesays.com\/fr\/wp-json\/wp\/v2\/users\/2"}],"replies":[{"embeddable":true,"href":"https:\/\/www.europesays.com\/fr\/wp-json\/wp\/v2\/comments?post=193699"}],"version-history":[{"count":0,"href":"https:\/\/www.europesays.com\/fr\/wp-json\/wp\/v2\/posts\/193699\/revisions"}],"wp:featuredmedia":[{"embeddable":true,"href":"https:\/\/www.europesays.com\/fr\/wp-json\/wp\/v2\/media\/193700"}],"wp:attachment":[{"href":"https:\/\/www.europesays.com\/fr\/wp-json\/wp\/v2\/media?parent=193699"}],"wp:term":[{"taxonomy":"category","embeddable":true,"href":"https:\/\/www.europesays.com\/fr\/wp-json\/wp\/v2\/categories?post=193699"},{"taxonomy":"post_tag","embeddable":true,"href":"https:\/\/www.europesays.com\/fr\/wp-json\/wp\/v2\/tags?post=193699"}],"curies":[{"name":"wp","href":"https:\/\/api.w.org\/{rel}","templated":true}]}}