{"id":193703,"date":"2025-06-21T14:58:10","date_gmt":"2025-06-21T14:58:10","guid":{"rendered":"https:\/\/www.europesays.com\/fr\/193703\/"},"modified":"2025-06-21T14:58:10","modified_gmt":"2025-06-21T14:58:10","slug":"katoto-a-quitte-un-bordel-pas-possible-au-psg-pour-lol-lyonnes","status":"publish","type":"post","link":"https:\/\/www.europesays.com\/fr\/193703\/","title":{"rendered":"Katoto a quitt\u00e9 \u00ab\u00a0un bordel pas possible\u00a0\u00bb au PSG pour l\u2019OL Lyonnes"},"content":{"rendered":"<p>                            <img width=\"770\" height=\"433\" src=\"https:\/\/www.europesays.com\/fr\/wp-content\/uploads\/2025\/06\/000_329A3TD-770x433.jpg\" class=\"attachment-article size-article wp-post-image\" alt=\"Marie-Antoinette Katoto (PSG) face \u00e0 Wendie Renard (OL)\" decoding=\"async\" fetchpriority=\"high\"  \/><\/p>\n<p>Marie-Antoinette Katoto (PSG) face \u00e0 Wendie Renard (OL) (Photo by FRANCK FIFE \/ AFP)<\/p>\n<p>Deuxi\u00e8me recrue de l\u2019\u00e9t\u00e9 \u00e0 Lyon, Marie-Antoinette Katoto esp\u00e8re trouver un environnement plus paisible \u00e0 l\u2019OL Lyonnes. Les derniers mois au PSG de l\u2019attaquante ont \u00e9t\u00e9 compliqu\u00e9s \u00e0 g\u00e9rer.<\/p>\n<p>Vendredi soir, elle n\u2019a pas r\u00e9ussi \u00e0 se mettre en \u00e9vidence, loupant d\u2019ailleurs beaucoup de choses faciles. Pour\u00a0<strong>France &#8211; Belgique<\/strong>, Marie-Antoinette\u00a0<strong>Katoto<\/strong>\u00a0n\u2019a pas \u00e9t\u00e9 \u00e0 son avantage, mais compte bien y rem\u00e9dier pendant l\u2019Euro 2025. Plus qu\u2019avec les Bleues, les supporters de l\u2019<strong>OL Lyonnes\u00a0<\/strong>esp\u00e8rent surtout que l\u2019attaquante se montrera sous son meilleur jour entre Rh\u00f4ne et Sa\u00f4ne. Depuis maintenant trois semaines, Katoto est en effet une nouvelle Fenotte, apr\u00e8s la\u00a0<a href=\"https:\/\/www.olympique-et-lyonnais.com\/mercato-katoto-rejoint-lol-lyonnes-jusquen-2029,364191.html\" target=\"_blank\" rel=\"noopener\">signature de son contrat<\/a>\u00a0jusqu\u2019en juin 2029. Un nouveau chapitre dans sa carri\u00e8re apr\u00e8s quinze ans au\u00a0<strong>PSG<\/strong>.\u00a0\u00ab\u00a0Je suis tr\u00e8s heureuse et soulag\u00e9e, l&rsquo;ann\u00e9e a \u00e9t\u00e9 longue, je commen\u00e7ais \u00e0 \u00eatre vraiment impatiente, j&rsquo;ai une envie de d\u00e9couvrir et de passer un cap\u00a0\u00bb, a-t-elle confi\u00e9 \u00e0 l\u2019AFP.<\/p>\n<p>\u00ab\u00a0Il y a eu de la manipulation et du manque de respect\u00a0\u00bb<\/p>\n<p>En plus de quitter son cocon, comme elle l\u2019avait\u00a0<a href=\"https:\/\/www.olympique-et-lyonnais.com\/katoto-on-etait-faits-pour-se-trouver-un-jour-avec-l-ol-lyonnes,364188.html\" target=\"_blank\" rel=\"noopener\">expliqu\u00e9<\/a>\u00a0\u00e0\u00a0Olympique-et-Lyonnais\u00a0au d\u00e9but du mois de juin, Marie-Antoinette\u00a0<strong>Katoto<\/strong>\u00a0a souhait\u00e9 quitter l\u2019ambiance toxique qui pouvait exister dans la capitale. Plus r\u00e9ellement en odeur de saintet\u00e9 avec Angelo\u00a0<strong>Castelllazzi<\/strong>, le directeur sportif, la Fran\u00e7aise n\u2019a pas m\u00e2ch\u00e9 ses mots. \u00ab\u00a0Il y a eu de la manipulation et du manque de respect, on m&rsquo;a reproch\u00e9 ma r\u00e9action, je m&rsquo;en veux, car il ne me restait plus que quelques jours \u00e0 tenir&#8230; Mais sur un \u00e9ni\u00e8me manque de respect, j&rsquo;ai r\u00e9agi, je n&rsquo;aurais pas d\u00fb\u00a0\u00bb, a regrett\u00e9 l&rsquo;internationale aux 53 s\u00e9lections avant d\u2019encha\u00eener.\u00a0\u00ab\u00a0Quand on voit comment c&rsquo;est instable, on ne peut pas toujours dire que c&rsquo;est la faute de l&rsquo;entra\u00eeneur, j&rsquo;ai eu trois entra\u00eeneurs en trois saisons, c&rsquo;est un bordel pas possible. Je m&rsquo;attendais \u00e0 ce que cela finisse mal, mais pas autant.\u00a0\u00bb<\/p>\n<p>Dans\u00a0l\u2019attente de d\u00e9couvrir son nouveau club,\u00a0<strong>Katoto<\/strong>\u00a0esp\u00e8re retrouver de la confiance en Bleues avant de cartonner \u00e0 l\u2019OL.<\/p>\n","protected":false},"excerpt":{"rendered":"Marie-Antoinette Katoto (PSG) face \u00e0 Wendie Renard (OL) (Photo by FRANCK FIFE \/ AFP) Deuxi\u00e8me recrue de l\u2019\u00e9t\u00e9&hellip;\n","protected":false},"author":2,"featured_media":193704,"comment_status":"","ping_status":"","sticky":false,"template":"","format":"standard","meta":{"footnotes":""},"categories":[1410],"tags":[63,1011,27,241,242,60],"class_list":{"0":"post-193703","1":"post","2":"type-post","3":"status-publish","4":"format-standard","5":"has-post-thumbnail","7":"category-football","8":"tag-football","9":"tag-fr","10":"tag-france","11":"tag-ol","12":"tag-ol-feminin","13":"tag-sports"},"share_on_mastodon":{"url":"https:\/\/pubeurope.com\/@fr\/114721948057874139","error":""},"_links":{"self":[{"href":"https:\/\/www.europesays.com\/fr\/wp-json\/wp\/v2\/posts\/193703","targetHints":{"allow":["GET"]}}],"collection":[{"href":"https:\/\/www.europesays.com\/fr\/wp-json\/wp\/v2\/posts"}],"about":[{"href":"https:\/\/www.europesays.com\/fr\/wp-json\/wp\/v2\/types\/post"}],"author":[{"embeddable":true,"href":"https:\/\/www.europesays.com\/fr\/wp-json\/wp\/v2\/users\/2"}],"replies":[{"embeddable":true,"href":"https:\/\/www.europesays.com\/fr\/wp-json\/wp\/v2\/comments?post=193703"}],"version-history":[{"count":0,"href":"https:\/\/www.europesays.com\/fr\/wp-json\/wp\/v2\/posts\/193703\/revisions"}],"wp:featuredmedia":[{"embeddable":true,"href":"https:\/\/www.europesays.com\/fr\/wp-json\/wp\/v2\/media\/193704"}],"wp:attachment":[{"href":"https:\/\/www.europesays.com\/fr\/wp-json\/wp\/v2\/media?parent=193703"}],"wp:term":[{"taxonomy":"category","embeddable":true,"href":"https:\/\/www.europesays.com\/fr\/wp-json\/wp\/v2\/categories?post=193703"},{"taxonomy":"post_tag","embeddable":true,"href":"https:\/\/www.europesays.com\/fr\/wp-json\/wp\/v2\/tags?post=193703"}],"curies":[{"name":"wp","href":"https:\/\/api.w.org\/{rel}","templated":true}]}}