{"id":193707,"date":"2025-06-21T15:00:10","date_gmt":"2025-06-21T15:00:10","guid":{"rendered":"https:\/\/www.europesays.com\/fr\/193707\/"},"modified":"2025-06-21T15:00:10","modified_gmt":"2025-06-21T15:00:10","slug":"limmeuble-record-qui-va-redessiner-le-ciel-de-paris-en-2025","status":"publish","type":"post","link":"https:\/\/www.europesays.com\/fr\/193707\/","title":{"rendered":"l\u2019immeuble record qui va redessiner le ciel de Paris en 2025"},"content":{"rendered":"<p>Nous le savons, la France n\u2019est pas un \u00ab pays de buildings \u00bb\u00a0\u00e0 l\u2019instar des \u00c9tats-Unis, de Duba\u00ef ou de l\u2019Arabie saoudite. Mais, s\u2019il ne se mesure pas \u00e0 la Burj Khalifa ou au One World Trade Center, cet immeuble record le sera bel et bien pour notre pays ! Situ\u00e9 \u00e0 La D\u00e9fense, que cache r\u00e9ellement ce projet titanesque ? Qui l\u2019a imagin\u00e9 ? Et pourquoi tant d\u2019attentes autour de sa livraison normalement pr\u00e9vue cette ann\u00e9e ?<\/p>\n<p>Il s&rsquo;appelle The Link, un nom qui n&rsquo;a pas \u00e9t\u00e9 donn\u00e9 au hasard. Cet <a href=\"https:\/\/www.futura-sciences.com\/maison\/actualites\/batiment-decouvrez-5-immeubles-plus-excentriques-monde-113368\/\" title=\"D\u00e9couvrez 5 des immeubles les plus excentriques du monde !\" target=\"_blank\" rel=\"noopener\">immeuble<\/a> doit s&rsquo;\u00e9lever dans le ciel de Paris comme le plus haut jamais construit en France.<\/p>\n<p>Une tour double hors des standards architecturaux<\/p>\n<p>Un <a href=\"https:\/\/www.futura-sciences.com\/maison\/actualites\/architecture-gratte-ciel-hors-norme-train-voir-jour-arabie-saoudite-1-km-hauteur-116641\/\" title=\"Un gratte-ciel hors norme est en train de voir le jour en Arabie saoudite : 1 km de hauteur !\" target=\"_blank\" rel=\"noopener\">gratte-ciel<\/a> double aux plateformes suspendues dans les <a href=\"https:\/\/www.futura-sciences.com\/sciences\/definitions\/chimie-air-4452\/\" class=\"typographies__SpanLink-sc-9uspqk-3 blcuUt\" universe=\"home\" target=\"_blank\" rel=\"noopener\">airs<\/a>airs &#8211;\u00a0appel\u00e9es links d&rsquo;o\u00f9 son nom -, agr\u00e9ment\u00e9 de jardins et con\u00e7u pour r\u00e9inventer la fa\u00e7on dont on travaille\u00a0et dont on \u00e9volue\u00a0en ville, \u00e0 Paris, plus pr\u00e9cis\u00e9ment. Cette <a href=\"https:\/\/www.futura-sciences.com\/maison\/definitions\/construction-maison-liant-17955\/\" class=\"typographies__SpanLink-sc-9uspqk-3 blcuUt\" universe=\"home\" target=\"_blank\" rel=\"noopener\">construction<\/a>construction intrigue :\u00a0d&rsquo;un trou b\u00e9ant laiss\u00e9 en plein quartier d&rsquo;affaires, il laissera place d&rsquo;ici quelques mois (on ne conna\u00eet pas encore la date exacte)\u00a0\u00e0 une structure atypique et surpassant tous les b\u00e2timents de La D\u00e9fense.<\/p>\n<p>La silhouette de The Link, encore inachev\u00e9e, red\u00e9finira la skyline du quartier qui abrite nombre de si\u00e8ges sociaux ;\u00a0d&rsquo;ailleurs, l&rsquo;immeuble deviendra celui du groupe TotalEnergies.<\/p>\n<p>Un projet qui entre dans la transformation de La D\u00e9fense<\/p>\n<p>La construction de The Link est un premier pas vers l&rsquo;\u00e9volution de La D\u00e9fense, un quartier sorti de terre \u00e0 la fin des ann\u00e9es 1950 et qui n&rsquo;est plus adapt\u00e9 \u00e0 la soci\u00e9t\u00e9 actuelle. Un des premiers constats pr\u00e9sent\u00e9 par le site <a href=\"https:\/\/www.futura-sciences.com\/tech\/definitions\/internet-internet-3983\/\" class=\"typographies__SpanLink-sc-9uspqk-3 blcuUt\" universe=\"home\" target=\"_blank\" rel=\"noopener\">Internet<\/a>Internet de Paris La D\u00e9fense met en avant une \u00ab\u00a0transformation de La D\u00e9fense en un v\u00e9ritable quartier de vie \u00bb\u00a0sans omettre l&rsquo;importance des enjeux <a href=\"https:\/\/www.futura-sciences.com\/maison\/actualites\/batiment-5-concepts-ingenieux-maisons-defient-rechauffement-climatique-112921\/\" title=\"5 concepts ing\u00e9nieux de maisons qui d\u00e9fient le r\u00e9chauffement climatique\" target=\"_blank\" rel=\"noopener\">climatiques<\/a> et environnementaux actuels qui \u00ab\u00a0imposent de reconsid\u00e9rer notre mani\u00e8re d&rsquo;habiter et de fabriquer la ville \u00bb.<\/p>\n<p>Ensuite, l&rsquo;objectif de cette transformation est de diminuer l&#8217;empreinte <a href=\"https:\/\/www.futura-sciences.com\/sciences\/definitions\/chimie-carbone-3873\/\" class=\"typographies__SpanLink-sc-9uspqk-3 blcuUt\" universe=\"home\" target=\"_blank\" rel=\"noopener\">carbone<\/a>carbone de la zone, ses <a href=\"https:\/\/www.futura-sciences.com\/sciences\/definitions\/physique-emission-389\/\" class=\"typographies__SpanLink-sc-9uspqk-3 blcuUt\" universe=\"home\" target=\"_blank\" rel=\"noopener\">\u00e9missions<\/a>\u00e9missions \u00e9tant \u00ab\u00a0\u00e9quivalentes \u00e0 celles d&rsquo;une capitale r\u00e9gionale \u00bb\u00a0dont 15 % sont issues du fonctionnement des b\u00e2timents du quartier. D&rsquo;ici 2030, les <a href=\"https:\/\/www.futura-sciences.com\/sciences\/definitions\/physique-gaz-15336\/\" class=\"typographies__SpanLink-sc-9uspqk-3 blcuUt\" universe=\"home\" target=\"_blank\" rel=\"noopener\">gaz<\/a>gaz \u00e0 effet de <a href=\"https:\/\/www.futura-sciences.com\/planete\/actualites\/rechauffement-climatique-nos-emissions-gaz-effet-serre-appelees-chuter-2040-111374\/\" title=\"Nos \u00e9missions de gaz \u00e0 effet de serre appel\u00e9es \u00e0 chuter d\u00e8s 2040\" target=\"_blank\" rel=\"noopener\">serre<\/a> \u00e9manant de La D\u00e9fense devront avoir \u00e9t\u00e9 r\u00e9duites de moiti\u00e9 et en 2050, le quartier aura radicalement \u00e9volu\u00e9 pour devenir un espace plus vert avec un doublement des espaces de v\u00e9g\u00e9tation, plus mixte (acc\u00e8s au public, \u00e9coles)\u00a0et plus accessible o\u00f9 les mobilit\u00e9s douces auront toute leur place.<\/p>\n<p>The Link a \u00e9t\u00e9 pens\u00e9 et motiv\u00e9 par la vision de ce contexte. Con\u00e7u par l&rsquo;agence PCA-Stream sp\u00e9cialis\u00e9e dans l&rsquo;architecture durable et urbaine, le projet a \u00e9t\u00e9 imagin\u00e9 par l&rsquo;<a href=\"https:\/\/www.futura-sciences.com\/formation\/metiers\/metiers-architecte-187\/\" class=\"typographies__SpanLink-sc-9uspqk-3 blcuUt\" universe=\"home\" target=\"_blank\" rel=\"noopener\">architecte<\/a>architecte Philippe Chiambaretta et financ\u00e9 par Groupama. Outre ce nouveau <a href=\"https:\/\/www.futura-sciences.com\/maison\/actualites\/batiment-ces-quatre-buildings-voir-moins-fois-vie-114138\/\" title=\"Ces quatre buildings \u00e0 voir au moins une fois dans sa vie\" target=\"_blank\" rel=\"noopener\">building<\/a>, les transformations du quartier d&rsquo;affaires ont d\u00e9j\u00e0 commenc\u00e9 depuis quelques ann\u00e9es.<\/p>\n<p>Un g\u00e9ant de b\u00e9ton tourn\u00e9 vers la durabilit\u00e9<\/p>\n<p>Avec ses deux ailes culminant \u00e0 241 m\u00e8tres (Aile Arche) et 178 m\u00e8tres (Aile Seine), The Link incarne d&rsquo;ores et d\u00e9j\u00e0 une nouvelle vision de la ville, repensant les liens entre les b\u00e2timents, la nature, les citadins et leur environnement. En effet, comme relat\u00e9 par l&rsquo;agence PCA-Stream, il sera pourvu de 30 plateformes de vie (les fameux links), d&rsquo;un rooftop\u00a0\u00e0 ciel\u00a0ouvert, de 10 caf\u00e9s et restaurants, de trois auditoriums,\u00a0d&rsquo;un Business Center, d&rsquo;un centre sportif et d&rsquo;un centre\u00a0m\u00e9dical, sans oublier les larges <a href=\"https:\/\/www.futura-sciences.com\/maison\/actualites\/architecture-apres-ceux-babylone-jardins-suspendus-tbilissi-capitale-georgienne-risquent-epater-plus-121801\/\" title=\"Apr\u00e8s ceux de Babylone, les jardins suspendus de Tbilissi, la capitale g\u00e9orgienne, risquent d\u2019en \u00e9pater plus d\u2019un !\" target=\"_blank\" rel=\"noopener\">jardins<\/a> qui orneront les plateaux. Ces links entre les deux ailes, larges de plus de 8 m\u00e8tres, ont \u00e9t\u00e9 imagin\u00e9s comme des lieux de rencontres aux points de vue\u00a0spectaculaires. Les espaces ext\u00e9rieurs,\u00a0plateformes et rooftop,\u00a0atteindront 2 800 m\u00b2 au total.<\/p>\n<p>La double <a href=\"https:\/\/www.futura-sciences.com\/maison\/actualites\/batiment-ils-ont-construit-plus-haute-tour-imprimee-3d-monde-pleine-montagne-122272\/\" title=\"Ils ont construit la plus haute tour imprim\u00e9e en 3D du monde\u2026 en pleine montagne\" target=\"_blank\" rel=\"noopener\">tour<\/a> devrait permettre \u00e0 TotalEnergies de r\u00e9duire de moiti\u00e9 sa <a href=\"https:\/\/www.futura-sciences.com\/maison\/definitions\/consommation-energie-consommation-energetique-19101\/\" class=\"typographies__SpanLink-sc-9uspqk-3 blcuUt\" universe=\"home\" target=\"_blank\" rel=\"noopener\">consommation \u00e9nerg\u00e9tique<\/a>consommation \u00e9nerg\u00e9tique comparativement aux autres tours que le Groupe occupe. Ses caract\u00e9ristiques ? Une fa\u00e7ade \u00ab double peau \u00bb\u00a0qui isolera thermiquement l&rsquo;int\u00e9rieur et sera par\u00e9e de panneaux photovolta\u00efques. Dans un choix clair en faveur d&rsquo;un quartier bas-carbone, The Link fera l&rsquo;impasse sur les parkings automobiles traditionnels, au profit de 350 m\u00b2 d\u00e9di\u00e9s aux v\u00e9los et d&rsquo;acc\u00e8s pi\u00e9tons facilit\u00e9s.<\/p>\n<p>Au-del\u00e0 de sa hauteur dite \u00ab\u00a0<a href=\"https:\/\/www.futura-sciences.com\/maison\/actualites\/architecture-gratte-ciel-record-annonce-etats-unis-2027-il-sera-bois-122785\/\" title=\"Un gratte-ciel record annonc\u00e9 aux \u00c9tats-Unis pour 2027... et il sera en bois !\" target=\"_blank\" rel=\"noopener\">record<\/a>\u00a0\u00bb\u00a0pour notre pays, The Link s&rsquo;impose \u00e9galement comme un mod\u00e8le de <a href=\"https:\/\/www.futura-sciences.com\/sciences\/definitions\/physique-durabilite-2075\/\" class=\"typographies__SpanLink-sc-9uspqk-3 blcuUt\" universe=\"home\" target=\"_blank\" rel=\"noopener\">durabilit\u00e9<\/a>durabilit\u00e9, r\u00e9compens\u00e9 par plusieurs <a href=\"https:\/\/www.futura-sciences.com\/tech\/definitions\/tech-certification-1700\/\" class=\"typographies__SpanLink-sc-9uspqk-3 blcuUt\" universe=\"home\" target=\"_blank\" rel=\"noopener\">certifications<\/a>certifications HQE et BREEAM, gages de sa haute performance environnementale. Par son \u00e9dification, il prouve que les tours peuvent \u00eatre durables, conviviales et suivre l&rsquo;\u00e9volution et les besoins de notre soci\u00e9t\u00e9.\u00a0<\/p>\n","protected":false},"excerpt":{"rendered":"Nous le savons, la France n\u2019est pas un \u00ab pays de buildings \u00bb\u00a0\u00e0 l\u2019instar des \u00c9tats-Unis, de Duba\u00ef&hellip;\n","protected":false},"author":2,"featured_media":193708,"comment_status":"","ping_status":"","sticky":false,"template":"","format":"standard","meta":{"footnotes":""},"categories":[1358],"tags":[1350,1348,1384,1385,33245,33247,33246,33248,1386,23527,58,33243,59,1011,27,7922,1877,33244,21628,1352],"class_list":{"0":"post-193707","1":"post","2":"type-post","3":"status-publish","4":"format-standard","5":"has-post-thumbnail","7":"category-arts-et-design","8":"tag-architecture","9":"tag-arts","10":"tag-arts-and-design","11":"tag-arts-et-design","12":"tag-batiment-basse-consommation","13":"tag-batiment-ecologique","14":"tag-batiment-neuf","15":"tag-construction-de-batiment","16":"tag-design","17":"tag-developpement-durable","18":"tag-divertissement","19":"tag-eco-consommation","20":"tag-entertainment","21":"tag-fr","22":"tag-france","23":"tag-gratte-ciel","24":"tag-la-defense","25":"tag-quartier-daffaires-de-la-defense","26":"tag-quartier-de-la-defense","27":"tag-urbanisme"},"share_on_mastodon":{"url":"https:\/\/pubeurope.com\/@fr\/114721955736998036","error":""},"_links":{"self":[{"href":"https:\/\/www.europesays.com\/fr\/wp-json\/wp\/v2\/posts\/193707","targetHints":{"allow":["GET"]}}],"collection":[{"href":"https:\/\/www.europesays.com\/fr\/wp-json\/wp\/v2\/posts"}],"about":[{"href":"https:\/\/www.europesays.com\/fr\/wp-json\/wp\/v2\/types\/post"}],"author":[{"embeddable":true,"href":"https:\/\/www.europesays.com\/fr\/wp-json\/wp\/v2\/users\/2"}],"replies":[{"embeddable":true,"href":"https:\/\/www.europesays.com\/fr\/wp-json\/wp\/v2\/comments?post=193707"}],"version-history":[{"count":0,"href":"https:\/\/www.europesays.com\/fr\/wp-json\/wp\/v2\/posts\/193707\/revisions"}],"wp:featuredmedia":[{"embeddable":true,"href":"https:\/\/www.europesays.com\/fr\/wp-json\/wp\/v2\/media\/193708"}],"wp:attachment":[{"href":"https:\/\/www.europesays.com\/fr\/wp-json\/wp\/v2\/media?parent=193707"}],"wp:term":[{"taxonomy":"category","embeddable":true,"href":"https:\/\/www.europesays.com\/fr\/wp-json\/wp\/v2\/categories?post=193707"},{"taxonomy":"post_tag","embeddable":true,"href":"https:\/\/www.europesays.com\/fr\/wp-json\/wp\/v2\/tags?post=193707"}],"curies":[{"name":"wp","href":"https:\/\/api.w.org\/{rel}","templated":true}]}}