{"id":193727,"date":"2025-06-21T15:10:11","date_gmt":"2025-06-21T15:10:11","guid":{"rendered":"https:\/\/www.europesays.com\/fr\/193727\/"},"modified":"2025-06-21T15:10:11","modified_gmt":"2025-06-21T15:10:11","slug":"trump-furieux-contre-les-soldats-apres-sa-parade-militaire-un-spectacle-danniversaire-qui-tourne-au-fiasco","status":"publish","type":"post","link":"https:\/\/www.europesays.com\/fr\/193727\/","title":{"rendered":"Trump \u00ab\u00a0furieux contre les soldats\u00a0\u00bb apr\u00e8s sa parade militaire: un spectacle d&rsquo;anniversaire qui tourne au fiasco"},"content":{"rendered":"<p class=\"ap-StoryElement ap-StoryElement--mb ap-StoryText\">\u00ab\u00a0Il est furieux contre les soldats\u00a0\u00bb, aurait confi\u00e9 un proche cit\u00e9 par Michael Wolff. \u00ab\u00a0Il a pass\u00e9 un savon \u00e0 Pete Hegseth, disant que le ton \u00e9tait compl\u00e8tement \u00e0 c\u00f4t\u00e9 de la plaque.\u00a0\u00bb Le v\u00e9t\u00e9ran et animateur de Fox News, \u00e9tait tr\u00e8s impliqu\u00e9 dans l&rsquo;organisation et la promotion de la <a href=\"https:\/\/www.lalibre.be\/international\/amerique\/2025\/06\/15\/on-fete-larmee-et-trump-a-washington-un-defile-militaire-aux-accents-trumpistes-5CSEDCCGRNEJTMUI4YJRTH6R7A\/\" target=\"_blank\" rel=\"nofollow noopener\">parade militaire<\/a>.<\/p>\n<p><a href=\"https:\/\/www.lalibre.be\/international\/amerique\/2025\/06\/18\/vous-ne-pensez-pas-serieusement-que-je-vais-repondre-a-cette-question-donald-trump-ne-laisse-rien-paraitre-de-ses-intentions-sur-liran-4R7PHPIRERF7ZJXHS6T5W6DP6Q\/\" target=\"_blank\" rel=\"noopener noreferrer nofollow\" class=\"ap-StoryInterstitialLink ap-StoryElement ap-StoryElement--mb\">\u00ab\u00a0L&rsquo;Iran veut n\u00e9gocier\u00a0\u00bb affirme Donald Trump. \u00ab\u00a0J&rsquo;ai dit que c&rsquo;\u00e9tait tr\u00e8s tard pour discuter\u00a0\u00bb<\/a><\/p>\n<p class=\"ap-StoryElement ap-StoryElement--mb ap-StoryText\">\u00c0 l&rsquo;image des d\u00e9fil\u00e9s fran\u00e7ais du 14 juillet, qu&rsquo;il admire depuis sa visite \u00e0 Paris en 2017, Donald Trump r\u00eavait d&rsquo;une mise en sc\u00e8ne cens\u00e9e incarner l&rsquo;ordre et la grandeur. Mais ce qu&rsquo;il a vu l&rsquo;a d\u00e9\u00e7u.<\/p>\n<p class=\"ap-StoryElement ap-StoryElement--mb ap-StoryText\">Toujours selon Wolff, Trump aurait pest\u00e9 contre des soldats \u00ab\u00a0trop d\u00e9tendus\u00a0\u00bb, et un protocole \u00ab\u00a0trop bon enfant\u00a0\u00bb, loin de l&rsquo;intensit\u00e9 attendue. Le pr\u00e9sident am\u00e9ricain aurait m\u00eame regrett\u00e9 que l&rsquo;\u00e9v\u00e9nement ressemble davantage \u00e0 une \u00ab\u00a0f\u00eate foraine militaire\u00a0\u00bb qu&rsquo;\u00e0 une d\u00e9monstration d&rsquo;autorit\u00e9.<\/p>\n<p class=\"ap-StoryElement ap-StoryElement--mb ap-StoryText\">Trump a revendiqu\u00e9 la pr\u00e9sence de \u00ab\u00a0250 000 spectateurs\u00a0\u00bb, une estimation manifestement exag\u00e9r\u00e9e : la plupart des observateurs \u00e9voquent plut\u00f4t entre 40 000 et 50 000 personnes. Plusieurs tribunes install\u00e9es sur le Mall \u00e9taient partiellement vides.<\/p>\n<p class=\"ap-StoryElement ap-StoryElement--mb ap-StoryText\">Dans une <a href=\"https:\/\/www.theguardian.com\/us-news\/2025\/jun\/15\/trump-army-parade\" rel=\"nofollow noopener\" target=\"_blank\">chronique de The Guardian<\/a>, la parade est qualifi\u00e9e de \u00ab\u00a0just kind of lame\u00a0\u00bb (NDLR : \u00ab\u00a0plut\u00f4t rat\u00e9e\u00a0\u00bb), soulignant le contraste entre les attentes de grandeur et la r\u00e9alit\u00e9 du terrain.<\/p>\n<p class=\"ap-StoryElement ap-StoryElement--mb ap-StoryText\">Le climat autour du d\u00e9fil\u00e9 \u00e9tait par ailleurs tr\u00e8s tendu. \u00c0 Los Angeles, des <a href=\"https:\/\/www.lalibre.be\/international\/amerique\/2025\/04\/06\/le-mecontentement-ne-peut-que-grandir-la-resistance-anti-trump-prend-de-lampleur-A5LJSH4RZFFHRH3XQJEMR7S7AU\/\" target=\"_blank\" rel=\"nofollow noopener\">centaines de manifestants<\/a> ont \u00e9t\u00e9 dispers\u00e9s par la Garde nationale. \u00c0 Chicago, New York et Philadelphie, des rassemblements pacifiques ont d\u00e9nonc\u00e9 une \u00ab\u00a0militarisation de la d\u00e9mocratie\u00a0\u00bb. Le mot d&rsquo;ordre \u00ab\u00a0No Kings\u00a0\u00bb (NDLR : \u00ab\u00a0<a href=\"https:\/\/www.lalibre.be\/international\/amerique\/2025\/06\/13\/ce-nest-pas-un-monarque-ce-nest-pas-un-roi-un-juge-estime-que-le-deploiement-de-la-garde-nationale-a-los-angeles-par-donald-trump-etait-illegal-QNY6APCGOREGBE3GUSKXMHZVNE\/\" target=\"_blank\" rel=\"nofollow noopener\">Pas de rois<\/a>\u00ab\u00a0) s&rsquo;est impos\u00e9 sur les pancartes et les r\u00e9seaux sociaux.<\/p>\n<p><img loading=\"lazy\" decoding=\"async\" class=\"w-full lazyload lazyload--opacity object-contain\" style=\"aspect-ratio:150 \/ 100;opacity:1\" alt=\"WEST PALM BEACH, FLORIDA - JUNE 14: Protesters stand near President Donald Trump's Mar-a-Lago home (in background) during a &quot;No Kings Day&quot; protest on June 14, 2025 in West Palm Beach, Florida. Hundreds of marches and protests against the Trump administration are happening across the United States today in opposition to the military parade celebrating the 250th anniversary of the U.S. Army taking place in Washington, DC. Today's parade coincides with President Trump's birthday.   Joe Raedle\/Getty Images\/AFP (Photo by JOE RAEDLE \/ GETTY IMAGES NORTH AMERICA \/ Getty Images via AFP)\" width=\"768\" height=\"512\" fetchpriority=\"auto\" src=\"https:\/\/www.europesays.com\/fr\/wp-content\/uploads\/2025\/04\/S5VKD3X55FFF3BW6V4SEHXNP7I.png\"  data- data-optimumx=\"1\"\/>Le mot d&rsquo;ordre \u00ab\u00a0No Kings\u00a0\u00bb (NDLR : \u00ab\u00a0Pas de rois\u00a0\u00bb) s&rsquo;est impos\u00e9 sur les pancartes et les r\u00e9seaux sociaux. \u00a92025 Getty Images<a href=\"https:\/\/www.lalibre.be\/international\/amerique\/2025\/06\/18\/les-decisions-de-donald-trump-sont-remises-en-question-au-sein-meme-de-son-entourage-ca-pourrait-etre-la-fin-de-sa-presidence-6MKUQ2BS25HNFGYQRJXS3JUKOI\/\" target=\"_blank\" rel=\"noopener noreferrer nofollow\" class=\"ap-StoryInterstitialLink ap-StoryElement ap-StoryElement--mb\">Les d\u00e9cisions de Donald Trump sont mises en doute au sein m\u00eame de son entourage: \u00ab\u00a0\u00c7a pourrait \u00eatre la fin de sa pr\u00e9sidence\u00a0\u00bb<\/a><\/p>\n<p class=\"ap-StoryElement ap-StoryElement--mb ap-StoryText\">Malgr\u00e9 ses efforts de communication, l&rsquo;\u00e9v\u00e9nement n&rsquo;a pas permis \u00e0 Trump de reprendre la main comme il l&rsquo;esp\u00e9rait. Le ton belliqueux contraste avec les signaux contradictoires envoy\u00e9s par l&rsquo;attitude des militaires, per\u00e7us comme professionnels mais peu enthousiastes \u00e0 l&rsquo;\u00e9gard de leur commandant en chef.<\/p>\n<p class=\"ap-StoryElement ap-StoryElement--mb ap-StoryText\">Les critiques s&rsquo;accumulent jusque dans son propre camp. L&rsquo;ancien g\u00e9n\u00e9ral <a href=\"https:\/\/www.lalibre.be\/international\/2023\/03\/14\/un-ancien-general-americain-sexprime-sur-lincident-du-drone-percute-par-un-avion-russe-la-russie-considere-la-mer-noire-comme-son-lac-national-UC2JK5DBQFCNJI3Q25UQMUFBGQ\/\" target=\"_blank\" rel=\"nofollow noopener\">Mark Hertling<\/a> a d\u00e9clar\u00e9 sur CNN que \u00ab\u00a0l&rsquo;arm\u00e9e n&rsquo;est pas une sc\u00e8ne de th\u00e9\u00e2tre politique\u00a0\u00bb et que \u00ab\u00a0les soldats ne sont pas l\u00e0 pour applaudir un candidat\u00a0\u00bb.<\/p>\n","protected":false},"excerpt":{"rendered":"\u00ab\u00a0Il est furieux contre les soldats\u00a0\u00bb, aurait confi\u00e9 un proche cit\u00e9 par Michael Wolff. \u00ab\u00a0Il a pass\u00e9 un&hellip;\n","protected":false},"author":2,"featured_media":193728,"comment_status":"","ping_status":"","sticky":false,"template":"","format":"standard","meta":{"footnotes":""},"categories":[5],"tags":[11,75,1011,27,14,12,28],"class_list":{"0":"post-193727","1":"post","2":"type-post","3":"status-publish","4":"format-standard","5":"has-post-thumbnail","7":"category-international","8":"tag-actualites","9":"tag-donald-trump","10":"tag-fr","11":"tag-france","12":"tag-international","13":"tag-news","14":"tag-world"},"share_on_mastodon":{"url":"https:\/\/pubeurope.com\/@fr\/114721995092913422","error":""},"_links":{"self":[{"href":"https:\/\/www.europesays.com\/fr\/wp-json\/wp\/v2\/posts\/193727","targetHints":{"allow":["GET"]}}],"collection":[{"href":"https:\/\/www.europesays.com\/fr\/wp-json\/wp\/v2\/posts"}],"about":[{"href":"https:\/\/www.europesays.com\/fr\/wp-json\/wp\/v2\/types\/post"}],"author":[{"embeddable":true,"href":"https:\/\/www.europesays.com\/fr\/wp-json\/wp\/v2\/users\/2"}],"replies":[{"embeddable":true,"href":"https:\/\/www.europesays.com\/fr\/wp-json\/wp\/v2\/comments?post=193727"}],"version-history":[{"count":0,"href":"https:\/\/www.europesays.com\/fr\/wp-json\/wp\/v2\/posts\/193727\/revisions"}],"wp:featuredmedia":[{"embeddable":true,"href":"https:\/\/www.europesays.com\/fr\/wp-json\/wp\/v2\/media\/193728"}],"wp:attachment":[{"href":"https:\/\/www.europesays.com\/fr\/wp-json\/wp\/v2\/media?parent=193727"}],"wp:term":[{"taxonomy":"category","embeddable":true,"href":"https:\/\/www.europesays.com\/fr\/wp-json\/wp\/v2\/categories?post=193727"},{"taxonomy":"post_tag","embeddable":true,"href":"https:\/\/www.europesays.com\/fr\/wp-json\/wp\/v2\/tags?post=193727"}],"curies":[{"name":"wp","href":"https:\/\/api.w.org\/{rel}","templated":true}]}}