{"id":193739,"date":"2025-06-21T15:16:38","date_gmt":"2025-06-21T15:16:38","guid":{"rendered":"https:\/\/www.europesays.com\/fr\/193739\/"},"modified":"2025-06-21T15:16:38","modified_gmt":"2025-06-21T15:16:38","slug":"saulxures-les-nancy-fin-de-saison-pour-les-basketteurs","status":"publish","type":"post","link":"https:\/\/www.europesays.com\/fr\/193739\/","title":{"rendered":"Saulxures-l\u00e8s-Nancy. Fin de saison pour les basketteurs"},"content":{"rendered":"<p>C\u2019\u00e9tait jour de f\u00eate dimanche dernier dans le gymnase du complexe sportif de Saulxures. La f\u00eate des basketteurs.<\/p>\n<p>Les dirigeants du club de la Porte Verte avaient invit\u00e9 les licenci\u00e9s, leurs familles, les \u00e9ducateurs et b\u00e9n\u00e9voles \u00e0 venir sur le parquet partager leur passion du basket. Avec les intemp\u00e9ries, le barbecue s\u2019est transform\u00e9 en buffet\u00a0froid. Mais la motivation et\u00a0l\u2019enthousiasme \u00e9taient l\u00e0 pour tous les sportifs qui se\u00a0sont inscrits au tournoi interg\u00e9n\u00e9rationnel, au concours de lancer-francs et de tirs \u00e0 trois points.<\/p>\n<p>170 participants ont ainsi\u00a0sportivement marqu\u00e9 la fin de saison.<\/p>\n","protected":false},"excerpt":{"rendered":"C\u2019\u00e9tait jour de f\u00eate dimanche dernier dans le gymnase du complexe sportif de Saulxures. La f\u00eate des basketteurs.&hellip;\n","protected":false},"author":2,"featured_media":193740,"comment_status":"","ping_status":"","sticky":false,"template":"","format":"standard","meta":{"footnotes":""},"categories":[9635],"tags":[1111,11,1704,1777,674,1011,27,775,11362,1702,12,25,27442,104,1631],"class_list":{"0":"post-193739","1":"post","2":"type-post","3":"status-publish","4":"format-standard","5":"has-post-thumbnail","7":"category-nancy","8":"tag-actu","9":"tag-actualites","10":"tag-edition-nancy-et-agglomeration","11":"tag-eu","12":"tag-europe","13":"tag-fr","14":"tag-france","15":"tag-grand-est","16":"tag-metropole-du-grand-nancy-54b3","17":"tag-nancy","18":"tag-news","19":"tag-republique-francaise","20":"tag-saulxures-les-nancy","21":"tag-societe","22":"tag-vie-associative"},"share_on_mastodon":{"url":"https:\/\/pubeurope.com\/@fr\/114722018625890022","error":""},"_links":{"self":[{"href":"https:\/\/www.europesays.com\/fr\/wp-json\/wp\/v2\/posts\/193739","targetHints":{"allow":["GET"]}}],"collection":[{"href":"https:\/\/www.europesays.com\/fr\/wp-json\/wp\/v2\/posts"}],"about":[{"href":"https:\/\/www.europesays.com\/fr\/wp-json\/wp\/v2\/types\/post"}],"author":[{"embeddable":true,"href":"https:\/\/www.europesays.com\/fr\/wp-json\/wp\/v2\/users\/2"}],"replies":[{"embeddable":true,"href":"https:\/\/www.europesays.com\/fr\/wp-json\/wp\/v2\/comments?post=193739"}],"version-history":[{"count":0,"href":"https:\/\/www.europesays.com\/fr\/wp-json\/wp\/v2\/posts\/193739\/revisions"}],"wp:featuredmedia":[{"embeddable":true,"href":"https:\/\/www.europesays.com\/fr\/wp-json\/wp\/v2\/media\/193740"}],"wp:attachment":[{"href":"https:\/\/www.europesays.com\/fr\/wp-json\/wp\/v2\/media?parent=193739"}],"wp:term":[{"taxonomy":"category","embeddable":true,"href":"https:\/\/www.europesays.com\/fr\/wp-json\/wp\/v2\/categories?post=193739"},{"taxonomy":"post_tag","embeddable":true,"href":"https:\/\/www.europesays.com\/fr\/wp-json\/wp\/v2\/tags?post=193739"}],"curies":[{"name":"wp","href":"https:\/\/api.w.org\/{rel}","templated":true}]}}