{"id":193747,"date":"2025-06-21T15:20:10","date_gmt":"2025-06-21T15:20:10","guid":{"rendered":"https:\/\/www.europesays.com\/fr\/193747\/"},"modified":"2025-06-21T15:20:10","modified_gmt":"2025-06-21T15:20:10","slug":"lag-de-tous-les-dangers-pour-les-ecologistes-avant-les-municipales","status":"publish","type":"post","link":"https:\/\/www.europesays.com\/fr\/193747\/","title":{"rendered":"l&rsquo;AG de tous les dangers pour les \u00c9cologistes avant les municipales\u00a0?"},"content":{"rendered":"<p>            Par<br \/>\n        <strong><br \/>\n            <a href=\"https:\/\/actu.fr\/auteur\/c-nithard\" title=\"Consulter tous les articles de C\u00e9dric Nithard\" rel=\"nofollow noopener\" target=\"_blank\">C\u00e9dric Nithard<\/a><br \/>\n        <\/strong><\/p>\n<p>        Publi\u00e9 le<\/p>\n<p>            21 juin 2025 \u00e0 16h31        <\/p>\n<p>Ce lundi 23 juin, <strong>les \u00c9cologistes<\/strong> \u00e0 <strong>Montpellier<\/strong> esp\u00e8rent franchir une \u00e9tape importante vers <strong>les municipales<\/strong>. Leur assembl\u00e9e g\u00e9n\u00e9rale doit adopter <strong>une motion<\/strong> et <strong>une liste<\/strong> avec un objectif : <strong>se mettre en ordre de marche.<\/strong> Loin d\u2019\u00eatre une \u00e9vidence chez des Verts tiraill\u00e9s entre diff\u00e9rents courants, position vis-\u00e0-vis de la majorit\u00e9, alliances potentielles et surtout constats sur la ville. De quoi, presque, donner l\u2019impression que plusieurs partis cohabitent en un.<\/p>\n<p>De trois motions \u00e0 deux<\/p>\n<p class=\" wall-content\">\u00c0 Montpellier, la vie des Verts n\u2019est pas un long fleuve tranquille. Elle s\u2019apparente plut\u00f4t \u00e0 une rivi\u00e8re sauvage propice \u00e0 pratiquer le rafting. \u00c0 neuf mois des municipales, c\u2019est d\u00e9j\u00e0 une premi\u00e8re cascade d\u2019un niveau \u00e9lev\u00e9 qui se pr\u00e9sente devant eux avec le m\u00eame enjeu que lors de la pr\u00e9paration des pr\u00e9c\u00e9dentes. Avec l\u2019assembl\u00e9e g\u00e9n\u00e9ral de lundi, une nouvelle fois le rassemblement est esp\u00e9r\u00e9 par les, entre 400 et 500, militants appel\u00e9s \u00e0 voter pour la motion dont le texte orientera la strat\u00e9gie des municipales.<\/p>\n<p class=\" wall-content\">En janvier, les \u00c9cologistes avaient d\u00e9j\u00e0 \u00e9lu leur comit\u00e9 d\u2019animation parmi les trois motions, \u00ab Rassembler \u00bb port\u00e9e par Jean-Louis Roum\u00e9gas et Coralie Mantion arriv\u00e9e en t\u00eate (47%, 5 si\u00e8ges), suivie de \u00ab Faire ensemble \u00bb port\u00e9e par Marie Massart et St\u00e9phane Jouault (31%, 3 si\u00e8ges) et \u00ab Montpellier collectif \u00bb port\u00e9e par Julia Mignacca (21%, 2 si\u00e8ges) donnant ainsi une tendance des forces en pr\u00e9sence. Pour cette AG, il n\u2019y en aura finalement que deux, laissant peu de doutes quant au r\u00e9sultat, apr\u00e8s que Julia Mignacca se soit entendue avec Jean-Louis Roum\u00e9gas. Le d\u00e9put\u00e9 d\u00e9fend ainsi \u00ab une strat\u00e9gie de rassemblement \u00e9cologiste, sociale et citoyen pour cr\u00e9er une alternative \u00e0 la majorit\u00e9 actuelle bas\u00e9e sur un projet coh\u00e9rent \u00bb quand sa camarade compl\u00e8te : \u00ab On s\u2019est mis d\u2019accord sur une ligne politique. Si on souhaite faire l\u2019unit\u00e9, c\u2019est important de le faire \u00e0 l\u2019int\u00e9rieur. L\u2019enjeu de cette AG est de se mettre en ordre de marche pour pouvoir mener des \u00e9changes avec d\u2019autres potentiels partenaires politiques pour cr\u00e9er un large rassemblement \u00e0 gauche et municipaliste \u00bb.<\/p>\n<p>Un probl\u00e8me de calendrier<\/p>\n<p class=\" wall-content\">La ligne est diff\u00e9rente du c\u00f4t\u00e9 de la motion port\u00e9e par Marie Massart, pr\u00e9sente dans la majorit\u00e9 municipale. \u00ab C\u2019est une question de m\u00e9thode et de timing. C\u2019est d\u2019ailleurs ce qu\u2019a rappel\u00e9 notre secr\u00e9taire nationale Marine Tondelier. D\u2019abord on travaille sur le projet, on discute, on fixe une strat\u00e9gie et on passe \u00e0 l\u2019incarnation. L\u00e0, on n\u2019a m\u00eame pas fait le bilan du mandat. Nous l\u2019avons fait mais ils ont refus\u00e9 de le faire avec nous alors qu\u2019ils n\u2019ont pas l\u2019ombre d\u2019un projet ou d\u2019une m\u00e9thode. On trouve que c\u2019est vraiment beaucoup trop t\u00f4t. C\u2019est quelque chose impos\u00e9e \u00e0 marche forc\u00e9e\u00a0\u00bb. Pour autant, celle-ci assure : \u00ab\u00a0On va jouer le jeu de l\u2019AG parce qu\u2019on est dans le parti mais ce n\u2019est pas comme \u00e7a qu\u2019il faut s\u2019y prendre. Il faudrait d\u2019abord savoir ce que l\u2019on veut, ce que l\u2019on met en avant, discuter avec toutes les composantes de la gauche et ensuite prendre une d\u00e9cision pour des alliances de premier tour\u00a0\u00bb.<\/p>\n<p class=\" wall-content\">Jean-Louis Roum\u00e9gas ne partage pas cette vision du calendrier. \u00ab On est \u00e0 neuf mois des municipales. Il ne va rien se passer durant l\u2019\u00e9t\u00e9 et cela va attaquer \u00e0 la rentr\u00e9e. Notre id\u00e9e est de rassembler plus largement. Nous voulons cr\u00e9er une dynamique collective, donc il faut d\u00e9j\u00e0 se mettre en ordre de marche chez les \u00e9colos quelque soient les sensibilit\u00e9s pour ensuite pouvoir rassembler et discuter avec d\u2019autres. Cela va aller tr\u00e8s vite \u00bb. Et encore plus pour le d\u00e9put\u00e9 si une dissolution de l\u2019Assembl\u00e9e survenait d\u2019ici l\u00e0.<\/p>\n<p>Vid\u00e9os : en ce moment sur Actu\u00catre ou ne pas \u00eatre dans la majorit\u00e9<\/p>\n<p class=\" wall-content\">Au-del\u00e0 de la m\u00e9thode, ce qui serait un moindre mal pour les \u00e9cologistes s\u2019il n\u2019y avait que cela, il existe une vraie fracture entre les deux motions sur fond d\u2019entente avec le PS et de participation \u00e0 la majorit\u00e9 municipale quand certains en sont partis. \u00ab La fracture est l\u00e0 depuis un moment et le mandat a \u00e9t\u00e9 compliqu\u00e9. Des accords \u00e9lectoraux et des \u00e9lus n\u2019ont pas \u00e9t\u00e9 respect\u00e9s dans la pratique de l\u2019exercice du pouvoir. Cela nous semble tr\u00e8s clair qu\u2019il faut proposer autre chose. Sur notre courant, partir avec Micha\u00ebl Delafosse n\u2019est pas envisageable \u00bb juge Julia Mignacca dont la motion tire \u00e0 boulets rouges sur la majorit\u00e9 municipale dont font partis les \u00e9cologistes de la motion adverse.<\/p>\n<p class=\" wall-content\">Des critiques que n\u2019admet pas Marie Massart. \u00ab\u00a0C\u2019est plus que des critiques. Si c\u2019\u00e9taient des critiques constructives, on les accepte, rien n\u2019est parfait. Mais l\u00e0, c\u2019est vraiment caricaturale et d\u00e9magogique. C\u2019est m\u00eame \u00e0 la limite du populisme que de simplifier les choses \u00e0 outrance en disant que la majorit\u00e9 est \u00e9cocide et productiviste. O\u00f9 sont les nuances ? Trump, il est quoi alors ? Dire que l\u2019on est antisociale et anti-\u00e9cologiste, c\u2019est d\u2019une violence extr\u00eame et c\u2019est faux. Nous on travaille sur le fond du projet et nous sommes extr\u00eamement fiers de ce que nous avons fait au sein de la majorit\u00e9. Bien s\u00fbr qu\u2019il y a encore des choses \u00e0 faire et que tout n\u2019a pas \u00e9t\u00e9 parfait mais, globalement, pour nous la direction est bonne \u00bb objecte la d\u00e9l\u00e9gu\u00e9e municipale \u00e0 la politique alimentaire et \u00e0 l\u2019agriculture urbaine qui met en avant \u00ab <a href=\"https:\/\/actu.fr\/occitanie\/montpellier_34172\/montpellier-les-ecologistes-de-la-majorite-municipale-crient-victoire-a-malbosc_61575380.html\" rel=\"nofollow noopener\" target=\"_blank\">la pr\u00e9servation de 20ha au coteau de Malbosc<\/a>, la r\u00e9volution des mobilit\u00e9s, le travail sur l\u2019alimentation, la v\u00e9g\u00e9talisation des cours d\u2019\u00e9cole\u2026 c\u2019est incroyable tout ce que l\u2019on a fait durant le mandat. Il n\u2019y a jamais eu de politiques publiques \u00e9cologiques aussi fortes et aussi fortement port\u00e9es \u00e0 Montpellier. Les \u00e9lecteurs voient que cela va dans le bon sens comme avec la place des Arceaux, un super symbole de ce que l\u2019on veut faire o\u00f9 140 arbres sont plant\u00e9s. Ce n\u2019est pas en \u00e9tant dans l\u2019opposition que l\u2019on agit, c\u2019est en \u00e9tant dans la majorit\u00e9 \u00bb.<\/p>\n<p>L\u2019entente malgr\u00e9 les diff\u00e9rences ?<\/p>\n<p class=\" wall-content\">Outre l\u2019argumentaire d\u00e9ploy\u00e9 par chaque motion, la diff\u00e9rence semble se cristalliser autour de Micha\u00ebl Delafosse pour les uns et La France Insoumise pour les autres. Point\u00e9e du doigt pour pousser les \u00e9cologistes dans les bras de ces derniers, Julia Mignacca d\u00e9fend: \u00ab Ce que nous avons dit depuis le d\u00e9but ce n\u2019\u00e9tait pas LFI \u00e0 tout prix, c\u2019est que nous voulions, dans la perspective de se renforcer et de proposer autre chose \u00e0 Montpellier, la plus large alliance possible \u00e0 gauche de l\u2019aile droite du PS en place aujourd\u2019hui. \u00c9videmment, nous \u00e9tions pour une alliance avec LFI, mais pas que, et sur une base programmatique \u00bb. Jean-Louis Roum\u00e9gas est pour l\u2019heure plus mesur\u00e9 : \u00ab En l\u2019\u00e9tat du d\u00e9bat et vu leurs positions, c\u2019est peu probable qu\u2019il y ait un accord avec LFI parce qu\u2019on veut un projet coh\u00e9rent. On part du principe que pour gagner une \u00e9lection, il faut bien se rassembler et il faut \u00eatre coh\u00e9rent sur le projet \u00bb. De l\u2019autre c\u00f4t\u00e9, Marie Massart plaide : \u00ab Nous ne sommes pas du tout ferm\u00e9s \u00e0 LFI. C\u2019est le Nouveau Front Populaire en fait. Cela fait 23 ans que je fais des campagnes, j\u2019ai travers\u00e9 des d\u00e9serts, et celle-l\u00e0 a \u00e9t\u00e9 incroyable. Les gens avaient l\u2019espoir que la gauche pouvait enfin s\u2019entendre et travailler ensemble. Se taper dessus sur des choses caricaturales et d\u00e9magogiques cela n\u2019est pas \u00e0 la hauteur des enjeux. Ce serait trop dommage de partir s\u00e9par\u00e9s et de se taper dessus les uns sur les autres alors que nos ennemis ne sont pas \u00e0 gauche \u00bb.<\/p>\n<p class=\" wall-content\">Alors une entente est-elle quand m\u00eame encore possible entre les motions ? Les deux semblent vouloir y croire. \u00ab J\u2019imagine que oui cela d\u00e9pendra, \u00e0 la fois de ce que les adh\u00e9rents choisissent, et, aux autres, de leur capacit\u00e9 \u00e0 revenir sur des choses sur lesquelles ils se sont engag\u00e9s. C\u2019est encore possible, on verra la ligne qui est choisie et chacun prendra ses dispositions en fonction de \u00e7a \u00bb confie Julia Mignacca d\u00e9sormais en position de force. En face, on est forc\u00e9ment plus amer m\u00eame si rien ne semble in\u00e9luctable. \u00ab Il y a des divergences de fond qui ne sont pas si importantes que cela. Je trouve que c\u2019est plus une question de posture. On est aux responsabilit\u00e9s, dans la majorit\u00e9, on agit avec les contraintes que nous avons. Nous ne faisons pas exactement ce que l\u2019on veut car il ne suffit pas de claquer des doigts pour mettre en oeuvre des politiques publiques. Et c\u2019est finalement plus facile d\u2019\u00eatre dans une posture d\u2019opposants et critiquer en commentant \u00bb regrette tout de m\u00eame Marie Massart. Gommer les diff\u00e9rences pour s\u2019entendre sur une orientation strat\u00e9gique ne sera pas le seul obstacle de la soir\u00e9e. Ce serait l\u00e0 aussi trop simple.<\/p>\n<p>Une liste, deux points de vue<\/p>\n<p class=\" wall-content\">Une fois la motion strat\u00e9gique d\u2019orientation adopt\u00e9e, les adh\u00e9rents choisiront entre deux listes propos\u00e9es par ces m\u00eames motions. Le gagnant devant franchir 50% et un syst\u00e8me de proportionnelle permettra ensuite de r\u00e9partir les places. Pour la motion \u00ab\u00a0Rassembler pour une alternative \u00e9cologiste, sociale et citoyenne\u00a0\u00bb, Jean-Louis Roum\u00e9gas sera t\u00eate de liste, suivi de Julia Mignacca, Nordine Maktoubi et Coralie Mantion. Des positions, soumises ensuite au jeu des alliances et compl\u00e9t\u00e9es \u00e9galement par des personnalit\u00e9s de la soci\u00e9t\u00e9 civile non adh\u00e9rentes au parti \u00e0 l\u2019instar de Fran\u00e7ois Vasquez dont il serait \u00e9tonnant au final de ne pas voir figurer en bonne place, vu sa voix contre le CSR aujourd\u2019hui d\u00e9fendu par l\u2019Insoumis Ren\u00e9 Revol. \u00ab Quand on discutera du rassemblement avec les autres forces politiques, on discutera de tout, de toute la liste et de la proposition de t\u00eate de liste commune. L\u2019id\u00e9e importante de notre motion ce n\u2019est pas les Verts qui ouvrent leur liste, l\u2019id\u00e9e est de cr\u00e9er une vraie dynamique de rassemblement \u00bb argumente Jean-Louis Roum\u00e9gas qui esp\u00e8re toutefois dans neuf mois porter le fer au nom des \u00e9cologistes. \u00ab Cette liste d\u00e9signe les douze premiers \u00e9cologistes et, si on arrive \u00e0 composer avec d\u2019autres forces politiques, ce qui est notre souhait, cette liste sera enrichie par ces partenaires. Apr\u00e8s, y compris la t\u00eate de liste, tout est ouvert \u00e0 discussion\u00a0\u00bb nuance Julia Mignacca.<\/p>\n<p class=\" wall-content\">L\u00e0 encore, selon Marie Massart, ce n\u2019est pas le bon moment. \u00ab Pour nous, ce n\u2019est pas du tout la liste d\u00e9finitive, c\u2019est une liste qui va oeuvrer \u00e0 travailler sur la suite et rencontrer les diff\u00e9rents partis. De notre point de vue, c\u2019est trop t\u00f4t pour fusionner les listes de deux motions \u00bb explique-t-elle. Sa motion a tout de m\u00eame pr\u00e9sent\u00e9 une liste de seulement cinq noms, conduite par Guilhem Vern, collaborateur des \u00e9lus de la majorit\u00e9 qui eux n\u2019y apparaissent pas. Si certains \u00e9voquent un contentieux administratif portant sur le reversement des \u00e9lus au parti, Marie Massart balaye les accusations. \u00ab\u00a0\u00c0 plusieurs reprises, nous avons demand\u00e9 \u00e0 \u00eatre remis \u00e0 jour et on nous a annul\u00e9 trois rendez-vous. C\u2019est vraiment une question de m\u00e9thode et de timing. Se mettre aujourd\u2019hui sur une liste, alors que nous n\u2019avons aucun projet, avec des gens qui critiquent la majorit\u00e9 alors qu\u2019on est encore dedans, c\u2019est trop t\u00f4t \u00bb. Sa motion devrait d\u2019ailleurs, en r\u00e9unissant 30% des militants, obtenir la tenue d\u2019une nouvelle AG en septembre afin de travailler un projet et un accord \u00e0 gauche tandis que la motion adverse en envisage une en octobre pour compl\u00e9ter la liste en fonction des discussions men\u00e9es. Des discussions men\u00e9es localement car mieux vaut ne pas \u00e9voquer d\u2019\u00e9ventuels accords entre les partis au niveau national\u2026<\/p>\n<p>Les graines de la discorde<\/p>\n<p class=\" wall-content\">Rien n\u2019est donc simple et cela se corse d\u2019autant plus si l\u2019on ajoute l\u2019histoire des \u00e9cologistes. La motion conduite par Marie Massart a l\u2019avantage d\u2019\u00eatre uni quand celle de Jean-Louis Roum\u00e9gas agr\u00e8ge le courant de Julia Mignacca, celui de Nordine Maktoubi et les anciens \u00e9lus de la majorit\u00e9. Le pass\u00e9 montre que travailler avec le PS n\u2019est pas impossible pour Jean-Louis Roum\u00e9gas qui fut alli\u00e9 \u00e0 Georges Fr\u00eache de 2001 \u00e0 2008 m\u00eame si la relation a \u00e9t\u00e9 conflictuelle jusqu\u2019\u00e0 la rupture avant de revenir, par l\u2019interm\u00e9diaire de Mustapha Madjoul, avec Jean-Pierre Moure en 2013. Son accord avec Julia Mignacca semble aujourd\u2019hui lui interdire toute option avec Micha\u00ebl Delafosse, qu\u2019il ne se prive d\u2019ailleurs pas de critiquer et ne qualifie pas de \u00ab\u00a0maire \u00e9cologiste\u00a0\u00bb. Mais en politique tout est possible. La preuve ? L\u2019ancien vice-pr\u00e9sident \u00e0 la m\u00e9tropole d\u00e9l\u00e9gu\u00e9 \u00e0 la gestion des d\u00e9chets Fran\u00e7ois Vasquez, opposant historique \u00e0 l\u2019usine de m\u00e9thanisation Ametyst que poussait les \u00e9cologistes dont Jean-Louis Roum\u00e9gas, se retrouvent aujourd\u2019hui \u00e0 ses c\u00f4t\u00e9s.<\/p>\n<p class=\" wall-content\">Julia Mignacca porte par ailleurs un int\u00e9r\u00eat au mouvement Cause Commune, \u00e9manation du mouvement Nous Sommes dont est issue Alenka Doulain, aujourd\u2019hui \u00e0 LFI et qui porte le m\u00eame int\u00e9r\u00eat \u00e0 la d\u00e9marche. \u00ab Dans notre courant, ce qui nous int\u00e9resse, d\u2019autant plus \u00e0 une \u00e9chelle locale comme la municipalit\u00e9, c\u2019est l\u2019implication des habitants et des citoyens, dans le choix des politiques publiques. Cause Commune participe de \u00e7a notamment dans les quartiers populaires, c\u2019est \u00e0 dire des personnes qui ne sont plut\u00f4t oubli\u00e9es des politiques publiques et plut\u00f4t invisibilis\u00e9es dans l\u2019espace public, en voulant leur redonner toute leur place. Je trouve que c\u2019est une tr\u00e8s belle initiative pour mobiliser les habitants et les impliquer dans les municipales \u00bb. De l\u00e0 \u00e0 \u00eatre soup\u00e7onn\u00e9e, comme pourrait l\u2019\u00eatre Alenka Doulain au sein de LFI, de courir la m\u00eame course dans deux couloirs diff\u00e9rents ? \u00ab Non parce que c\u2019est le m\u00eame objectif. Les gens pr\u00e9f\u00e8rent parfois une porte d\u2019entr\u00e9e \u00e0 la politique qu\u2019une autre. Je pense que notre enjeu, et encore plus en tant que responsable politique, c\u2019est de faire des ponts et de permettre \u00e0 ces gens de se rassembler autour d\u2019un objectif commun. Et, \u00e0 mon avis, cet objectif commun on l\u2019a \u00bb plaide-t-elle.<\/p>\n<p>\u00c9colos rassemblement ?<\/p>\n<p class=\" wall-content\">Quant \u00e0 la motion \u00ab\u00a0\u00c9cologistes pour Montpellier, l\u2019\u00e9cologie des solutions\u00a0\u00bb, sur laquelle l\u2019ombre de Manu Reynaud, dans l\u2019attente d\u2019une d\u00e9cision juridique quant \u00e0 sa r\u00e9int\u00e9gration, plane toujours avec le PS jamais tr\u00e8s loin, son bilan et sa position dans la majorit\u00e9, qui expliquerait aussi la logique de ne pas appara\u00eetre sur une liste interne avec une t\u00eate de liste, pourrait induire de se ranger d\u2019ores et d\u00e9j\u00e0 derri\u00e8re Micha\u00ebl Delafosse. Et donc d\u2019oeuvrer \u00e0 cela. \u00ab Nous n\u2019avons pas de position par rapport \u00e0 cela. On pense que cela se passe plut\u00f4t bien et que c\u2019est une option envisageable. Aujourd\u2019hui, rien n\u2019est fait. En tout cas, nous ne nous positionnerons pas contre Micha\u00ebl Delafosse \u00bb rejette Marie Massart. Regrettant que \u00ab la situation actuelle affaiblisse l\u2019\u00e9cologie politique \u00bb, cette derni\u00e8re affirme que, quels que soient les r\u00e9sultats de l\u2019AG, \u00ab il n\u2019est pas question pour nous de quitter le parti. Notre option est l\u2019alliance de la gauche, sans exclusion aucune, avec la majorit\u00e9, quitte \u00e0 l\u2019\u00e9largir \u00bb. Encore faudra-t-il que le patron de cette majorit\u00e9 accepte\u2026 Dans la logique de soutien au sortant comme c\u2019est g\u00e9n\u00e9ralement le cas, Micha\u00ebl Delafosse il serait \u00e9tonnant de le voir ouvrir les bras \u00e0 certains\u2026 Alors les \u00c9cologistes sont-ils une composante d\u2019une \u00e9quation \u00e0 trois inconnus avec le PS et LFI ou sont-ils coinc\u00e9s entre Charybde en Scylla au gr\u00e8s des uns et des autres ?<\/p>\n<p class=\" wall-content\">C\u2019est donc une nouvelle fois un sacr\u00e9 d\u00e9fi qu\u2019abordent les \u00e9cologistes montpelli\u00e9rains qui vont tenter de faire du carrefour de leurs courants, un rond-point f\u00e9d\u00e9rateur\u2026 dont il y a fort \u00e0 parier qu\u2019il se transforme en trois fois une voie. Une ironie quand on milite, pour une fois ensemble, contre les projets routiers. Et ce n\u2019est pas le seul sujet sur lesquels ils se retrouvent s\u2019il conc\u00e8de \u00e0 un constat objectif. Comme quoi, les \u00e9cologistes peuvent encore se retrouver alors pourquoi pas pour la bataille finale. Avec qui la mener c\u2019est une autre question qu\u2019ils ont choisi d\u2019aborder avant le reste. Les r\u00e9sultats sont attendus mardi matin avec l\u2019espoir de proclamer \u00ab \u00c9colos rassemblement ! \u00bb. \u00c0 eux de faire mentir le pass\u00e9\u2026 Dernier \u00e9l\u00e9ment enfin, il ne devrait pas y avoir d\u2019intervention de Paris qui pr\u00e9f\u00e8re laisser la main aux militants locaux. Du moins, pour cette AG. Suivant la situation dans quelques mois, comme cela avait \u00e9t\u00e9 le cas lors des pr\u00e9c\u00e9dentes municipales, il serait \u00e9tonnant que des cadres ne s\u2019en m\u00ealent pas. Vu l\u2019\u00e9ternel capharna\u00fcm \u00e0 Montpellier, et ce n\u2019est pas propre aux \u00e9colos, faut-il qu\u2019ils en aient encore envie\u2026<\/p>\n<p class=\" wall-content\">Suivez toute l\u2019actualit\u00e9 de vos villes et m\u00e9dias favoris en vous inscrivant \u00e0 <a href=\"https:\/\/moncompte.actu.fr\" title=\"D\u00e9couvez Mon Actu\" rel=\"nofollow noopener\" data-trk=\"{&quot;cta&quot;:{&quot;action&quot;:&quot;https:\\\/\\\/moncompte.actu.fr&quot;,&quot;category&quot;:&quot;mon compte&quot;,&quot;from&quot;:&quot;article footer&quot;,&quot;name&quot;:&quot;Mon actu&quot;,&quot;type&quot;:&quot;cta&quot;}}\" target=\"_blank\">Mon Actu<\/a>.<\/p>\n","protected":false},"excerpt":{"rendered":"Par C\u00e9dric Nithard Publi\u00e9 le 21 juin 2025 \u00e0 16h31 Ce lundi 23 juin, les \u00c9cologistes \u00e0 Montpellier&hellip;\n","protected":false},"author":2,"featured_media":193748,"comment_status":"","ping_status":"","sticky":false,"template":"","format":"standard","meta":{"footnotes":""},"categories":[9599],"tags":[1111,11,4188,1777,674,1011,27,2208,12,2680,316,25],"class_list":{"0":"post-193747","1":"post","2":"type-post","3":"status-publish","4":"format-standard","5":"has-post-thumbnail","7":"category-montpellier","8":"tag-actu","9":"tag-actualites","10":"tag-elections-municipales","11":"tag-eu","12":"tag-europe","13":"tag-fr","14":"tag-france","15":"tag-montpellier","16":"tag-news","17":"tag-occitanie","18":"tag-politique","19":"tag-republique-francaise"},"share_on_mastodon":{"url":"https:\/\/pubeurope.com\/@fr\/114722034485405035","error":""},"_links":{"self":[{"href":"https:\/\/www.europesays.com\/fr\/wp-json\/wp\/v2\/posts\/193747","targetHints":{"allow":["GET"]}}],"collection":[{"href":"https:\/\/www.europesays.com\/fr\/wp-json\/wp\/v2\/posts"}],"about":[{"href":"https:\/\/www.europesays.com\/fr\/wp-json\/wp\/v2\/types\/post"}],"author":[{"embeddable":true,"href":"https:\/\/www.europesays.com\/fr\/wp-json\/wp\/v2\/users\/2"}],"replies":[{"embeddable":true,"href":"https:\/\/www.europesays.com\/fr\/wp-json\/wp\/v2\/comments?post=193747"}],"version-history":[{"count":0,"href":"https:\/\/www.europesays.com\/fr\/wp-json\/wp\/v2\/posts\/193747\/revisions"}],"wp:featuredmedia":[{"embeddable":true,"href":"https:\/\/www.europesays.com\/fr\/wp-json\/wp\/v2\/media\/193748"}],"wp:attachment":[{"href":"https:\/\/www.europesays.com\/fr\/wp-json\/wp\/v2\/media?parent=193747"}],"wp:term":[{"taxonomy":"category","embeddable":true,"href":"https:\/\/www.europesays.com\/fr\/wp-json\/wp\/v2\/categories?post=193747"},{"taxonomy":"post_tag","embeddable":true,"href":"https:\/\/www.europesays.com\/fr\/wp-json\/wp\/v2\/tags?post=193747"}],"curies":[{"name":"wp","href":"https:\/\/api.w.org\/{rel}","templated":true}]}}