{"id":193749,"date":"2025-06-21T15:21:11","date_gmt":"2025-06-21T15:21:11","guid":{"rendered":"https:\/\/www.europesays.com\/fr\/193749\/"},"modified":"2025-06-21T15:21:11","modified_gmt":"2025-06-21T15:21:11","slug":"la-qualite-de-lair-est-encore-mauvaise-en-normandie","status":"publish","type":"post","link":"https:\/\/www.europesays.com\/fr\/193749\/","title":{"rendered":"La qualit\u00e9 de l\u2019air est encore mauvaise en Normandie"},"content":{"rendered":"<p>            Par<br \/>\n        <strong><br \/>\n            <a href=\"https:\/\/actu.fr\/auteur\/redaction-pressemanche\" title=\"Consulter tous les articles de R\u00e9daction La Presse de la Manche\" target=\"_blank\" rel=\"noopener\">R\u00e9daction La Presse de la Manche<\/a><br \/>\n        <\/strong><\/p>\n<p>        Publi\u00e9 le<\/p>\n<p>            21 juin 2025 \u00e0 16h37        <\/p>\n<p>Cela n\u2019aura \u00e9chapp\u00e9 \u00e0 personne\u2009: il fait tr\u00e8s chaud, <b>ce samedi 21\u00a0juin 2025<\/b>, dans la <a href=\"https:\/\/actu.fr\/normandie\/manche_50\" target=\"_blank\" rel=\"noopener\">Manche<\/a><b> <\/b>et en <a href=\"https:\/\/actu.fr\/normandie\/\" target=\"_blank\" rel=\"noopener\">Normandie<\/a>. Le d\u00e9partement est d\u2019ailleurs plac\u00e9 en <b>vigilance orange<\/b> pour <b>canicule<\/b>, <a href=\"https:\/\/actu.fr\/meteo\/canicule-et-orages-encore-16-departements-en-vigilance-orange-ce-samedi-presque-toute-la-france-en-jaune_62802332.html\" target=\"_blank\" rel=\"noopener\">comme quinze autres d\u00e9partements<\/a>.<\/p>\n<p class=\" wall-content\">L\u2019une des cons\u00e9quences directes\u2009: la <b>qualit\u00e9 de l\u2019air <\/b>se <b>d\u00e9grade<\/b>. L\u2019Atmo Normandie informe d\u2019ailleurs que cette derni\u00e8re est <b>mauvaise <\/b>sur l\u2019ensemble de la r\u00e9gion en raison des <b>concentrations d\u2019ozone<\/b>.<\/p>\n<p>Des pr\u00e9cautions \u00e0 prendre<\/p>\n<p class=\" wall-content\">\u00ab\u2009Les<b> temp\u00e9ratures hautes<\/b>, associ\u00e9es \u00e0 <b>un temps globalement ensoleill\u00e9<\/b>, vont contribuer \u00e0 la formation d\u2019ozone par <b>r\u00e9actions chimiques<\/b> \u00e0 partir de <b>polluants <\/b>pr\u00e9sents dans l\u2019atmosph\u00e8re\u2009\u00bb, d\u00e9taille l\u2019organisme.<\/p>\n<p class=\" wall-content\">Comme le pr\u00e9cise l\u2019Atmo, des <b>masses d\u2019air<\/b> d\u2019origine Sud-Est vont \u00e9galement traverser la r\u00e9gion charg\u00e9es de polluants, contribuant \u00e0 la pr\u00e9sence d\u2019ozone.<\/p>\n<p class=\" wall-content\">De plus, les <b>conditions atmosph\u00e9riques<\/b> ne permettront pas <b>une bonne dispersion<\/b> des compos\u00e9s. Avant de faire <b>une activit\u00e9 en plein air<\/b>, il est donc conseill\u00e9 <a href=\"https:\/\/www.atmonormandie.fr\/\" target=\"_blank\" rel=\"noopener\">de s\u2019informer<\/a> sur la qualit\u00e9 de l\u2019air.<\/p>\n<p>Am\u00e9lioration<\/p>\n<p class=\" wall-content\">Qualit\u00e9 qui devrait <b>s\u2019am\u00e9liorer <\/b>d\u00e8s dimanche, jug\u00e9e <b>moyenne <\/b>dans la Manche et le Calvados, toujours d\u00e9grad\u00e9e ailleurs. \u00ab\u2009Les temp\u00e9ratures en l\u00e9g\u00e8re baisse, associ\u00e9es \u00e0 un temps plus mitig\u00e9, vont permettre <b>une diminution <\/b>des concentrations d\u2019ozone\u2009\u00bb, s\u2019avance l\u2019Atmo.<\/p>\n<p>Vid\u00e9os : en ce moment sur Actu<\/p>\n<p class=\" wall-content\">Et d\u2019annoncer\u2009: \u00ab\u2009Les masses d\u2019air oc\u00e9aniques, avec des rafales localement, devraient permettre une bonne dispersion des polluants dans l\u2019atmosph\u00e8re\u2009\u00bb.<\/p>\n<p class=\" wall-content\">\u00c0 noter, enfin, que <a href=\"https:\/\/meteofrance.com\/\" target=\"_blank\" rel=\"noopener\">M\u00e9t\u00e9o France<\/a> repassera la Manche en vert.<\/p>\n<p class=\" wall-content\">Suivez toute l\u2019actualit\u00e9 de vos villes et m\u00e9dias favoris en vous inscrivant \u00e0 <a href=\"https:\/\/moncompte.actu.fr\" title=\"D\u00e9couvez Mon Actu\" rel=\"nofollow noopener\" data-trk=\"{&quot;cta&quot;:{&quot;action&quot;:&quot;https:\\\/\\\/moncompte.actu.fr&quot;,&quot;category&quot;:&quot;mon compte&quot;,&quot;from&quot;:&quot;article footer&quot;,&quot;name&quot;:&quot;Mon actu&quot;,&quot;type&quot;:&quot;cta&quot;}}\" target=\"_blank\">Mon Actu<\/a>.<\/p>\n","protected":false},"excerpt":{"rendered":"Par R\u00e9daction La Presse de la Manche Publi\u00e9 le 21 juin 2025 \u00e0 16h37 Cela n\u2019aura \u00e9chapp\u00e9 \u00e0&hellip;\n","protected":false},"author":2,"featured_media":193750,"comment_status":"","ping_status":"","sticky":false,"template":"","format":"standard","meta":{"footnotes":""},"categories":[9587],"tags":[1111,11,1129,1777,674,1011,27,2487,2357,12,5161,1800,25,9590],"class_list":{"0":"post-193749","1":"post","2":"type-post","3":"status-publish","4":"format-standard","5":"has-post-thumbnail","7":"category-rouen","8":"tag-actu","9":"tag-actualites","10":"tag-climat","11":"tag-eu","12":"tag-europe","13":"tag-fr","14":"tag-france","15":"tag-meteo","16":"tag-meteo-france","17":"tag-news","18":"tag-normandie","19":"tag-pollution","20":"tag-republique-francaise","21":"tag-rouen"},"share_on_mastodon":{"url":"https:\/\/pubeurope.com\/@fr\/114722038267441135","error":""},"_links":{"self":[{"href":"https:\/\/www.europesays.com\/fr\/wp-json\/wp\/v2\/posts\/193749","targetHints":{"allow":["GET"]}}],"collection":[{"href":"https:\/\/www.europesays.com\/fr\/wp-json\/wp\/v2\/posts"}],"about":[{"href":"https:\/\/www.europesays.com\/fr\/wp-json\/wp\/v2\/types\/post"}],"author":[{"embeddable":true,"href":"https:\/\/www.europesays.com\/fr\/wp-json\/wp\/v2\/users\/2"}],"replies":[{"embeddable":true,"href":"https:\/\/www.europesays.com\/fr\/wp-json\/wp\/v2\/comments?post=193749"}],"version-history":[{"count":0,"href":"https:\/\/www.europesays.com\/fr\/wp-json\/wp\/v2\/posts\/193749\/revisions"}],"wp:featuredmedia":[{"embeddable":true,"href":"https:\/\/www.europesays.com\/fr\/wp-json\/wp\/v2\/media\/193750"}],"wp:attachment":[{"href":"https:\/\/www.europesays.com\/fr\/wp-json\/wp\/v2\/media?parent=193749"}],"wp:term":[{"taxonomy":"category","embeddable":true,"href":"https:\/\/www.europesays.com\/fr\/wp-json\/wp\/v2\/categories?post=193749"},{"taxonomy":"post_tag","embeddable":true,"href":"https:\/\/www.europesays.com\/fr\/wp-json\/wp\/v2\/tags?post=193749"}],"curies":[{"name":"wp","href":"https:\/\/api.w.org\/{rel}","templated":true}]}}