{"id":193756,"date":"2025-06-21T15:26:09","date_gmt":"2025-06-21T15:26:09","guid":{"rendered":"https:\/\/www.europesays.com\/fr\/193756\/"},"modified":"2025-06-21T15:26:09","modified_gmt":"2025-06-21T15:26:09","slug":"cet-evenement-majeur-va-profiter-a-ces-deux-lignes-aeriennes","status":"publish","type":"post","link":"https:\/\/www.europesays.com\/fr\/193756\/","title":{"rendered":"cet \u00e9v\u00e9nement majeur va profiter \u00e0 ces deux lignes a\u00e9riennes"},"content":{"rendered":"<p>            Par<br \/>\n        <strong><br \/>\n            <a href=\"https:\/\/actu.fr\/auteur\/brian-legoff\" title=\"Consulter tous les articles de Brian Le Goff\" target=\"_blank\" rel=\"noopener\">Brian Le Goff<\/a><br \/>\n        <\/strong><\/p>\n<p>        Publi\u00e9 le<\/p>\n<p>            21 juin 2025 \u00e0 17h12        <\/p>\n<p>L\u2019annonce avait d\u00e9j\u00e0 \u00e9t\u00e9 faite. Mais <a href=\"https:\/\/actu.fr\/tag\/aeroport-de-rennes\" target=\"_blank\" rel=\"noopener\">l\u2019a\u00e9roport de Rennes<\/a> et le<strong> Consulat du Royaume du Maroc<\/strong> install\u00e9 au sein de la capitale bretonne ont d\u00e9cid\u00e9 de remettre sur le devant de la sc\u00e8ne l\u2019ouverture prochaine de deux lignes a\u00e9riennes directes avec le pays du soleil couchant.<\/p>\n<p>Marrakech et Agadir<\/p>\n<p class=\" wall-content\">En effet, <strong>apr\u00e8s le succ\u00e8s des deux saisons pass\u00e9es<\/strong>, <a href=\"https:\/\/actu.fr\/bretagne\/rennes_35238\/aeroport-de-rennes-une-ligne-internationale-va-faire-son-grand-retour-en-octobre-2024_60991116.html\" target=\"_blank\" rel=\"noopener\">la liaison vers Marrakech sera bien de retour \u00e0 l\u2019automne 2025<\/a>. Mais, ce n\u2019est pas tout.<\/p>\n<p class=\" wall-content\">Comme nous vous en parlions il y a quelques semaines,<a href=\"https:\/\/actu.fr\/bretagne\/rennes_35238\/aeroport-de-rennes-une-nouvelle-destination-s-ouvre-bientot-vers-l-international-et-le-soleil_62635725.html\" target=\"_blank\" rel=\"noopener\"> une nouvelle ligne directe avec le Maghreb ouvre<\/a> en octobre prochain. Et, plus pr\u00e9cis\u00e9ment, vers <strong>Agadir \u00e0 partir du 22\u00a0octobre 2025<\/strong>, avec des vols op\u00e9r\u00e9s deux fois par semaine, les lundis et vendredis.<\/p>\n<p class=\" wall-content\">\u00ab\u2009L\u2019ouverture de cette nouvelle liaison <strong>illustre la confiance renouvel\u00e9e de Transavia<\/strong> envers l\u2019a\u00e9roport Rennes Bretagne et son potentiel de d\u00e9veloppement international. Nous sommes fiers de pouvoir offrir \u00e0 nos passagers un acc\u00e8s \u00e9largi \u00e0 ces <strong>destinations tr\u00e8s pris\u00e9es, adapt\u00e9es tant aux besoins de loisirs qu\u2019aux \u00e9changes \u00e9conomiques\u2009\u00bb<\/strong>, s\u2019est f\u00e9licit\u00e9 Yannick Bouiller, directeur de l\u2019a\u00e9roport.<\/p>\n<p class=\" wall-content\">De son c\u00f4t\u00e9, le patron de la compagnie a\u00e9rienne estime que<strong> le Maroc \u00ab\u2009demeure un march\u00e9 strat\u00e9gique pour Transavia\u2009\u00bb<\/strong>.<\/p>\n<p>Vid\u00e9os : en ce moment sur Actu\u00ab\u2009Un rendez-vous sportif important\u2009\u00bb<\/p>\n<p class=\" wall-content\">\u00ab\u2009Le rappel de ces ouvertures de lignes s\u2019inscrit aujourd\u2019hui dans un contexte plus large et particuli\u00e8rement porteur\u2009\u00bb, poursuit l\u2019a\u00e9roport.<\/p>\n<p class=\" wall-content\">En effet, <strong>Myrieme Taleb, consule g\u00e9n\u00e9rale du Royaume du Maroc \u00e0 Rennes,<\/strong> salue, elle aussi, le timing de l\u2019ouverture de la nouvelle ligne Rennes-Agadir \u00ab\u2009car elle <strong>co\u00efncide avec un rendez-vous sportif important<\/strong> qui sera abrit\u00e9 par le Maroc en d\u00e9cembre prochain\u2009: la<strong> Coupe d\u2019Afrique des Nations de football (CAN) 2025.<\/strong> Ces deux connexions permettent en effet, aussi bien aux concitoyens qu\u2019aux ressortissants africains et subsahariens habitant \u00e0 Rennes de<strong> voyager facilement au Maroc pour assister aux matchs programm\u00e9s.\u2009\u00bb<\/strong><\/p>\n<p class=\" wall-content\">Suivez toute l\u2019actualit\u00e9 de vos villes et m\u00e9dias favoris en vous inscrivant \u00e0 <a href=\"https:\/\/moncompte.actu.fr\" title=\"D\u00e9couvez Mon Actu\" rel=\"nofollow noopener\" data-trk=\"{&quot;cta&quot;:{&quot;action&quot;:&quot;https:\\\/\\\/moncompte.actu.fr&quot;,&quot;category&quot;:&quot;mon compte&quot;,&quot;from&quot;:&quot;article footer&quot;,&quot;name&quot;:&quot;Mon actu&quot;,&quot;type&quot;:&quot;cta&quot;}}\" target=\"_blank\">Mon Actu<\/a>.<\/p>\n<ul class=\"ac-article-tag wall-content\">\n<li><a href=\"https:\/\/actu.fr\/tag\/aeroport-de-rennes\" data-trk=\"{&quot;cta&quot;:{&quot;action&quot;:&quot;A\\u00e9roport de Rennes&quot;,&quot;category&quot;:&quot;tag&quot;,&quot;from&quot;:&quot;article footer&quot;,&quot;name&quot;:&quot;A\\u00e9roport de Rennes&quot;,&quot;type&quot;:&quot;cta&quot;}}\" target=\"_blank\" rel=\"noopener\">#A\u00e9roport de Rennes<\/a><\/li>\n<li><a href=\"https:\/\/actu.fr\/tag\/maroc\" data-trk=\"{&quot;cta&quot;:{&quot;action&quot;:&quot;Maroc&quot;,&quot;category&quot;:&quot;tag&quot;,&quot;from&quot;:&quot;article footer&quot;,&quot;name&quot;:&quot;Maroc&quot;,&quot;type&quot;:&quot;cta&quot;}}\" target=\"_blank\" rel=\"noopener\">#Maroc<\/a><\/li>\n<\/ul>\n","protected":false},"excerpt":{"rendered":"Par Brian Le Goff Publi\u00e9 le 21 juin 2025 \u00e0 17h12 L\u2019annonce avait d\u00e9j\u00e0 \u00e9t\u00e9 faite. Mais l\u2019a\u00e9roport&hellip;\n","protected":false},"author":2,"featured_media":193757,"comment_status":"","ping_status":"","sticky":false,"template":"","format":"standard","meta":{"footnotes":""},"categories":[2821],"tags":[1111,11,21542,829,33,1777,674,1011,27,2223,12,584,25],"class_list":{"0":"post-193756","1":"post","2":"type-post","3":"status-publish","4":"format-standard","5":"has-post-thumbnail","7":"category-rennes","8":"tag-actu","9":"tag-actualites","10":"tag-aeroport-de-rennes","11":"tag-bretagne","12":"tag-economie","13":"tag-eu","14":"tag-europe","15":"tag-fr","16":"tag-france","17":"tag-maroc","18":"tag-news","19":"tag-rennes","20":"tag-republique-francaise"},"share_on_mastodon":{"url":"https:\/\/pubeurope.com\/@fr\/114722058146150502","error":""},"_links":{"self":[{"href":"https:\/\/www.europesays.com\/fr\/wp-json\/wp\/v2\/posts\/193756","targetHints":{"allow":["GET"]}}],"collection":[{"href":"https:\/\/www.europesays.com\/fr\/wp-json\/wp\/v2\/posts"}],"about":[{"href":"https:\/\/www.europesays.com\/fr\/wp-json\/wp\/v2\/types\/post"}],"author":[{"embeddable":true,"href":"https:\/\/www.europesays.com\/fr\/wp-json\/wp\/v2\/users\/2"}],"replies":[{"embeddable":true,"href":"https:\/\/www.europesays.com\/fr\/wp-json\/wp\/v2\/comments?post=193756"}],"version-history":[{"count":0,"href":"https:\/\/www.europesays.com\/fr\/wp-json\/wp\/v2\/posts\/193756\/revisions"}],"wp:featuredmedia":[{"embeddable":true,"href":"https:\/\/www.europesays.com\/fr\/wp-json\/wp\/v2\/media\/193757"}],"wp:attachment":[{"href":"https:\/\/www.europesays.com\/fr\/wp-json\/wp\/v2\/media?parent=193756"}],"wp:term":[{"taxonomy":"category","embeddable":true,"href":"https:\/\/www.europesays.com\/fr\/wp-json\/wp\/v2\/categories?post=193756"},{"taxonomy":"post_tag","embeddable":true,"href":"https:\/\/www.europesays.com\/fr\/wp-json\/wp\/v2\/tags?post=193756"}],"curies":[{"name":"wp","href":"https:\/\/api.w.org\/{rel}","templated":true}]}}