{"id":193758,"date":"2025-06-21T15:27:30","date_gmt":"2025-06-21T15:27:30","guid":{"rendered":"https:\/\/www.europesays.com\/fr\/193758\/"},"modified":"2025-06-21T15:27:30","modified_gmt":"2025-06-21T15:27:30","slug":"du-hip-hop-franco-allemand-au-gre-des-flots","status":"publish","type":"post","link":"https:\/\/www.europesays.com\/fr\/193758\/","title":{"rendered":"du hip-hop franco-allemand au gr\u00e9 des flots"},"content":{"rendered":"<p>\u00ab\u00a0Beats on the boat\u00a0\u00bb r\u00e9unira samedi 19\u00a0juillet le rappeur strasbourgeois Nebbiu et ses voisins d\u2019outre-Rhin, les jumeaux Felix et Till Neumann du groupe Zweierpasch, pour un concert sur un bateau Batorama qui tournera toute la soir\u00e9e sur l\u2019Ill.<\/p>\n<p>Ces artistes hip-hop seront accompagn\u00e9s de danseurs fran\u00e7ais et allemands pour amplifier la port\u00e9e de leurs messages de paix et d\u2019\u00e9changes entre cultures. Le micro restera ouvert pour de courtes contributions de chanteurs, rappeurs ou slameurs (sur inscription pr\u00e9alable).<\/p>\n<p>Cette soir\u00e9e se d\u00e9roulera de 20\u00a0h\u00a015 \u00e0 22\u00a0h\u00a030, au d\u00e9part de l\u2019embarcad\u00e8re Riv\u00e9toile. Le nombre de places est limit\u00e9 \u00e0 36.<\/p>\n<p class=\"note\">Billets en pr\u00e9vente \u00e0 24\u00a0euros. Plus d\u2019infos sur www.zweierpasch.com<\/p>\n","protected":false},"excerpt":{"rendered":"\u00ab\u00a0Beats on the boat\u00a0\u00bb r\u00e9unira samedi 19\u00a0juillet le rappeur strasbourgeois Nebbiu et ses voisins d\u2019outre-Rhin, les jumeaux Felix&hellip;\n","protected":false},"author":2,"featured_media":193759,"comment_status":"","ping_status":"","sticky":false,"template":"","format":"standard","meta":{"footnotes":""},"categories":[2820],"tags":[1111,11,2389,1687,2880,1777,674,107,1011,27,775,873,12,25,640,2879],"class_list":{"0":"post-193758","1":"post","2":"type-post","3":"status-publish","4":"format-standard","5":"has-post-thumbnail","7":"category-strasbourg","8":"tag-actu","9":"tag-actualites","10":"tag-alsace","11":"tag-culture-loisirs","12":"tag-edition-strasbourg","13":"tag-eu","14":"tag-europe","15":"tag-fil-info","16":"tag-fr","17":"tag-france","18":"tag-grand-est","19":"tag-musique","20":"tag-news","21":"tag-republique-francaise","22":"tag-strasbourg","23":"tag-strasbourg-ville"},"share_on_mastodon":{"url":"https:\/\/pubeurope.com\/@fr\/114722062011697389","error":""},"_links":{"self":[{"href":"https:\/\/www.europesays.com\/fr\/wp-json\/wp\/v2\/posts\/193758","targetHints":{"allow":["GET"]}}],"collection":[{"href":"https:\/\/www.europesays.com\/fr\/wp-json\/wp\/v2\/posts"}],"about":[{"href":"https:\/\/www.europesays.com\/fr\/wp-json\/wp\/v2\/types\/post"}],"author":[{"embeddable":true,"href":"https:\/\/www.europesays.com\/fr\/wp-json\/wp\/v2\/users\/2"}],"replies":[{"embeddable":true,"href":"https:\/\/www.europesays.com\/fr\/wp-json\/wp\/v2\/comments?post=193758"}],"version-history":[{"count":0,"href":"https:\/\/www.europesays.com\/fr\/wp-json\/wp\/v2\/posts\/193758\/revisions"}],"wp:featuredmedia":[{"embeddable":true,"href":"https:\/\/www.europesays.com\/fr\/wp-json\/wp\/v2\/media\/193759"}],"wp:attachment":[{"href":"https:\/\/www.europesays.com\/fr\/wp-json\/wp\/v2\/media?parent=193758"}],"wp:term":[{"taxonomy":"category","embeddable":true,"href":"https:\/\/www.europesays.com\/fr\/wp-json\/wp\/v2\/categories?post=193758"},{"taxonomy":"post_tag","embeddable":true,"href":"https:\/\/www.europesays.com\/fr\/wp-json\/wp\/v2\/tags?post=193758"}],"curies":[{"name":"wp","href":"https:\/\/api.w.org\/{rel}","templated":true}]}}