{"id":193760,"date":"2025-06-21T15:28:28","date_gmt":"2025-06-21T15:28:28","guid":{"rendered":"https:\/\/www.europesays.com\/fr\/193760\/"},"modified":"2025-06-21T15:28:28","modified_gmt":"2025-06-21T15:28:28","slug":"deces-dun-suspect-qui-setait-defenestre-pres-de-strasbourg","status":"publish","type":"post","link":"https:\/\/www.europesays.com\/fr\/193760\/","title":{"rendered":"D\u00e9c\u00e8s d\u2019un suspect qui s\u2019\u00e9tait d\u00e9fenestr\u00e9 pr\u00e8s de Strasbourg"},"content":{"rendered":"<p><strong>enqu\u00eate &#8211; Cet homme de 45 ans, \u00ab\u00a0\u00e9v\u00eaque\u00a0\u00bb de l\u2019\u00c9glise gallicane, avait \u00e9t\u00e9 interpell\u00e9 en mai dans le cadre d\u2019une vaste op\u00e9ration contre un r\u00e9seau de p\u00e9docriminalit\u00e9, avant de se jeter du troisi\u00e8me \u00e9tage d\u2019un immeuble<\/strong><\/p>\n<p>Un homme qui s\u2019\u00e9tait d\u00e9fenestr\u00e9 pr\u00e8s de <a href=\"https:\/\/www.20minutes.fr\/strasbourg\/?at_medium=RSS%20feed&amp;at_campaign=ynews&amp;utm_source=yahoo&amp;utm_medium=rss&amp;utm_campaign=news_feed&amp;utm_content=in_article_link\" rel=\"nofollow noopener\" target=\"_blank\" data-ylk=\"slk:Strasbourg;elm:context_link;itc:0;sec:content-canvas\" class=\"link \">Strasbourg<\/a> quelques jours apr\u00e8s avoir \u00e9t\u00e9 interpell\u00e9 dans le cadre d\u2019une op\u00e9ration contre un r\u00e9seau de <a href=\"https:\/\/www.20minutes.fr\/dossier\/pedophilie?at_medium=RSS%20feed&amp;at_campaign=ynews&amp;utm_source=yahoo&amp;utm_medium=rss&amp;utm_campaign=news_feed&amp;utm_content=in_article_link\" rel=\"nofollow noopener\" target=\"_blank\" data-ylk=\"slk:p\u00e9docriminalit\u00e9;elm:context_link;itc:0;sec:content-canvas\" class=\"link \">p\u00e9docriminalit\u00e9<\/a> est d\u00e9c\u00e9d\u00e9, a indiqu\u00e9 samedi son avocat, Micha\u00ebl Wacquez. \u00ab\u00a0Il est d\u00e9c\u00e9d\u00e9 vendredi suite \u00e0 l\u2019arr\u00eat des soins. Il n\u2019y avait plus aucun espoir\u00a0\u00bb, a indiqu\u00e9 Micha\u00ebl Wacquez, confirmant une information des <a href=\"https:\/\/www.dna.fr\/&lt;\/em&gt;faits-divers-justice\/2025\/06\/21\/l-eveque-gallican-soupconne-d-appartenir-a-un-reseau-pedocriminel-est-decede?at_medium=RSS%20feed&amp;at_campaign=ynews&amp;utm_source=yahoo&amp;utm_medium=rss&amp;utm_campaign=news_feed&amp;utm_content=in_article_link\" rel=\"nofollow noopener\" target=\"_blank\" data-ylk=\"slk:Derni\u00e8res nouvelles d\u2019Alsace (DNA);elm:context_link;itc:0;sec:content-canvas\" class=\"link \">Derni\u00e8res nouvelles d\u2019Alsace (DNA)<\/a>.<\/p>\n<p>Cet homme de 45 ans \u00e9tait hospitalis\u00e9 apr\u00e8s s\u2019\u00eatre jet\u00e9 du troisi\u00e8me \u00e9tage d\u2019un immeuble situ\u00e9 \u00e0 Geispolsheim, une commune de la grande banlieue strasbourgeoise, le 23\u00a0mai, quelques heures avant sa comparution pr\u00e9vue devant le tribunal de Strasbourg. Il avait \u00e9t\u00e9 interpell\u00e9 quatre jours plus t\u00f4t dans la commune voisine de Lingolsheim puis laiss\u00e9 libre dans l\u2019attente de sa comparution.<\/p>\n<p>55 hommes interpell\u00e9s partout en France<\/p>\n<p>Salari\u00e9 d\u2019un Ehpad, cet homme \u00e9tait \u00e9galement \u00ab\u00a0\u00e9v\u00eaque\u00a0\u00bb de l\u2019\u00c9glise gallicane, une association qui se pr\u00e9sente comme chr\u00e9tienne mais qui est s\u00e9par\u00e9e de l\u2019Eglise catholique et n\u2019est reconnue par aucune confession.<\/p>\n<p>C\u2019\u00e9tait l\u2019un des 55 hommes interpell\u00e9s partout en France en mai dans le cadre d\u2019une op\u00e9ration de d\u00e9mant\u00e8lement d\u2019un r\u00e9seau de p\u00e9docriminalit\u00e9 qui \u00e9changeait sur la plateforme Telegram.<\/p>\n<p> <a href=\"https:\/\/www.20minutes.fr\/societe\/4159738-20250621-pedocriminalite-deces-suspect-defenestre-pres-strasbourg?at_medium=RSS%20feed&amp;at_campaign=ynews&amp;utm_source=yahoo&amp;utm_medium=rss&amp;utm_campaign=news_feed&amp;utm_content=read_more_link&quot;\" rel=\"nofollow noopener\" target=\"_blank\" data-ylk=\"slk:Lire la suite sur 20minutes;elm:context_link;itc:0;sec:content-canvas\" class=\"link \">Lire la suite sur 20minutes<\/a><\/p>\n<p>\u00c0 lire aussi :<br \/><a href=\"https:\/\/www.20minutes.fr\/faits_divers\/4154851-20250522-pedocriminalite-pretre-professeur-pere-famille-55-hommes-profil-dangereux-interpelles-france?at_medium=RSS%20feed&amp;at_campaign=ynews&amp;utm_source=yahoo&amp;utm_medium=rss&amp;utm_campaign=news_feed&amp;utm_content=related_content_link\" rel=\"nofollow noopener\" target=\"_blank\" data-ylk=\"slk:P\u00e9docriminalit\u00e9\u00a0: Pr\u00eatre, professeur, p\u00e8re de famille\u2026 55 hommes \u00ab\u00a0au profil dangereux\u00a0\u00bb interpell\u00e9s en France;elm:context_link;itc:0;sec:content-canvas\" class=\"link \">P\u00e9docriminalit\u00e9\u00a0: Pr\u00eatre, professeur, p\u00e8re de famille\u2026 55 hommes \u00ab\u00a0au profil dangereux\u00a0\u00bb interpell\u00e9s en France<\/a><br \/><a href=\"https:\/\/www.20minutes.fr\/monde\/4149040-20250417-italie-pretre-arrete-agressions-sexuelles-enfants-10-12-ans?at_medium=RSS%20feed&amp;at_campaign=ynews&amp;utm_source=yahoo&amp;utm_medium=rss&amp;utm_campaign=news_feed&amp;utm_content=related_content_link\" rel=\"nofollow noopener\" target=\"_blank\" data-ylk=\"slk:Italie\u00a0: Un pr\u00eatre arr\u00eat\u00e9 pour des agressions sexuelles sur des enfants \u00e2g\u00e9s de 10 \u00e0 12 ans;elm:context_link;itc:0;sec:content-canvas\" class=\"link \">Italie\u00a0: Un pr\u00eatre arr\u00eat\u00e9 pour des agressions sexuelles sur des enfants \u00e2g\u00e9s de 10 \u00e0 12 ans<\/a><\/p>\n","protected":false},"excerpt":{"rendered":"enqu\u00eate &#8211; Cet homme de 45 ans, \u00ab\u00a0\u00e9v\u00eaque\u00a0\u00bb de l\u2019\u00c9glise gallicane, avait \u00e9t\u00e9 interpell\u00e9 en mai dans le&hellip;\n","protected":false},"author":2,"featured_media":193761,"comment_status":"","ping_status":"","sticky":false,"template":"","format":"standard","meta":{"footnotes":""},"categories":[2820],"tags":[1111,11,33254,1777,674,1011,27,775,12,25,640],"class_list":{"0":"post-193760","1":"post","2":"type-post","3":"status-publish","4":"format-standard","5":"has-post-thumbnail","7":"category-strasbourg","8":"tag-actu","9":"tag-actualites","10":"tag-dernieres-nouvelles-dalsace","11":"tag-eu","12":"tag-europe","13":"tag-fr","14":"tag-france","15":"tag-grand-est","16":"tag-news","17":"tag-republique-francaise","18":"tag-strasbourg"},"share_on_mastodon":{"url":"https:\/\/pubeurope.com\/@fr\/114722065923978357","error":""},"_links":{"self":[{"href":"https:\/\/www.europesays.com\/fr\/wp-json\/wp\/v2\/posts\/193760","targetHints":{"allow":["GET"]}}],"collection":[{"href":"https:\/\/www.europesays.com\/fr\/wp-json\/wp\/v2\/posts"}],"about":[{"href":"https:\/\/www.europesays.com\/fr\/wp-json\/wp\/v2\/types\/post"}],"author":[{"embeddable":true,"href":"https:\/\/www.europesays.com\/fr\/wp-json\/wp\/v2\/users\/2"}],"replies":[{"embeddable":true,"href":"https:\/\/www.europesays.com\/fr\/wp-json\/wp\/v2\/comments?post=193760"}],"version-history":[{"count":0,"href":"https:\/\/www.europesays.com\/fr\/wp-json\/wp\/v2\/posts\/193760\/revisions"}],"wp:featuredmedia":[{"embeddable":true,"href":"https:\/\/www.europesays.com\/fr\/wp-json\/wp\/v2\/media\/193761"}],"wp:attachment":[{"href":"https:\/\/www.europesays.com\/fr\/wp-json\/wp\/v2\/media?parent=193760"}],"wp:term":[{"taxonomy":"category","embeddable":true,"href":"https:\/\/www.europesays.com\/fr\/wp-json\/wp\/v2\/categories?post=193760"},{"taxonomy":"post_tag","embeddable":true,"href":"https:\/\/www.europesays.com\/fr\/wp-json\/wp\/v2\/tags?post=193760"}],"curies":[{"name":"wp","href":"https:\/\/api.w.org\/{rel}","templated":true}]}}