{"id":193766,"date":"2025-06-21T15:31:52","date_gmt":"2025-06-21T15:31:52","guid":{"rendered":"https:\/\/www.europesays.com\/fr\/193766\/"},"modified":"2025-06-21T15:31:52","modified_gmt":"2025-06-21T15:31:52","slug":"le-logiciel-defaillant-de-la-securite-sociale-devant-la-justice-en-loire-atlantique","status":"publish","type":"post","link":"https:\/\/www.europesays.com\/fr\/193766\/","title":{"rendered":"Le logiciel d\u00e9faillant de la S\u00e9curit\u00e9 sociale devant la justice en Loire-Atlantique"},"content":{"rendered":"<p>La CGT l\u2019annonce depuis des semaines, au fil de l\u2019arriv\u00e9e de milliers de dossiers d\u2019assur\u00e9s victimes de la mise en place d\u2019un automate \u00e0 la Caisse primaire d\u2019assurance maladie de Loire-Atlantique.<a href=\"https:\/\/nantes.maville.com\/actu\/actudet_-des-assures-prives-de-leurs-indemnites-de-la-cpam-le-deploiement-du-logiciel-arpege-est-reporte-_8-6676271_actu.Htm\" target=\"_blank\" rel=\"noopener\"> Arp\u00e8ge \u00e9tait cens\u00e9 mieux r\u00e9gler les arr\u00eats de travail des salari\u00e9s en Loire-Atlantique et en Vend\u00e9e.<\/a> De nombreux t\u00e9moignages venant d\u2019assur\u00e9s qui ne percevaient pas leur allocation s\u2019accumulent. Consciente des difficult\u00e9s, la CPAM avait tent\u00e9 d\u2019\u00e9coper le navire en plein naufrage en versant des acomptes. Mais les m\u00e9contentements et les gr\u00e8ves d\u2019agents ont continu\u00e9.<\/p>\n<p>De nombreux rassemblements, \u00e0 l\u2019initiative de la CGT, ont demand\u00e9 le retrait de <strong>\u00ab\u00a0cet automate de malheur qui met dans la d\u00e9tresse des milliers, voire des dizaines de milliers d\u2019assur\u00e9s dans les deux\u00a0d\u00e9partements concern\u00e9s\u00a0\u00bb.<\/strong><\/p>\n<p>Un premier cas sera plaid\u00e9 en r\u00e9f\u00e9r\u00e9 au tribunal administratif de Nantes, avec l\u2019assignation de la CPAM, jeudi 26\u00a0juin. <strong>\u00ab\u00a0De nombreux autres dossiers vont \u00eatre d\u00e9pos\u00e9s dans les semaines qui viennent en Loire-Atlantique et en Vend\u00e9e\u00a0\u00bb,<\/strong> promet la CGT.<\/p>\n<p>\u00a0<\/p>\n","protected":false},"excerpt":{"rendered":"La CGT l\u2019annonce depuis des semaines, au fil de l\u2019arriv\u00e9e de milliers de dossiers d\u2019assur\u00e9s victimes de la&hellip;\n","protected":false},"author":2,"featured_media":193767,"comment_status":"","ping_status":"","sticky":false,"template":"","format":"standard","meta":{"footnotes":""},"categories":[2818],"tags":[1111,11,33255,1777,674,1011,27,303,17009,3047,766,12,2636,25,656,2812],"class_list":{"0":"post-193766","1":"post","2":"type-post","3":"status-publish","4":"format-standard","5":"has-post-thumbnail","7":"category-nantes","8":"tag-actu","9":"tag-actualites","10":"tag-defaillant","11":"tag-eu","12":"tag-europe","13":"tag-fr","14":"tag-france","15":"tag-justice","16":"tag-logiciel","17":"tag-loire-atlantique","18":"tag-nantes","19":"tag-news","20":"tag-pays-de-la-loire","21":"tag-republique-francaise","22":"tag-securite","23":"tag-sociale"},"share_on_mastodon":{"url":"https:\/\/pubeurope.com\/@fr\/114722081772887573","error":""},"_links":{"self":[{"href":"https:\/\/www.europesays.com\/fr\/wp-json\/wp\/v2\/posts\/193766","targetHints":{"allow":["GET"]}}],"collection":[{"href":"https:\/\/www.europesays.com\/fr\/wp-json\/wp\/v2\/posts"}],"about":[{"href":"https:\/\/www.europesays.com\/fr\/wp-json\/wp\/v2\/types\/post"}],"author":[{"embeddable":true,"href":"https:\/\/www.europesays.com\/fr\/wp-json\/wp\/v2\/users\/2"}],"replies":[{"embeddable":true,"href":"https:\/\/www.europesays.com\/fr\/wp-json\/wp\/v2\/comments?post=193766"}],"version-history":[{"count":0,"href":"https:\/\/www.europesays.com\/fr\/wp-json\/wp\/v2\/posts\/193766\/revisions"}],"wp:featuredmedia":[{"embeddable":true,"href":"https:\/\/www.europesays.com\/fr\/wp-json\/wp\/v2\/media\/193767"}],"wp:attachment":[{"href":"https:\/\/www.europesays.com\/fr\/wp-json\/wp\/v2\/media?parent=193766"}],"wp:term":[{"taxonomy":"category","embeddable":true,"href":"https:\/\/www.europesays.com\/fr\/wp-json\/wp\/v2\/categories?post=193766"},{"taxonomy":"post_tag","embeddable":true,"href":"https:\/\/www.europesays.com\/fr\/wp-json\/wp\/v2\/tags?post=193766"}],"curies":[{"name":"wp","href":"https:\/\/api.w.org\/{rel}","templated":true}]}}