{"id":193778,"date":"2025-06-21T15:37:16","date_gmt":"2025-06-21T15:37:16","guid":{"rendered":"https:\/\/www.europesays.com\/fr\/193778\/"},"modified":"2025-06-21T15:37:16","modified_gmt":"2025-06-21T15:37:16","slug":"en-images-les-lillois-bravent-la-chaleur-ecrasante-ce-samedi-premier-jour-de-lete-2025","status":"publish","type":"post","link":"https:\/\/www.europesays.com\/fr\/193778\/","title":{"rendered":"EN IMAGES. Les Lillois bravent la chaleur \u00e9crasante ce samedi, premier jour de l&rsquo;\u00e9t\u00e9 2025"},"content":{"rendered":"<p>            Par<br \/>\n        <strong><br \/>\n            <a href=\"https:\/\/actu.fr\/auteur\/margot-nicodeme\" title=\"Consulter tous les articles de Margot Nicod\u00e8me\" target=\"_blank\" rel=\"noopener\">Margot Nicod\u00e8me<\/a><br \/>\n        <\/strong><\/p>\n<p>        Publi\u00e9 le<\/p>\n<p>            21 juin 2025 \u00e0 16h44        <\/p>\n<p><a href=\"https:\/\/actu.fr\/societe\/vague-de-chaleur-le-nord-et-le-pas-de-calais-places-en-vigilance-canicule-pour-la-journee-de-samedi_62800140.html\" target=\"_blank\" rel=\"noopener\"><b>34\u00b0C annonc\u00e9s par M\u00e9t\u00e9o France<\/b><\/a> au plus chaud de la journ\u00e9e, ce samedi 21 juin 2025, mais pas de quoi effrayer<b> les Nordistes avides de soleil<\/b>. Et il \u00e9tait de plomb, au beau milieu de l\u2019apr\u00e8s-midi, alors que le centre-ville de <a href=\"https:\/\/actu.fr\/hauts-de-france\/lille_59350\" target=\"_blank\" rel=\"noopener\">Lille<\/a> (Nord) accueillait les premi\u00e8res animations musicales, donnant le ton \u00e0 <a href=\"https:\/\/actu.fr\/hauts-de-france\/lille_59350\/concerts-open-mic-fanfares-quel-programme-a-lille-pour-la-fete-de-la-musique_62771993.html\" target=\"_blank\" rel=\"noopener\">une F\u00eate de la musique s\u2019annon\u00e7ant exceptionnelle<\/a>. <b>Les rues \u00e9taient pleines, les terrasses (\u00e0 l\u2019ombre) aussi<\/b>, faisant planer un air de vacances, en ce premier jour d\u2019\u00e9t\u00e9 2025.<\/p>\n<p>    <img   decoding=\"async\" loading=\"lazy\" class=\"size-large\" src=\"https:\/\/www.europesays.com\/fr\/wp-content\/uploads\/2025\/06\/4a94a3c3c65865e94a3c3c65862a4av-960x640.jpg\" alt=\"Le glacier de la rue Basse a vu sa file d'attente grandir, grandir...\" width=\"960\" height=\"640\"\/><br \/>\n    Le glacier de la rue Basse a vu sa file d\u2019attente grandir, grandir\u2026 \u00a9Margot Nicod\u00e8meLe glacier rue Basse fait le plein, la Citadelle offre de la fra\u00eecheur : les Lillois bravent la chaleur<\/p>\n<p class=\" wall-content\">\n<p class=\" wall-content\">Mis \u00e0 part la place du Th\u00e9\u00e2tre, o\u00f9 un groupe de musique attirait l\u2019attention de tr\u00e8s nombreux passants, les endroits ensoleill\u00e9s \u00e9taient plut\u00f4t r\u00e9duits \u00e0 des lieux de passage express. La Grand\u2019Place de Lille notamment, o\u00f9 <b>les terrasses<\/b> en plein soleil, comme \u00e0 la Treille, restaient majoritairement vides, au b\u00e9n\u00e9fice <b>des places \u00e0 l\u2019ombre<\/b>.<\/p>\n<p>    <img   decoding=\"async\" loading=\"lazy\" class=\"size-large\" src=\"https:\/\/www.europesays.com\/fr\/wp-content\/uploads\/2025\/06\/12ef93c3c658666ef93c3c6589aef9v-960x640.jpg\" alt=\"Au pied de la Treille, les terrasses ombrag\u00e9es \u00e9taient plus pris\u00e9es que celles en plein soleil... Et pour cause, il fait 34\u00b0C \u00e0 Lille !\" width=\"960\" height=\"640\"\/><br \/>\n    Au pied de la Treille, les terrasses ombrag\u00e9es \u00e9taient plus pris\u00e9es que celles en plein soleil\u2026 Et pour cause, il fait 34\u00b0C \u00e0 Lille ! \u00a9Margot Nicod\u00e8me<\/p>\n<p class=\" wall-content\">\u00c0 deux pas de la cath\u00e9drale, justement, <b>le glacier Gelato &amp; Coffee<\/b> de la rue Basse remportait un franc succ\u00e8s : sa file d\u2019attente grandissait \u00e0 vue d\u2019\u0153il, aux alentours de 15h30. Mais les vrais Lillois \u00ab\u00a0savent\u00a0\u00bb : l\u2019endroit ultime, qui offre aussi bien de la fra\u00eecheur, ou \u00e0 l\u2019inverse des spots o\u00f9 se dorer la pilule, ainsi que de quoi s\u2019hydrater, c\u2019est <b>le parc de la Citadelle<\/b>.\u00a0<\/p>\n<p>Vid\u00e9os : en ce moment sur Actu<\/p>\n<p class=\" wall-content\">Pour la F\u00eate de la musique, la p\u00e9niche du Bus magique a exceptionnellement agrandi sa terrasse : une partie se trouve sur la terre ferme, et elle \u00e9tait d\u00e9j\u00e0 bien remplie en fin de matin\u00e9e. Le bar a d\u2019autres arguments pour convaincre les clients de s\u2019y installer, \u00e0 l\u2019ombre des arbres : <a href=\"https:\/\/actu.fr\/hauts-de-france\/lille_59350\/concerts-open-mic-fanfares-quel-programme-a-lille-pour-la-fete-de-la-musique_62771993.html\" target=\"_blank\" rel=\"noopener\">un programme de concerts, entre folk, rock et disco\/\u00e9lectro\/techno<\/a>.<\/p>\n<p>    <img   decoding=\"async\" loading=\"lazy\" class=\"size-large\" src=\"https:\/\/www.europesays.com\/fr\/wp-content\/uploads\/2025\/06\/644ba3c3c6586784ba3c3c6584c4bav-960x640.jpg\" alt=\"Le Bus magique, la p\u00e9niche de la Citadelle, a agrandi sa terrasse et a pr\u00e9vu une programmation compl\u00e8te pour la F\u00eate de la musique.\" width=\"960\" height=\"640\"\/><br \/>\n    Le Bus magique, la p\u00e9niche de la Citadelle, a agrandi sa terrasse et a pr\u00e9vu une programmation compl\u00e8te pour la F\u00eate de la musique. \u00a9Margot Nicod\u00e8me<br \/>\n    <img   decoding=\"async\" loading=\"lazy\" class=\"size-large\" src=\"https:\/\/www.europesays.com\/fr\/wp-content\/uploads\/2025\/06\/f5dca3c3c65861adca3c3c6580edcav-960x640.jpg\" alt=\"L'Oasis, bar-restaurant \u00e0 la fra\u00eeche, est un spot bien connu des Lillois.\" width=\"960\" height=\"640\"\/><br \/>\n    L\u2019Oasis, bar-restaurant \u00e0 la fra\u00eeche, est un spot bien connu des Lillois. \u00a9Margot Nicod\u00e8me<\/p>\n<p class=\" wall-content\">On peinait \u00e9galement \u00e0 trouver des places assises <b>\u00e0 l\u2019Oasis, bar-resto nich\u00e9 dans la v\u00e9g\u00e9tation<\/b>, garantissant une fra\u00eecheur sans pareille. Enfin, les pique-niques o\u00f9 chacun est libre d\u2019amener ce qui lui fait envie \u00e9taient eux aussi privil\u00e9gi\u00e9s, \u00e0 la Citadelle. Un des spots les plus pris\u00e9s \u00e9tant les premi\u00e8res tables, \u00e0 deux pas de l\u2019entr\u00e9e du zoo.<\/p>\n<p>    <img   decoding=\"async\" loading=\"lazy\" class=\"size-large\" src=\"https:\/\/www.europesays.com\/fr\/wp-content\/uploads\/2025\/06\/48f793c3c65865cf793c3c65820089v-960x640.jpg\" alt=\"\u00c0 deux pas du zoo, des espaces pour pique-niquer.\" width=\"960\" height=\"640\"\/><br \/>\n    \u00c0 deux pas du zoo, des espaces pour pique-niquer. \u00a9Margot Nicod\u00e8me<\/p>\n<p class=\" wall-content\">Enfin, <b>le jardin Vauban <\/b>n\u2019avait pas \u00e0 jalouser la fr\u00e9quentation de la Citadelle : chacun y a trouv\u00e9 son coin, pour une partie de foot au soleil, ou un moment de d\u00e9tente au pied des arbres.<\/p>\n<p>    <img   decoding=\"async\" loading=\"lazy\" class=\"size-large\" src=\"https:\/\/www.europesays.com\/fr\/wp-content\/uploads\/2025\/06\/707f93c3c6586477f93c3c658697f9v-960x640.jpg\" alt=\"Le parc Vauban, \u00e0 l'entr\u00e9 de la Citadelle, avait ses sportifs au soleil, et ses visiteurs qui pr\u00e9f\u00e9raient l'ombre de sa v\u00e9g\u00e9tation.\" width=\"960\" height=\"640\"\/><br \/>\n    Le parc Vauban, \u00e0 l\u2019entr\u00e9 de la Citadelle, avait ses sportifs au soleil, et ses visiteurs qui pr\u00e9f\u00e9raient l\u2019ombre de sa v\u00e9g\u00e9tation. \u00a9Margot Nicod\u00e8me<\/p>\n<p class=\" wall-content\">Le mercure redescendra un peu dimanche, avec l\u2019arriv\u00e9e de nuages le matin, qui devraient cependant se dissiper l\u2019apr\u00e8s-midi. 28\u00b0C sont annonc\u00e9s \u00e0 Lille, ce 22 juin\u2026 On va souffler un peu. Petit rappel : hydratez-vous bien, et l\u2019\u00e9quipe de Lille actu vous souhaite, par avance, de belles c\u00e9l\u00e9brations de la musique !<\/p>\n<p class=\" wall-content\">Suivez toute l\u2019actualit\u00e9 de vos villes et m\u00e9dias favoris en vous inscrivant \u00e0 <a href=\"https:\/\/moncompte.actu.fr\" title=\"D\u00e9couvez Mon Actu\" rel=\"nofollow noopener\" data-trk=\"{&quot;cta&quot;:{&quot;action&quot;:&quot;https:\\\/\\\/moncompte.actu.fr&quot;,&quot;category&quot;:&quot;mon compte&quot;,&quot;from&quot;:&quot;article footer&quot;,&quot;name&quot;:&quot;Mon actu&quot;,&quot;type&quot;:&quot;cta&quot;}}\" target=\"_blank\">Mon Actu<\/a>.<\/p>\n","protected":false},"excerpt":{"rendered":"Par Margot Nicod\u00e8me Publi\u00e9 le 21 juin 2025 \u00e0 16h44 34\u00b0C annonc\u00e9s par M\u00e9t\u00e9o France au plus chaud&hellip;\n","protected":false},"author":2,"featured_media":193779,"comment_status":"","ping_status":"","sticky":false,"template":"","format":"standard","meta":{"footnotes":""},"categories":[2815],"tags":[1111,11,6698,19408,1777,674,25885,1011,27,811,1307,12,25,104],"class_list":{"0":"post-193778","1":"post","2":"type-post","3":"status-publish","4":"format-standard","5":"has-post-thumbnail","7":"category-lille","8":"tag-actu","9":"tag-actualites","10":"tag-canicule","11":"tag-citadelle-de-lille","12":"tag-eu","13":"tag-europe","14":"tag-fete-de-la-musique","15":"tag-fr","16":"tag-france","17":"tag-hauts-de-france","18":"tag-lille","19":"tag-news","20":"tag-republique-francaise","21":"tag-societe"},"share_on_mastodon":{"url":"https:\/\/pubeurope.com\/@fr\/114722101453985227","error":""},"_links":{"self":[{"href":"https:\/\/www.europesays.com\/fr\/wp-json\/wp\/v2\/posts\/193778","targetHints":{"allow":["GET"]}}],"collection":[{"href":"https:\/\/www.europesays.com\/fr\/wp-json\/wp\/v2\/posts"}],"about":[{"href":"https:\/\/www.europesays.com\/fr\/wp-json\/wp\/v2\/types\/post"}],"author":[{"embeddable":true,"href":"https:\/\/www.europesays.com\/fr\/wp-json\/wp\/v2\/users\/2"}],"replies":[{"embeddable":true,"href":"https:\/\/www.europesays.com\/fr\/wp-json\/wp\/v2\/comments?post=193778"}],"version-history":[{"count":0,"href":"https:\/\/www.europesays.com\/fr\/wp-json\/wp\/v2\/posts\/193778\/revisions"}],"wp:featuredmedia":[{"embeddable":true,"href":"https:\/\/www.europesays.com\/fr\/wp-json\/wp\/v2\/media\/193779"}],"wp:attachment":[{"href":"https:\/\/www.europesays.com\/fr\/wp-json\/wp\/v2\/media?parent=193778"}],"wp:term":[{"taxonomy":"category","embeddable":true,"href":"https:\/\/www.europesays.com\/fr\/wp-json\/wp\/v2\/categories?post=193778"},{"taxonomy":"post_tag","embeddable":true,"href":"https:\/\/www.europesays.com\/fr\/wp-json\/wp\/v2\/tags?post=193778"}],"curies":[{"name":"wp","href":"https:\/\/api.w.org\/{rel}","templated":true}]}}