{"id":193780,"date":"2025-06-21T15:38:09","date_gmt":"2025-06-21T15:38:09","guid":{"rendered":"https:\/\/www.europesays.com\/fr\/193780\/"},"modified":"2025-06-21T15:38:09","modified_gmt":"2025-06-21T15:38:09","slug":"un-homme-arrete-pres-de-lille","status":"publish","type":"post","link":"https:\/\/www.europesays.com\/fr\/193780\/","title":{"rendered":"un homme arr\u00eat\u00e9 pr\u00e8s de Lille"},"content":{"rendered":"<p>            Par<br \/>\n        <strong><br \/>\n            <a href=\"https:\/\/actu.fr\/auteur\/redaction-lille\" title=\"Consulter tous les articles de R\u00e9daction Lille\" target=\"_blank\" rel=\"noopener\">R\u00e9daction Lille<\/a><br \/>\n        <\/strong><\/p>\n<p>        Publi\u00e9 le<\/p>\n<p>            21 juin 2025 \u00e0 17h17        <\/p>\n<p><b>Un homme de 55 ans<\/b> a \u00e9t\u00e9 mis en examen et plac\u00e9 en d\u00e9tention provisoire pour avoir vers\u00e9 plus de 30 000 euros afin <b>d\u2019assister \u00e0 des viols d\u2019enfants<\/b> en direct en ligne depuis la Colombie, a annonc\u00e9 ce samedi 21 juin la procureure de Paris, Laure Beccuau. Selon une source proche du dossier, confirmant une information de la radio Ici, il s\u2019agit d\u2019un garagiste<b> vivant dans la r\u00e9gion lilloise<\/b>.<\/p>\n<p>Interpellations simultan\u00e9es du Nordiste, des auteurs en Colombie et des interm\u00e9diaires<\/p>\n<p class=\" wall-content\">\u00ab\u00a0Au titre de sa comp\u00e9tence nationale en mati\u00e8re de p\u00e9docriminalit\u00e9 en ligne, le parquet de Paris a men\u00e9 avec l\u2019Ofmin (Office des mineurs) une op\u00e9ration coordonn\u00e9e avec la Colombie qui a abouti, pour la premi\u00e8re fois, \u00e0 <b>l\u2019interpellation simultan\u00e9e du commanditaire fran\u00e7ais<\/b>, des<b> auteurs locaux<\/b> et d\u2019<b>interm\u00e9diaires<\/b> dits money runners lundi [16 juin]\u00ab\u00a0, a relat\u00e9 la procureure dans un communiqu\u00e9.<\/p>\n<p class=\" wall-content\">Cette op\u00e9ration a \u00e9galement permis \u00ab\u00a0l\u2019identification\u00a0\u00bb et \u00ab\u00a0la mise \u00e0 l\u2019abri des mineurs victimes\u00a0\u00bb, a-t-elle pr\u00e9cis\u00e9, soulignant que la pr\u00e9sence d\u2019un magistrat de liaison fran\u00e7ais en Colombie depuis cette ann\u00e9e avait facilit\u00e9 la coop\u00e9ration entre les deux pays.<\/p>\n<p class=\" wall-content\">Le suspect fran\u00e7ais, \u00e2g\u00e9 de 55 ans, a \u00e9t\u00e9 mis en examen vendredi pour \u00ab\u00a0complicit\u00e9 de traite des \u00eatres humains \u00e0 l\u2019\u00e9gard de mineurs victimes de viol de 15 ans, de viols et d\u2019agressions sexuelles sur mineurs, notamment incestueux, et d\u2019instigation \u00e0 ce qu\u2019il en soit commis d\u2019autres sans que cela ait \u00e9t\u00e9 suivi d\u2019effet, ainsi que d\u2019acquisition, d\u00e9tention et consultation habituelle d\u2019images de mineurs pr\u00e9sentant un caract\u00e8re pornographique\u00a0\u00bb, a d\u00e9taill\u00e9 Mme Beccuau.<\/p>\n<p class=\" wall-content\"><b>Le Nordiste a \u00e9t\u00e9 plac\u00e9 en d\u00e9tention provisoire<\/b>.<\/p>\n<p>Vid\u00e9os : en ce moment sur ActuPlus de 30 000 euros d\u00e9pens\u00e9s et financ\u00e9s via des cr\u00e9dits \u00e0 la consommation<\/p>\n<p class=\" wall-content\">Il est soup\u00e7onn\u00e9 d\u2019avoir command\u00e9, pendant quatre ans, entre 500 \u00e0 600 viols d\u2019enfants et d\u2019adolescents, des filles et des gar\u00e7ons, \u00e0 une famille colombienne, a pr\u00e9cis\u00e9 la source proche.<\/p>\n<p class=\" wall-content\">Les investigations ont r\u00e9v\u00e9l\u00e9 que le suspect effectuait des virements \u00ab\u00a0\u00e0 destination de quelques personnes en Colombie, pour plus de 30 000 euros, en \u00e9change notamment d\u2019images \u00e0 caract\u00e8re sexuel de jeunes enfants\u00a0\u00bb, selon la procureure.<\/p>\n<p class=\" wall-content\">Il avait recours \u00e0 <b>des cr\u00e9dits \u00e0 la consommation<\/b> pour financer ces viols en livestreaming, selon la source proche. \u00ab\u00a0La p\u00e9docriminalit\u00e9 en ligne, dite livestreaming, consiste \u00e0 commanditer depuis un pays des agressions sexuelles et viols perp\u00e9tr\u00e9s sur des mineurs dans d\u2019autres pays, g\u00e9n\u00e9ralement contre r\u00e9tribution de leurs proches directement impliqu\u00e9s, afin de regarder ces vid\u00e9os en direct\u00a0\u00bb, a rappel\u00e9 Laure Beccuau.<\/p>\n<p class=\" wall-content\">L\u2019enqu\u00eate a d\u00e9but\u00e9 par des signalements du National center of missing and exploited children (NCMEC). Des armes ont \u00e9t\u00e9 retrouv\u00e9es lors de la perquisition du domicile du suspect et du mat\u00e9riel a \u00e9t\u00e9 saisi. Les enqu\u00eateurs de l\u2019Ofmin doivent d\u00e9sormais \u00ab\u00a0\u00e9tablir l\u2019ampleur du ph\u00e9nom\u00e8ne\u00a0\u00bb. Les investigations ont \u00e9t\u00e9 confi\u00e9es \u00e0 des juges d\u2019instruction.<\/p>\n<p class=\" wall-content\"><b>Avec AFP<\/b><\/p>\n<p class=\" wall-content\">Suivez toute l\u2019actualit\u00e9 de vos villes et m\u00e9dias favoris en vous inscrivant \u00e0 <a href=\"https:\/\/moncompte.actu.fr\" title=\"D\u00e9couvez Mon Actu\" rel=\"nofollow noopener\" data-trk=\"{&quot;cta&quot;:{&quot;action&quot;:&quot;https:\\\/\\\/moncompte.actu.fr&quot;,&quot;category&quot;:&quot;mon compte&quot;,&quot;from&quot;:&quot;article footer&quot;,&quot;name&quot;:&quot;Mon actu&quot;,&quot;type&quot;:&quot;cta&quot;}}\" target=\"_blank\">Mon Actu<\/a>.<\/p>\n","protected":false},"excerpt":{"rendered":"Par R\u00e9daction Lille Publi\u00e9 le 21 juin 2025 \u00e0 17h17 Un homme de 55 ans a \u00e9t\u00e9 mis&hellip;\n","protected":false},"author":2,"featured_media":193781,"comment_status":"","ping_status":"","sticky":false,"template":"","format":"standard","meta":{"footnotes":""},"categories":[2815],"tags":[1111,11,1777,674,118,1011,27,811,303,1307,12,874,25],"class_list":{"0":"post-193780","1":"post","2":"type-post","3":"status-publish","4":"format-standard","5":"has-post-thumbnail","7":"category-lille","8":"tag-actu","9":"tag-actualites","10":"tag-eu","11":"tag-europe","12":"tag-faits-divers","13":"tag-fr","14":"tag-france","15":"tag-hauts-de-france","16":"tag-justice","17":"tag-lille","18":"tag-news","19":"tag-pedophilie","20":"tag-republique-francaise"},"share_on_mastodon":{"url":"https:\/\/pubeurope.com\/@fr\/114722105145009953","error":""},"_links":{"self":[{"href":"https:\/\/www.europesays.com\/fr\/wp-json\/wp\/v2\/posts\/193780","targetHints":{"allow":["GET"]}}],"collection":[{"href":"https:\/\/www.europesays.com\/fr\/wp-json\/wp\/v2\/posts"}],"about":[{"href":"https:\/\/www.europesays.com\/fr\/wp-json\/wp\/v2\/types\/post"}],"author":[{"embeddable":true,"href":"https:\/\/www.europesays.com\/fr\/wp-json\/wp\/v2\/users\/2"}],"replies":[{"embeddable":true,"href":"https:\/\/www.europesays.com\/fr\/wp-json\/wp\/v2\/comments?post=193780"}],"version-history":[{"count":0,"href":"https:\/\/www.europesays.com\/fr\/wp-json\/wp\/v2\/posts\/193780\/revisions"}],"wp:featuredmedia":[{"embeddable":true,"href":"https:\/\/www.europesays.com\/fr\/wp-json\/wp\/v2\/media\/193781"}],"wp:attachment":[{"href":"https:\/\/www.europesays.com\/fr\/wp-json\/wp\/v2\/media?parent=193780"}],"wp:term":[{"taxonomy":"category","embeddable":true,"href":"https:\/\/www.europesays.com\/fr\/wp-json\/wp\/v2\/categories?post=193780"},{"taxonomy":"post_tag","embeddable":true,"href":"https:\/\/www.europesays.com\/fr\/wp-json\/wp\/v2\/tags?post=193780"}],"curies":[{"name":"wp","href":"https:\/\/api.w.org\/{rel}","templated":true}]}}