{"id":193782,"date":"2025-06-21T15:39:11","date_gmt":"2025-06-21T15:39:11","guid":{"rendered":"https:\/\/www.europesays.com\/fr\/193782\/"},"modified":"2025-06-21T15:39:11","modified_gmt":"2025-06-21T15:39:11","slug":"judith-aziza-lhistoire-de-marseille-par-le-canal-officiel","status":"publish","type":"post","link":"https:\/\/www.europesays.com\/fr\/193782\/","title":{"rendered":"Judith Aziza, l&rsquo;histoire de Marseille par le canal officiel"},"content":{"rendered":"<p>Historienne de Marseille suivie par des dizaines de milliers de personnes, Judith Aziza est devenue incontournable sur ce sujet. Elle se pose en chercheuse lib\u00e9rale, au service de soci\u00e9t\u00e9s comme des institutions. Au risque de pr\u00e9senter une image lisse de la ville.<\/p>\n<p>    Elle donne rendez-vous dans une boulangerie industrielle de Mazargues, au point qu\u2019on v\u00e9rifie deux fois si le pr\u00e9nom d\u2019\u00c9vangile ne cache pas un bistrot de village m\u00e9connu. Mais non. Elle arrive avec quelques minutes de retard et fait les cent pas sur le parking, coll\u00e9e au t\u00e9l\u00e9phone. En arrivant, elle s\u2019excuse de cette conversation qui s\u2019\u00e9ternise \u201cavec un client promoteur\u201d.\u00a0Elle finit par s\u2019asseoir en refusant un appel \u201cavec le cabinet du maire\u201d pour se consacrer pleinement aux deux heures d\u2019entretien. Judith Aziza n\u2019est pas historienne pour rien. \u00c0 de nombreuses reprises, elle fait lever le stylo, pr\u00e9cise le off plut\u00f4t deux fois qu\u2019une et demande \u00e0 relire \u201cles verbatims\u201d de l\u2019article. Elle est &#8230; <\/p>\n<p>Vous voulez lire<br \/>\n\t\t\t                la suite\u00a0?\n\t\t\t            <\/p>\n<p>\n\t\t\t                Abonnez-vous \u00e0 Marsactu\n\t\t\t            <\/p>\n","protected":false},"excerpt":{"rendered":"Historienne de Marseille suivie par des dizaines de milliers de personnes, Judith Aziza est devenue incontournable sur ce&hellip;\n","protected":false},"author":2,"featured_media":193783,"comment_status":"","ping_status":"","sticky":false,"template":"","format":"standard","meta":{"footnotes":""},"categories":[2814],"tags":[1111,11,1777,33256,674,1011,27,33257,884,12,882,25,4772,2843],"class_list":{"0":"post-193782","1":"post","2":"type-post","3":"status-publish","4":"format-standard","5":"has-post-thumbnail","7":"category-marseille","8":"tag-actu","9":"tag-actualites","10":"tag-eu","11":"tag-euromediterranee","12":"tag-europe","13":"tag-fr","14":"tag-france","15":"tag-judithaziza","16":"tag-marseille","17":"tag-news","18":"tag-provence-alpes-cote-dazur","19":"tag-republique-francaise","20":"tag-zalu","21":"tag-zaluwe"},"share_on_mastodon":{"url":"https:\/\/pubeurope.com\/@fr\/114722109138471218","error":""},"_links":{"self":[{"href":"https:\/\/www.europesays.com\/fr\/wp-json\/wp\/v2\/posts\/193782","targetHints":{"allow":["GET"]}}],"collection":[{"href":"https:\/\/www.europesays.com\/fr\/wp-json\/wp\/v2\/posts"}],"about":[{"href":"https:\/\/www.europesays.com\/fr\/wp-json\/wp\/v2\/types\/post"}],"author":[{"embeddable":true,"href":"https:\/\/www.europesays.com\/fr\/wp-json\/wp\/v2\/users\/2"}],"replies":[{"embeddable":true,"href":"https:\/\/www.europesays.com\/fr\/wp-json\/wp\/v2\/comments?post=193782"}],"version-history":[{"count":0,"href":"https:\/\/www.europesays.com\/fr\/wp-json\/wp\/v2\/posts\/193782\/revisions"}],"wp:featuredmedia":[{"embeddable":true,"href":"https:\/\/www.europesays.com\/fr\/wp-json\/wp\/v2\/media\/193783"}],"wp:attachment":[{"href":"https:\/\/www.europesays.com\/fr\/wp-json\/wp\/v2\/media?parent=193782"}],"wp:term":[{"taxonomy":"category","embeddable":true,"href":"https:\/\/www.europesays.com\/fr\/wp-json\/wp\/v2\/categories?post=193782"},{"taxonomy":"post_tag","embeddable":true,"href":"https:\/\/www.europesays.com\/fr\/wp-json\/wp\/v2\/tags?post=193782"}],"curies":[{"name":"wp","href":"https:\/\/api.w.org\/{rel}","templated":true}]}}