{"id":193788,"date":"2025-06-21T15:42:12","date_gmt":"2025-06-21T15:42:12","guid":{"rendered":"https:\/\/www.europesays.com\/fr\/193788\/"},"modified":"2025-06-21T15:42:12","modified_gmt":"2025-06-21T15:42:12","slug":"lyon-swingue-malgre-la-chaleur","status":"publish","type":"post","link":"https:\/\/www.europesays.com\/fr\/193788\/","title":{"rendered":"Lyon swingue malgr\u00e9 la chaleur"},"content":{"rendered":"<p><strong>Comment se rendre \u00e0 la f\u00eate de la musique ?<\/strong><\/p>\n<p><a href=\"https:\/\/www.leprogres.fr\/culture-loisirs\/2025\/06\/21\/Lyon. F\u00eate de la musique : voitures interdites au nord de la Presqu\u2019\u00eele ce samedi \u00e0 partir de 16 heures\" target=\"_blank\" rel=\"noopener\">\u00c0 l\u2019int\u00e9rieur d\u2019un p\u00e9rim\u00e8tre d\u00e9limit\u00e9<\/a> par la rue Joseph-Serlin, au nord, et la rue Tupin, au sud, la circulation automobile est interdite ce samedi, \u00e0 compter de 16 heures. Cette restriction s\u2019applique aussi pour les ayants droit de la Zone \u00e0 trafic limit\u00e9 (ZTL).<\/p>\n<p><a href=\"https:\/\/www.leprogres.fr\/social\/2025\/06\/14\/tcl-pourquoi-les-conducteurs-de-bus-sont-appeles-a-la-greve-lundi-23-juin\" target=\"_blank\" rel=\"noopener\">TCL<\/a> et Sytral Mobilit\u00e9s se joignent \u00e0 la f\u00eate ce samedi 21 juin avec plusieurs animations sur le r\u00e9seau de transport en commun. Pour mieux profiter et d\u00e9ambuler \u00e0 travers la ville, le service de transports sera aussi prolong\u00e9 et renforc\u00e9 pour un acc\u00e8s facilit\u00e9 aux diff\u00e9rentes manifestations musicales. Le ticket TCL en f\u00eate fait aussi son grand retour. Au prix de 3,70 \u20ac, il est valable toute la journ\u00e9e, du d\u00e9but \u00e0 la fin du service.<\/p>\n","protected":false},"excerpt":{"rendered":"Comment se rendre \u00e0 la f\u00eate de la musique ? \u00c0 l\u2019int\u00e9rieur d\u2019un p\u00e9rim\u00e8tre d\u00e9limit\u00e9 par la rue&hellip;\n","protected":false},"author":2,"featured_media":193789,"comment_status":"","ping_status":"","sticky":false,"template":"","format":"standard","meta":{"footnotes":""},"categories":[1889],"tags":[1111,11,2430,1687,3152,2757,3153,3154,3155,3156,1777,674,107,1011,27,2428,873,12,25,2429,3151,104],"class_list":{"0":"post-193788","1":"post","2":"type-post","3":"status-publish","4":"format-standard","5":"has-post-thumbnail","7":"category-lyon","8":"tag-actu","9":"tag-actualites","10":"tag-auvergne-rhone-alpes","11":"tag-culture-loisirs","12":"tag-edition-est-lyonnais","13":"tag-edition-lyon-villeurbanne","14":"tag-edition-ouest-lyonnais","15":"tag-edition-sud-lyonnais","16":"tag-edition-tarare","17":"tag-edition-villefranche","18":"tag-eu","19":"tag-europe","20":"tag-fil-info","21":"tag-fr","22":"tag-france","23":"tag-lyon","24":"tag-musique","25":"tag-news","26":"tag-republique-francaise","27":"tag-rhone","28":"tag-selection-de-la-redaction-69","29":"tag-societe"},"share_on_mastodon":{"url":"https:\/\/pubeurope.com\/@fr\/114722120827159079","error":""},"_links":{"self":[{"href":"https:\/\/www.europesays.com\/fr\/wp-json\/wp\/v2\/posts\/193788","targetHints":{"allow":["GET"]}}],"collection":[{"href":"https:\/\/www.europesays.com\/fr\/wp-json\/wp\/v2\/posts"}],"about":[{"href":"https:\/\/www.europesays.com\/fr\/wp-json\/wp\/v2\/types\/post"}],"author":[{"embeddable":true,"href":"https:\/\/www.europesays.com\/fr\/wp-json\/wp\/v2\/users\/2"}],"replies":[{"embeddable":true,"href":"https:\/\/www.europesays.com\/fr\/wp-json\/wp\/v2\/comments?post=193788"}],"version-history":[{"count":0,"href":"https:\/\/www.europesays.com\/fr\/wp-json\/wp\/v2\/posts\/193788\/revisions"}],"wp:featuredmedia":[{"embeddable":true,"href":"https:\/\/www.europesays.com\/fr\/wp-json\/wp\/v2\/media\/193789"}],"wp:attachment":[{"href":"https:\/\/www.europesays.com\/fr\/wp-json\/wp\/v2\/media?parent=193788"}],"wp:term":[{"taxonomy":"category","embeddable":true,"href":"https:\/\/www.europesays.com\/fr\/wp-json\/wp\/v2\/categories?post=193788"},{"taxonomy":"post_tag","embeddable":true,"href":"https:\/\/www.europesays.com\/fr\/wp-json\/wp\/v2\/tags?post=193788"}],"curies":[{"name":"wp","href":"https:\/\/api.w.org\/{rel}","templated":true}]}}