{"id":193790,"date":"2025-06-21T15:45:10","date_gmt":"2025-06-21T15:45:10","guid":{"rendered":"https:\/\/www.europesays.com\/fr\/193790\/"},"modified":"2025-06-21T15:45:10","modified_gmt":"2025-06-21T15:45:10","slug":"un-homme-grievement-blesse-au-couteau-dans-le-10e-arrondissement-le-suspect-en-garde-a-vue","status":"publish","type":"post","link":"https:\/\/www.europesays.com\/fr\/193790\/","title":{"rendered":"un homme gri\u00e8vement bless\u00e9 au couteau dans le 10e arrondissement, le suspect en garde \u00e0 vue"},"content":{"rendered":"<p>            Par<br \/>\n        <strong><br \/>\n            <a href=\"https:\/\/actu.fr\/auteur\/antoine-grotteria02\" title=\"Consulter tous les articles de Antoine Grotteria\" target=\"_blank\" rel=\"noopener\">Antoine Grotteria<\/a><br \/>\n        <\/strong><\/p>\n<p>        Publi\u00e9 le<\/p>\n<p>            21 juin 2025 \u00e0 17h20        <\/p>\n<p>R\u00e8glement de compte\u2009? Bagarre sans motif\u2009? Ce vendredi 20\u00a0juin 2025, les habitants du boulevard Strasbourg, dans le 10e arrondissement de <a href=\"https:\/\/actu.fr\/paris\/\" target=\"_blank\" rel=\"noopener\">Paris<\/a>, ont assist\u00e9 \u00e0 un nouvel affrontement \u00e0 l\u2019issue tout sauf anodine. Un homme a \u00e9t\u00e9 <strong>gri\u00e8vement bless\u00e9<\/strong> au couteau, selon une information du <a href=\"https:\/\/www.leparisien.fr\/faits-divers\/une-bagarre-vire-au-drame-a-paris-un-homme-grievement-blesse-apres-avoir-ete-poignarde-21-06-2025-AGWKINNRXFFDFHFCOAVRXI4G7U.php\" target=\"_blank\" rel=\"noopener\">Parisien<\/a>. Contact\u00e9 par actu Paris, le parquet de Paris indique qu\u2019une ouverte a \u00e9t\u00e9 ouverte pour violences avec arme.<\/p>\n<p>Un quartier surveill\u00e9 par la pr\u00e9fecture<\/p>\n<p class=\" wall-content\">La bagarre aurait \u00e9clat\u00e9 pr\u00e8s du m\u00e9tro Ch\u00e2teau d\u2019Eau. D\u2019apr\u00e8s le quotidien r\u00e9gional, un homme aurait brandi un couteau avant de <strong>poignarder<\/strong> une autre personne. La victime aurait \u00e9t\u00e9 transport\u00e9e \u00e0 l\u2019h\u00f4pital avec un <strong>pronostic vital engag\u00e9<\/strong>. Le ministre public ne confirme pas son \u00e9tat, mais pr\u00e9cise avoir \u00e9t\u00e9 \u00ab\u2009avis\u00e9 dans la nuit\u2009\u00bb de ces faits. Dans le cadre de l\u2019enqu\u00eate, l\u2019auteur pr\u00e9sum\u00e9 du coup de couteau a \u00e9t\u00e9 interpell\u00e9 puis plac\u00e9 en <strong>garde \u00e0 vue<\/strong>, ajoute le parquet.<\/p>\n<p class=\" wall-content\">Le quartier <strong>Ch\u00e2teau d\u2019Eau<\/strong>, sujet \u00e0 de nombreuses plaintes de riverains en raison de tapages nocturnes et d\u2019agression, est \u00e9troitement surveill\u00e9 par la <a href=\"https:\/\/actu.fr\/tag\/prefecture-de-police-de-paris\" target=\"_blank\" rel=\"noopener\">pr\u00e9fecture de Police de Paris<\/a>. Un couvre-feu avait \u00e9t\u00e9 <a href=\"https:\/\/actu.fr\/ile-de-france\/paris_75056\/tapages-nocturnes-agressions-a-paris-des-commerces-d-un-quartier-entier-forces-a-fermer-des-20h_62038380.html\" target=\"_blank\" rel=\"noopener\">instaur\u00e9<\/a> en d\u00e9cembre\u00a02024 pour <strong>fermer certains commerces<\/strong> entre 20\u00a0heures et 5\u00a0heures du matin. Cette mesure avait am\u00e9lior\u00e9 la situation, selon les autorit\u00e9s.<\/p>\n<p class=\" wall-content\">Suivez toute l\u2019actualit\u00e9 de vos villes et m\u00e9dias favoris en vous inscrivant \u00e0 <a href=\"https:\/\/moncompte.actu.fr\" title=\"D\u00e9couvez Mon Actu\" rel=\"nofollow noopener\" data-trk=\"{&quot;cta&quot;:{&quot;action&quot;:&quot;https:\\\/\\\/moncompte.actu.fr&quot;,&quot;category&quot;:&quot;mon compte&quot;,&quot;from&quot;:&quot;article footer&quot;,&quot;name&quot;:&quot;Mon actu&quot;,&quot;type&quot;:&quot;cta&quot;}}\" target=\"_blank\">Mon Actu<\/a>.<\/p>\n<ul class=\"ac-article-tag wall-content\">\n<li><a href=\"https:\/\/actu.fr\/tag\/police\" data-trk=\"{&quot;cta&quot;:{&quot;action&quot;:&quot;Police&quot;,&quot;category&quot;:&quot;tag&quot;,&quot;from&quot;:&quot;article footer&quot;,&quot;name&quot;:&quot;Police&quot;,&quot;type&quot;:&quot;cta&quot;}}\" target=\"_blank\" rel=\"noopener\">#Police<\/a><\/li>\n<li><a href=\"https:\/\/actu.fr\/tag\/tribunal-de-paris\" data-trk=\"{&quot;cta&quot;:{&quot;action&quot;:&quot;tribunal de Paris&quot;,&quot;category&quot;:&quot;tag&quot;,&quot;from&quot;:&quot;article footer&quot;,&quot;name&quot;:&quot;tribunal de Paris&quot;,&quot;type&quot;:&quot;cta&quot;}}\" target=\"_blank\" rel=\"noopener\">#tribunal de Paris<\/a><\/li>\n<\/ul>\n","protected":false},"excerpt":{"rendered":"Par Antoine Grotteria Publi\u00e9 le 21 juin 2025 \u00e0 17h20 R\u00e8glement de compte\u2009? Bagarre sans motif\u2009? Ce vendredi&hellip;\n","protected":false},"author":2,"featured_media":193791,"comment_status":"","ping_status":"","sticky":false,"template":"","format":"standard","meta":{"footnotes":""},"categories":[1888],"tags":[1111,1928,11,1927,1777,674,118,1011,27,12,1926,626,1925,1072,25,4595],"class_list":{"0":"post-193790","1":"post","2":"type-post","3":"status-publish","4":"format-standard","5":"has-post-thumbnail","7":"category-paris","8":"tag-actu","9":"tag-actu-paris","10":"tag-actualites","11":"tag-actualites-paris","12":"tag-eu","13":"tag-europe","14":"tag-faits-divers","15":"tag-fr","16":"tag-france","17":"tag-news","18":"tag-news-paris","19":"tag-paris","20":"tag-paris-news","21":"tag-police","22":"tag-republique-francaise","23":"tag-tribunal-de-paris"},"share_on_mastodon":{"url":"https:\/\/pubeurope.com\/@fr\/114722132748164260","error":""},"_links":{"self":[{"href":"https:\/\/www.europesays.com\/fr\/wp-json\/wp\/v2\/posts\/193790","targetHints":{"allow":["GET"]}}],"collection":[{"href":"https:\/\/www.europesays.com\/fr\/wp-json\/wp\/v2\/posts"}],"about":[{"href":"https:\/\/www.europesays.com\/fr\/wp-json\/wp\/v2\/types\/post"}],"author":[{"embeddable":true,"href":"https:\/\/www.europesays.com\/fr\/wp-json\/wp\/v2\/users\/2"}],"replies":[{"embeddable":true,"href":"https:\/\/www.europesays.com\/fr\/wp-json\/wp\/v2\/comments?post=193790"}],"version-history":[{"count":0,"href":"https:\/\/www.europesays.com\/fr\/wp-json\/wp\/v2\/posts\/193790\/revisions"}],"wp:featuredmedia":[{"embeddable":true,"href":"https:\/\/www.europesays.com\/fr\/wp-json\/wp\/v2\/media\/193791"}],"wp:attachment":[{"href":"https:\/\/www.europesays.com\/fr\/wp-json\/wp\/v2\/media?parent=193790"}],"wp:term":[{"taxonomy":"category","embeddable":true,"href":"https:\/\/www.europesays.com\/fr\/wp-json\/wp\/v2\/categories?post=193790"},{"taxonomy":"post_tag","embeddable":true,"href":"https:\/\/www.europesays.com\/fr\/wp-json\/wp\/v2\/tags?post=193790"}],"curies":[{"name":"wp","href":"https:\/\/api.w.org\/{rel}","templated":true}]}}