{"id":193792,"date":"2025-06-21T15:46:11","date_gmt":"2025-06-21T15:46:11","guid":{"rendered":"https:\/\/www.europesays.com\/fr\/193792\/"},"modified":"2025-06-21T15:46:11","modified_gmt":"2025-06-21T15:46:11","slug":"tentative-de-suicide-au-siege-du-rassemblement-national","status":"publish","type":"post","link":"https:\/\/www.europesays.com\/fr\/193792\/","title":{"rendered":"tentative de suicide au si\u00e8ge du Rassemblement national"},"content":{"rendered":"<p>C\u2019est un geste encore inexpliqu\u00e9 qui plonge dans la stupeur toute une organisation politique. Selon les informations de Paris Match, <a href=\"https:\/\/www.parismatch.com\/actu\/politique\/assistants-deurodeputes-marine-le-pen-et-26-personnes-renvoyees-en-correctionnelle-232516\" rel=\"nofollow noopener\" target=\"_blank\" data-ylk=\"slk:Laurent Salles, ancien assistant parlementaire du Rassemblement national;elm:context_link;itc:0;sec:content-canvas\" class=\"link \">Laurent Salles, ancien assistant parlementaire du Rassemblement national<\/a> (RN) a tent\u00e9 de se suicider, ce samedi 21\u00a0juin, alors qu\u2019il se trouvait dans les locaux du si\u00e8ge du parti pr\u00e9sid\u00e9 par <a href=\"https:\/\/www.parismatch.com\/bio\/jordan-bardella\" rel=\"nofollow noopener\" target=\"_blank\" data-ylk=\"slk:Jordan Bardella;elm:context_link;itc:0;sec:content-canvas\" class=\"link \">Jordan Bardella<\/a>. Les faits se sont d\u00e9roul\u00e9s vers 15h30, rue Michel-Ange dans le 16\u00e8mearrondissement \u00e0 Paris. Une information confirm\u00e9e par un proche de la direction du RN \u00e0 Paris Match et qui a indiqu\u00e9 \u00ab\u00a0ne pas souhaiter faire de commentaire\u00a0\u00bb.<\/p>\n<p>Toujours selon nos informations, l\u2019homme se serait servi d\u2019un pistolet d\u2019abattage, &#8211; utilis\u00e9 pour \u00e9tourdir les animaux avant leur mise \u00e0 mort -, pour tenter de mettre fin \u00e0 ses jours.<\/p>\n<p>\u00c9vacu\u00e9 avec un pronostic vital engag\u00e9<\/p>\n<p>Rapidement pris en charge par les pompiers, puis par une \u00e9quipe du Samu, il a \u00e9t\u00e9 \u00e9vacu\u00e9, avec un pronostic vital tr\u00e8s engag\u00e9, vers l\u2019h\u00f4pital Lariboisi\u00e8re. Inform\u00e9 des faits, Jordan Bardella s\u2019est rendu imm\u00e9diatement sur place. Toujours selon les informations de Paris Match, Laurent Salles est actuellement employ\u00e9 comme standardiste au si\u00e8ge du Rassemblement national.<\/p>\n<p>Laurent Salles figurait parmi les pr\u00e9venus lors du proc\u00e8s de l\u2019affaire dite des \u00ab\u00a0assistants parlementaires\u00a0\u00bb du RN (ex-Front national). Il avait \u00e9t\u00e9 condamn\u00e9 \u00e0 6 mois de prison avec sursis.<\/p>\n<p>En juillet\u00a02014, fra\u00eechement \u00e9lu d\u00e9put\u00e9 europ\u00e9en pour la premi\u00e8re fois, Louis Aliot, avait embauch\u00e9 comme assistant parlementaire Laurent Sa&#8230;<\/p>\n<p><a href=\"https:\/\/www.parismatch.com\/actu\/politique\/info-paris-match-paris-tentative-de-suicide-au-siege-du-rassemblement-national-253104?at_medium=affiliate&amp;at_campaign=Yahoo\" rel=\"nofollow noopener\" target=\"_blank\" data-ylk=\"slk:Lire la suite sur ParisMatch;elm:context_link;itc:0;sec:content-canvas\" class=\"link \">Lire la suite sur ParisMatch<\/a><\/p>\n","protected":false},"excerpt":{"rendered":"C\u2019est un geste encore inexpliqu\u00e9 qui plonge dans la stupeur toute une organisation politique. Selon les informations de&hellip;\n","protected":false},"author":2,"featured_media":193793,"comment_status":"","ping_status":"","sticky":false,"template":"","format":"standard","meta":{"footnotes":""},"categories":[1888],"tags":[1111,1928,11,1927,1777,674,1011,27,1077,12,1926,33259,626,5818,1925,1078,25,2848],"class_list":{"0":"post-193792","1":"post","2":"type-post","3":"status-publish","4":"format-standard","5":"has-post-thumbnail","7":"category-paris","8":"tag-actu","9":"tag-actu-paris","10":"tag-actualites","11":"tag-actualites-paris","12":"tag-eu","13":"tag-europe","14":"tag-fr","15":"tag-france","16":"tag-jordan-bardella","17":"tag-news","18":"tag-news-paris","19":"tag-organisation-politique","20":"tag-paris","21":"tag-paris-match","22":"tag-paris-news","23":"tag-rassemblement-national","24":"tag-republique-francaise","25":"tag-rn"},"share_on_mastodon":{"url":"https:\/\/pubeurope.com\/@fr\/114722136783173602","error":""},"_links":{"self":[{"href":"https:\/\/www.europesays.com\/fr\/wp-json\/wp\/v2\/posts\/193792","targetHints":{"allow":["GET"]}}],"collection":[{"href":"https:\/\/www.europesays.com\/fr\/wp-json\/wp\/v2\/posts"}],"about":[{"href":"https:\/\/www.europesays.com\/fr\/wp-json\/wp\/v2\/types\/post"}],"author":[{"embeddable":true,"href":"https:\/\/www.europesays.com\/fr\/wp-json\/wp\/v2\/users\/2"}],"replies":[{"embeddable":true,"href":"https:\/\/www.europesays.com\/fr\/wp-json\/wp\/v2\/comments?post=193792"}],"version-history":[{"count":0,"href":"https:\/\/www.europesays.com\/fr\/wp-json\/wp\/v2\/posts\/193792\/revisions"}],"wp:featuredmedia":[{"embeddable":true,"href":"https:\/\/www.europesays.com\/fr\/wp-json\/wp\/v2\/media\/193793"}],"wp:attachment":[{"href":"https:\/\/www.europesays.com\/fr\/wp-json\/wp\/v2\/media?parent=193792"}],"wp:term":[{"taxonomy":"category","embeddable":true,"href":"https:\/\/www.europesays.com\/fr\/wp-json\/wp\/v2\/categories?post=193792"},{"taxonomy":"post_tag","embeddable":true,"href":"https:\/\/www.europesays.com\/fr\/wp-json\/wp\/v2\/tags?post=193792"}],"curies":[{"name":"wp","href":"https:\/\/api.w.org\/{rel}","templated":true}]}}