{"id":193810,"date":"2025-06-21T15:55:20","date_gmt":"2025-06-21T15:55:20","guid":{"rendered":"https:\/\/www.europesays.com\/fr\/193810\/"},"modified":"2025-06-21T15:55:20","modified_gmt":"2025-06-21T15:55:20","slug":"giorgia-meloni-se-rebiffe-contre-le-plan-europeen-dexpulsion-des-migrants-clandestins","status":"publish","type":"post","link":"https:\/\/www.europesays.com\/fr\/193810\/","title":{"rendered":"Giorgia Meloni se rebiffe contre le plan europ\u00e9en d\u2019expulsion des migrants clandestins"},"content":{"rendered":"<p>Meloni VS l&rsquo;U.E<\/p>\n<p>Aux yeux de la Premi\u00e8re ministre italienne, le nouveau plan de la Commission europ\u00e9enne pour acc\u00e9l\u00e9rer les retours de migrants empi\u00e8te dangereusement sur la souverainet\u00e9 des \u00c9tats membres. Rome, initialement favorable au texte, s\u2019y oppose d\u00e9sormais avec virulence, d\u00e9non\u00e7ant une centralisation excessive et des contraintes jug\u00e9es irr\u00e9alistes. L\u2019Italie pourrait ainsi devenir le premier pays de l\u2019UE \u00e0 bloquer officiellement le projet, relan\u00e7ant les tensions entre Bruxelles et le gouvernement Meloni sur la question migratoire.<\/p>\n","protected":false},"excerpt":{"rendered":"Meloni VS l&rsquo;U.E Aux yeux de la Premi\u00e8re ministre italienne, le nouveau plan de la Commission europ\u00e9enne pour&hellip;\n","protected":false},"author":2,"featured_media":193811,"comment_status":"","ping_status":"","sticky":false,"template":"","format":"standard","meta":{"footnotes":""},"categories":[1586],"tags":[11,1777,674,1779,1011,27,3044,452,1251,12,33261,25,1778,364],"class_list":{"0":"post-193810","1":"post","2":"type-post","3":"status-publish","4":"format-standard","5":"has-post-thumbnail","7":"category-europe","8":"tag-actualites","9":"tag-eu","10":"tag-europe","11":"tag-european-union","12":"tag-fr","13":"tag-france","14":"tag-giorgia-meloni","15":"tag-italie","16":"tag-migrants","17":"tag-news","18":"tag-rapatriement","19":"tag-republique-francaise","20":"tag-ue","21":"tag-union-europeenne"},"share_on_mastodon":{"url":"https:\/\/pubeurope.com\/@fr\/114722172007816419","error":""},"_links":{"self":[{"href":"https:\/\/www.europesays.com\/fr\/wp-json\/wp\/v2\/posts\/193810","targetHints":{"allow":["GET"]}}],"collection":[{"href":"https:\/\/www.europesays.com\/fr\/wp-json\/wp\/v2\/posts"}],"about":[{"href":"https:\/\/www.europesays.com\/fr\/wp-json\/wp\/v2\/types\/post"}],"author":[{"embeddable":true,"href":"https:\/\/www.europesays.com\/fr\/wp-json\/wp\/v2\/users\/2"}],"replies":[{"embeddable":true,"href":"https:\/\/www.europesays.com\/fr\/wp-json\/wp\/v2\/comments?post=193810"}],"version-history":[{"count":0,"href":"https:\/\/www.europesays.com\/fr\/wp-json\/wp\/v2\/posts\/193810\/revisions"}],"wp:featuredmedia":[{"embeddable":true,"href":"https:\/\/www.europesays.com\/fr\/wp-json\/wp\/v2\/media\/193811"}],"wp:attachment":[{"href":"https:\/\/www.europesays.com\/fr\/wp-json\/wp\/v2\/media?parent=193810"}],"wp:term":[{"taxonomy":"category","embeddable":true,"href":"https:\/\/www.europesays.com\/fr\/wp-json\/wp\/v2\/categories?post=193810"},{"taxonomy":"post_tag","embeddable":true,"href":"https:\/\/www.europesays.com\/fr\/wp-json\/wp\/v2\/tags?post=193810"}],"curies":[{"name":"wp","href":"https:\/\/api.w.org\/{rel}","templated":true}]}}