{"id":193813,"date":"2025-06-21T15:57:11","date_gmt":"2025-06-21T15:57:11","guid":{"rendered":"https:\/\/www.europesays.com\/fr\/193813\/"},"modified":"2025-06-21T15:57:11","modified_gmt":"2025-06-21T15:57:11","slug":"effort-physique-brutal-corps-deplace-la-piste-criminelle-est-la-plus-probable","status":"publish","type":"post","link":"https:\/\/www.europesays.com\/fr\/193813\/","title":{"rendered":"effort physique brutal, corps d\u00e9plac\u00e9&#8230; La piste criminelle est la \u00ab\u00a0plus probable\u00a0\u00bb"},"content":{"rendered":"<p class=\"article-p mdl\">L&rsquo;enqu\u00eate progresse. Deux mois apr\u00e8s la disparition d&rsquo;<a class=\"link\" href=\"https:\/\/www.rtl.fr\/actu\/justice-faits-divers\/mort-d-agathe-qui-etait-la-jeune-joggeuse-retrouvee-morte-le-dimanche-4-mai-7900501564\" title=\"Disparition d&#039;Agathe Hilairet : qui \u00e9tait la jeune joggeuse retrouv\u00e9e morte dans un sous-bois ?\" target=\"_blank\" rel=\"noopener\">Agathe Hilairet<\/a>, joggeuse disparue le 10 avril dernier pr\u00e8s de <strong>Vivonne (Vienne)<\/strong>, alors qu&rsquo;elle partait faire un footing et <strong>retrouv\u00e9e morte le 4 mai dernier<\/strong> dans un sous-bois du d\u00e9partement, les enqu\u00eateurs en sont d\u00e9sormais convaincus : la jeune femme de 28 ans a \u00e9t\u00e9 victime d&rsquo;un <strong>acte criminel<\/strong>.<\/p>\n<p class=\"article-p mdl\">Selon des informations du\u00a0<a class=\"link\" href=\"https:\/\/www.leparisien.fr\/faits-divers\/disparition-dagathe-pulsations-cardiaques-corps-deplace-nos-revelations-sur-la-piste-criminelle-21-06-2025-XRRORWJRZVGHFBDNV44KYKMRKA.php\" target=\"_blank\" rel=\"noopener\">Parisien\u00a0<\/a>que RTL est en mesure de confirmer,\u00a0les investigations permettent d\u00e9sormais tr\u00e8s clairement de d\u00e9duire l\u2019<strong>implication d\u2019une tierce personne<\/strong> dans la\u00a0<a class=\"link\" href=\"https:\/\/www.rtl.fr\/actu\/justice-faits-divers\/mort-d-agathe-hilairet-hypotheses-sous-bois-excentre-les-zones-d-ombre-qui-persistent-apres-la-decouverte-du-corps-7900502001\" title=\"Mort d&#039;Agathe Hilairet : hypoth\u00e8ses, sous-bois excentr\u00e9\u2026 Les zones d&#039;ombre qui persistent apr\u00e8s la d\u00e9couverte du corps\" target=\"_blank\" rel=\"noopener\">disparition de la jeune femme<\/a>.\u00a0<\/p>\n<p class=\"article-p mdl\"><strong>Deux expertises<\/strong> r\u00e9alis\u00e9es par la gendarmerie nationale (IRCGN), \u00e0 la demande des enqu\u00eateurs de la section de recherches de Poitiers, accr\u00e9ditent l&rsquo;hypoth\u00e8se du crime.<\/p>\n<p class=\"article-p mdl\">Tout d&rsquo;abord, l&rsquo;analyse de la montre connect\u00e9e\u00a0que portait la jeune joggeuse lors de sa course a permis\u00a0d&rsquo;\u00e9tablir une hausse des battements du c\u0153ur d&rsquo;Agathe Hilairet avant son d\u00e9c\u00e8s, signe qu&rsquo;elle a r\u00e9alis\u00e9 un effort intense et inhabituel peu avant sa mort.\u00a0<\/p>\n<p>            Le corps d&rsquo;Agathe Hilairet a-t-il \u00e9t\u00e9 d\u00e9plac\u00e9 ?<\/p>\n<p class=\"article-p mdl\">Le GPS de la montre connect\u00e9e indique \u00e9galement que le lieu o\u00f9 se trouvait Agathe Hilairet au moment o\u00f9 son c\u0153ur s&rsquo;est arr\u00eat\u00e9 de battre, soit au moment de son d\u00e9c\u00e8s, est <strong>distant d&rsquo;une centaine de m\u00e8tres <\/strong>de celui o\u00f9 son corps a \u00e9t\u00e9 retrouv\u00e9.\u00a0Une discordance de lieu qui pourrait indiquer que <strong>le corps de la victime a \u00e9t\u00e9 d\u00e9plac\u00e9 <\/strong>par une intervention humaine.<\/p>\n<p class=\"article-p mdl\">Enfin, selon\u00a0des experts de <strong>l\u2019IRCGN <\/strong>qui ont analys\u00e9 la sc\u00e8ne dans le sous-bois,\u00a0la position dans laquelle se trouvait la d\u00e9funte n\u2019\u00e9tait pas <strong>\u00ab\u00a0naturelle\u00a0\u00bb<\/strong>. Cette posture ne pourrait pas r\u00e9sulter d\u2019une chute ou d\u2019un malaise, mais serait la cons\u00e9quence du d\u00e9p\u00f4t d\u2019un corps inanim\u00e9.<\/p>\n<p class=\"article-p mdl\">Apr\u00e8s une premi\u00e8re phase d&rsquo;enqu\u00eate pour \u00ab\u00a0disparition inqui\u00e9tante\u00a0\u00bb, une information judiciaire avait \u00e9t\u00e9 ouverte <strong>le 14 avril <\/strong>pour \u00ab\u00a0enl\u00e8vement et s\u00e9questration\u00a0\u00bb, avant que son corps ne soit retrouv\u00e9 d\u00e9but mai. Des recherches mobilisant une centaine de gendarmes avaient \u00e9t\u00e9 lanc\u00e9es.<\/p>\n<p>    La r\u00e9daction vous recommande<\/p>\n<p class=\"s-newsletter__title\">\n                L\u2019actualit\u00e9 par la r\u00e9daction de RTL dans votre bo\u00eete mail.\n            <\/p>\n<p class=\"s-newsletter__subtitle\">\n                Gr\u00e2ce \u00e0 votre compte RTL abonnez-vous \u00e0 la newsletter RTL info pour suivre toute l&rsquo;actualit\u00e9 au quotidien\n            <\/p>\n<p>\n                                    Lire la suite\n                                <\/p>\n","protected":false},"excerpt":{"rendered":"L&rsquo;enqu\u00eate progresse. Deux mois apr\u00e8s la disparition d&rsquo;Agathe Hilairet, joggeuse disparue le 10 avril dernier pr\u00e8s de Vivonne&hellip;\n","protected":false},"author":2,"featured_media":77140,"comment_status":"","ping_status":"","sticky":false,"template":"","format":"standard","meta":{"footnotes":""},"categories":[2],"tags":[11,2715,1067,118,107,1011,27,303,18,12,1072,25],"class_list":{"0":"post-193813","1":"post","2":"type-post","3":"status-publish","4":"format-standard","5":"has-post-thumbnail","7":"category-actualites","8":"tag-actualites","9":"tag-disparition","10":"tag-enquete","11":"tag-faits-divers","12":"tag-fil-info","13":"tag-fr","14":"tag-france","15":"tag-justice","16":"tag-mort","17":"tag-news","18":"tag-police","19":"tag-republique-francaise"},"share_on_mastodon":{"url":"https:\/\/pubeurope.com\/@fr\/114722180027225944","error":""},"_links":{"self":[{"href":"https:\/\/www.europesays.com\/fr\/wp-json\/wp\/v2\/posts\/193813","targetHints":{"allow":["GET"]}}],"collection":[{"href":"https:\/\/www.europesays.com\/fr\/wp-json\/wp\/v2\/posts"}],"about":[{"href":"https:\/\/www.europesays.com\/fr\/wp-json\/wp\/v2\/types\/post"}],"author":[{"embeddable":true,"href":"https:\/\/www.europesays.com\/fr\/wp-json\/wp\/v2\/users\/2"}],"replies":[{"embeddable":true,"href":"https:\/\/www.europesays.com\/fr\/wp-json\/wp\/v2\/comments?post=193813"}],"version-history":[{"count":0,"href":"https:\/\/www.europesays.com\/fr\/wp-json\/wp\/v2\/posts\/193813\/revisions"}],"wp:featuredmedia":[{"embeddable":true,"href":"https:\/\/www.europesays.com\/fr\/wp-json\/wp\/v2\/media\/77140"}],"wp:attachment":[{"href":"https:\/\/www.europesays.com\/fr\/wp-json\/wp\/v2\/media?parent=193813"}],"wp:term":[{"taxonomy":"category","embeddable":true,"href":"https:\/\/www.europesays.com\/fr\/wp-json\/wp\/v2\/categories?post=193813"},{"taxonomy":"post_tag","embeddable":true,"href":"https:\/\/www.europesays.com\/fr\/wp-json\/wp\/v2\/tags?post=193813"}],"curies":[{"name":"wp","href":"https:\/\/api.w.org\/{rel}","templated":true}]}}