{"id":193814,"date":"2025-06-21T15:58:10","date_gmt":"2025-06-21T15:58:10","guid":{"rendered":"https:\/\/www.europesays.com\/fr\/193814\/"},"modified":"2025-06-21T15:58:10","modified_gmt":"2025-06-21T15:58:10","slug":"a-la-france-music-week-un-sommet-prestigieux-et-un-tantinet-hors-sol-liberation","status":"publish","type":"post","link":"https:\/\/www.europesays.com\/fr\/193814\/","title":{"rendered":"A la France Music Week, un sommet prestigieux et un tantinet hors-sol \u2013 Lib\u00e9ration"},"content":{"rendered":"<p class=\"sc-ksZaOG ehjQrN text-element\">C\u2019est sous les ors flamboyants de l\u2019op\u00e9ra Garnier que s\u2019est close vendredi 20 juin la France Music Week. Champagne d\u00e8s 11h30, petits fours et d\u00e9jeuner gastronomique, armada d\u2019h\u00f4tes et h\u00f4tesses en veston et robe \u00e0 col montant, pour accueillir les pontes de l\u2019industrie musicale, r\u00e9unis pour un sommet en forme de point d\u2019orgue. Un \u00e9v\u00e9nement pour \u00abpromouvoir la richesse de la cr\u00e9ation musicale fran\u00e7aise\u00bb \u2013 qui d\u00e9roule le tapis rouge \u00e0 ses gros acteurs, \u00e0 mille lieues de l\u2019esprit populaire de la F\u00eate de la Musique \u00e0 laquelle il est venu s\u2019accoler.<\/p>\n<p class=\"sc-ksZaOG ehjQrN text-element\">Une centaine de grosses l\u00e9gumes, leaders mondiaux et investisseurs internationaux se sont donc retrouv\u00e9s pour plancher sur l\u2019avenir du secteur. Parmi les invit\u00e9s de marque, les plateformes musicales YouTube, Spotify et Deezer, les maisons de disques Warner, Universal Music France et Believe, des repr\u00e9sentants d\u2019organisations comme la Sacem ou la F\u00e9d\u00e9ration internationale de l\u2019industrie phonographique, ainsi que <a href=\"https:\/\/www.liberation.fr\/musique\/2018\/11\/16\/le-concert-a-l-age-industriel_1692538\/?redirected=1\" target=\"_blank\" rel=\"noreferrer noopener\" title=\"https:\/\/www.liberation.fr\/musique\/2018\/11\/16\/le-concert-a-l-age-industriel_1692538\/?redirected=1\">Live Nation<\/a>, le g\u00e9ant du spectacle vivant, tous venus discuter nouveaux march\u00e9s, sources de croissance, mod\u00e8les de mon\u00e9tisation ou encore impact de l\u2019intelligence artificielle sur la cr\u00e9ation musicale.<\/p>\n<p class=\"sc-ksZaOG ehjQrN text-element\">L\u2019affaire s\u2019ouvre dans une ambiance de talk-show \u00e0 l\u2019am\u00e9ricaine, musique et lumi\u00e8res \u00e0 l\u2019appui, avec la journaliste Marjorie Paillon en ma\u00eetresse de c\u00e9r\u00e9monie. Rachida Dati c\u00e9l\u00e8bre dans son discours d\u2019ouverture la diversit\u00e9 culturelle, \u00abcl\u00e9 de vo\u00fbte\u00bb de la musique et de sa politique culturelle. La ministre de la Culture salue dans le m\u00eame temps le d\u00e9veloppement des plateformes et de leurs outils de \u00ab[r\u00e9mun\u00e9ration] des artistes pour mieux refl\u00e9ter la valeur des \u0153uvres et l\u2019engagement du public\u00bb \u2013 <a href=\"https:\/\/www.liberation.fr\/culture\/musique\/spotify-lennemi-public-de-lemergence-des-artistes-20231220_ODDUIVTGYBCODMNNADKV43PEMI\/\" target=\"_blank\" rel=\"noreferrer noopener\" title=\"https:\/\/www.liberation.fr\/culture\/musique\/spotify-lennemi-public-de-lemergence-des-artistes-20231220_ODDUIVTGYBCODMNNADKV43PEMI\/\">grand sourire \u00e0 Spotify.<\/a><\/p>\n<p class=\"sc-ksZaOG ehjQrN text-element\">Lisa Yang, analyste pour la banque am\u00e9ricaine Goldman Sachs et autrice de rapports sur la fili\u00e8re mondiale, dresse un tableau lumineux : en 2024, l\u2019industrie musicale a franchi un nouveau cap avec un chiffre record de 29,6 milliards de dollars (27,2 milliards d\u2019euros), en hausse de pr\u00e8s de 5 %. Un dynamisme qui b\u00e9n\u00e9ficie aussi, selon elle, aux artistes locaux et non-anglophones, qui s\u2019imposent de plus en plus sur les sc\u00e8nes internationales, et \u00abgagnent de plus en plus de parts de march\u00e9\u00bb comme le confirme Denis Ladegaillerie, directeur du distributeur Believe.<\/p>\n<p class=\"sc-ksZaOG ehjQrN text-element\">C\u2019est face \u00e0 C\u00e9cile Rap-Veber de la Sacem et Olivier Nusse d\u2019Universal Music France qu\u2019est enfin abord\u00e9 \u00abl\u2019\u00e9l\u00e9phant dans la pi\u00e8ce\u00bb : comment envisager le juste partage des valeurs ? La Sacem remet l\u00e0 l\u2019\u00e9glise au milieu du village, en rappelant la n\u00e9cessit\u00e9 de construire un \u00ab\u00e9cosyst\u00e8me plus \u00e9quitable et plus transparent\u00bb et la \u00abm\u00e8re de toutes les batailles\u00bb, celle des droits d\u2019auteur. Une \u00abexception culturelle fran\u00e7aise\u00bb \u2013 encore une \u2013 salu\u00e9e un peu plus tard par Emmanuel Macron \u00e0 l\u2019Elys\u00e9e.<\/p>\n<p class=\"sc-ksZaOG ehjQrN text-element\">Ce sommet intervient en effet \u00e0 un moment charni\u00e8re, o\u00f9 l\u2019industrie musicale est confront\u00e9e \u00e0 la r\u00e9volution de l\u2019intelligence artificielle, dont l\u2019impact est au c\u0153ur des d\u00e9bats. \u00abComme beaucoup d\u2019autres industries, l\u2019essor de l\u2019IA g\u00e9n\u00e9rative a le potentiel de transformer consid\u00e9rablement l\u2019industrie de la musique. Elle acc\u00e9l\u00e8re et r\u00e9duit le co\u00fbt de la cr\u00e9ation et de la production des contenus\u00bb, observe Lisa Yang. L\u2019analyste rappelle que le principal d\u00e9fi r\u00e9side dans la protection des droits d\u2019auteur et une \u00abperte potentielle de revenus pour les cr\u00e9ateurs humains\u00bb.<\/p>\n<p class=\"sc-ksZaOG ehjQrN text-element\">Sur la sc\u00e8ne, Camille et Cl\u00e9ment Ducol \u2013 oscaris\u00e9s pour la bande originale du film Emilia P\u00e9rez de Jacques Audiard, et vraisemblablement seuls artistes ayant l\u2019honneur de s\u2019exprimer \u2013 corroborent en rappelant \u00abl\u2019anxi\u00e9t\u00e9\u00bb de leurs pairs face aux nouvelles formes de cr\u00e9ation et de diffusion, \u00e0 la fois \u00abexaltants\u00bb et \u00abinspirants\u00bb, mais o\u00f9 \u00ables porte-monnaies des artistes sont souvent oubli\u00e9s\u00bb. Fin mai, un collectif de pr\u00e8s de 450 artistes et acteurs du secteur appelait dans une <a href=\"https:\/\/www.liberation.fr\/idees-et-debats\/tribunes\/ne-laissons-pas-lia-generative-tuer-la-creation-musicale-20250525_PHW4QDEANZGJFMJFARMCNF7JXM\/\" target=\"_blank\" rel=\"noreferrer noopener\" title=\"https:\/\/www.liberation.fr\/idees-et-debats\/tribunes\/ne-laissons-pas-lia-generative-tuer-la-creation-musicale-20250525_PHW4QDEANZGJFMJFARMCNF7JXM\/\">tribune relay\u00e9e par Lib\u00e9ration<\/a> \u00e0 la mise en place d\u2019un plan de sauvegarde face \u00e0 l\u2019IA.<\/p>\n<p class=\"sc-ksZaOG ehjQrN text-element\">Le matin m\u00eame, la plateforme fran\u00e7aise de streaming Deezer annon\u00e7ait \u00e9pingler par une mention \u00e0 l\u2019attention de ses utilisateurs les albums dont certains titres sont enti\u00e8rement g\u00e9n\u00e9r\u00e9s par l\u2019IA \u2013 une premi\u00e8re mondiale. L\u2019objectif : r\u00e9duire les risques de fraude, \u00e9viter que ces contenus ne profitent de l\u2019algorithme et prot\u00e9ger les ayants-droit. De son c\u00f4t\u00e9, le g\u00e9ant am\u00e9ricain du streaming Spotify, pionnier de l\u2019utilisation de l\u2019IA en sous-marin et <a href=\"https:\/\/www.liberation.fr\/culture\/musique\/la-culture-du-secret-autour-des-pratiques-de-spotify-est-inimaginable-20250214_536FMINBCJCSPO6JN3UZM2LG5A\/\" target=\"_blank\" rel=\"noreferrer noopener\" title=\"https:\/\/www.liberation.fr\/culture\/musique\/la-culture-du-secret-autour-des-pratiques-de-spotify-est-inimaginable-20250214_536FMINBCJCSPO6JN3UZM2LG5A\/\">\u00e9pingl\u00e9 par plusieurs journalistes<\/a> sur ce sujet ces derni\u00e8res ann\u00e9es, d\u00e9fend une \u00abcohabitation possible entre musiques issues de diff\u00e9rents processus cr\u00e9atifs\u00bb. \u00abDe nombreux artistes veulent utiliser l\u2019IA\u00bb, assure tout sourire Dustee Jenkins, directrice des affaires publiques de Spotify. \u00abIl s\u2019agira de savoir ce que le consommateur veut \u00e9couter\u00bb \u2013 \u00abM\u00eame si l\u2019IA reste incapable de cr\u00e9er une fanbase, de partir en tourner, bref de cr\u00e9er une connexion humaine.\u00bb<\/p>\n<p class=\"sc-ksZaOG ehjQrN text-element\">C\u2019est dans les jardins de l\u2019Elys\u00e9e qu\u2019Emmanuel Macron a cl\u00f4tur\u00e9 la journ\u00e9e, vantant le \u00abr\u00f4le cl\u00e9 de la France en tant que partenaire\u00bb et appelant \u00e0 \u00abchoisir la France pour la musique\u00bb. Derri\u00e8re les mines ravies, la France Music Week laisse un go\u00fbt contrast\u00e9. Avec un budget total de 7 millions d\u2019euros, la semaine et son sommet international ont d\u00e9ploy\u00e9 des moyens in\u00e9dits pour s\u00e9duire les g\u00e9ants du secteur, tout en laissant en marge les sc\u00e8nes locales et les acteurs de terrain. Une mise en sc\u00e8ne de \u00abl\u2019excellence\u00bb fran\u00e7aise, au moment m\u00eame o\u00f9 le monde culturel subit des coupes budg\u00e9taires sans pr\u00e9c\u00e9dent.<\/p>\n","protected":false},"excerpt":{"rendered":"C\u2019est sous les ors flamboyants de l\u2019op\u00e9ra Garnier que s\u2019est close vendredi 20 juin la France Music Week.&hellip;\n","protected":false},"author":2,"featured_media":193815,"comment_status":"","ping_status":"","sticky":false,"template":"","format":"standard","meta":{"footnotes":""},"categories":[4],"tags":[11,5417,1003,4150,33262,33263,251,1011,27,1227,12,417,25],"class_list":{"0":"post-193814","1":"post","2":"type-post","3":"status-publish","4":"format-standard","5":"has-post-thumbnail","7":"category-france","8":"tag-actualites","9":"tag-bijoux","10":"tag-budget","11":"tag-ceremonie","12":"tag-collier","13":"tag-collier-en-or","14":"tag-culture","15":"tag-fr","16":"tag-france","17":"tag-horizontal","18":"tag-news","19":"tag-rachida-dati","20":"tag-republique-francaise"},"share_on_mastodon":{"url":"https:\/\/pubeurope.com\/@fr\/114722183804592453","error":""},"_links":{"self":[{"href":"https:\/\/www.europesays.com\/fr\/wp-json\/wp\/v2\/posts\/193814","targetHints":{"allow":["GET"]}}],"collection":[{"href":"https:\/\/www.europesays.com\/fr\/wp-json\/wp\/v2\/posts"}],"about":[{"href":"https:\/\/www.europesays.com\/fr\/wp-json\/wp\/v2\/types\/post"}],"author":[{"embeddable":true,"href":"https:\/\/www.europesays.com\/fr\/wp-json\/wp\/v2\/users\/2"}],"replies":[{"embeddable":true,"href":"https:\/\/www.europesays.com\/fr\/wp-json\/wp\/v2\/comments?post=193814"}],"version-history":[{"count":0,"href":"https:\/\/www.europesays.com\/fr\/wp-json\/wp\/v2\/posts\/193814\/revisions"}],"wp:featuredmedia":[{"embeddable":true,"href":"https:\/\/www.europesays.com\/fr\/wp-json\/wp\/v2\/media\/193815"}],"wp:attachment":[{"href":"https:\/\/www.europesays.com\/fr\/wp-json\/wp\/v2\/media?parent=193814"}],"wp:term":[{"taxonomy":"category","embeddable":true,"href":"https:\/\/www.europesays.com\/fr\/wp-json\/wp\/v2\/categories?post=193814"},{"taxonomy":"post_tag","embeddable":true,"href":"https:\/\/www.europesays.com\/fr\/wp-json\/wp\/v2\/tags?post=193814"}],"curies":[{"name":"wp","href":"https:\/\/api.w.org\/{rel}","templated":true}]}}