{"id":19382,"date":"2025-04-12T07:52:13","date_gmt":"2025-04-12T07:52:13","guid":{"rendered":"https:\/\/www.europesays.com\/fr\/19382\/"},"modified":"2025-04-12T07:52:13","modified_gmt":"2025-04-12T07:52:13","slug":"bientot-des-iphone-a-moitie-prix-en-france","status":"publish","type":"post","link":"https:\/\/www.europesays.com\/fr\/19382\/","title":{"rendered":"Bient\u00f4t des iPhone \u00e0 moiti\u00e9 prix en France\u00a0?"},"content":{"rendered":"<p>Demi-tour. L\u2019annonce des droits de douane de <a href=\"https:\/\/www.20minutes.fr\/dossier\/donald_trump\" class=\"color-ultramarine c-link\" target=\"_blank\" rel=\"noopener\">Donald Trump<\/a> avait laiss\u00e9 entrevoir une augmentation des prix, notamment de l\u2019<a href=\"https:\/\/www.20minutes.fr\/high-tech\/iphone\/\" class=\"color-ultramarine c-link\" target=\"_blank\" rel=\"noopener\">iPhone<\/a>. Le smartphone, omnipr\u00e9sent dans le quotidien des utilisateurs et symboles de la <a href=\"https:\/\/www.20minutes.fr\/dossier\/mondialisation\" class=\"color-ultramarine c-link\" target=\"_blank\" rel=\"noopener\">mondialisation<\/a>, pourrait p\u00e2tir du fait qu\u2019un certain nombre de ses composants proviennent de <a href=\"https:\/\/www.20minutes.fr\/magazine\/grande-muraille-mag\/\" class=\"color-ultramarine c-link\" target=\"_blank\" rel=\"noopener\">Chine<\/a>. L\u2019actualit\u00e9 avait conduit de nombreuses personnes \u00e0 <a href=\"https:\/\/www.20minutes.fr\/economie\/4147036-20250404-droits-douane-annonces-trump-produits-quotidien-vont-devenir-bien-plus-chers-americains\" target=\"_blank\" class=\"color-ultramarine c-link\" rel=\"noopener\">s\u2019interroger sur une possible hausse du prix de l\u2019appareil<\/a>. Mais <a href=\"https:\/\/www.20minutes.fr\/monde\/etats-unis\/4147912-20250410-droits-douane-etats-unis-apres-pause-trump-volte-face-spectaculaire-bourse-new-york\" class=\"color-ultramarine c-link\" target=\"_blank\" rel=\"noopener\">le pr\u00e9sident am\u00e9ricain a annonc\u00e9 suspendre tous les droits de douane<\/a>, mercredi soir. Sauf pour la Chine, dont les produits doivent toujours \u00eatre tax\u00e9s \u00e0 145\u00a0% lors de leur importation aux <a href=\"https:\/\/www.20minutes.fr\/monde\/etats-unis\/\" class=\"color-ultramarine c-link\" target=\"_blank\" rel=\"noopener\">Etats-Unis<\/a>.<\/p>\n<p>Mais les iPhone ne vont pas dispara\u00eetre de la surface de la Terre pour autant. Avant que ces nouveaux droits de douanes entrent en vigueur, <a href=\"https:\/\/www.20minutes.fr\/economie\/4147535-20250408-droits-douane-apple-fait-decoller-cinq-remplis-iphone-depuis-inde-avant-couperet-tombe\" target=\"_blank\" class=\"color-ultramarine c-link\" rel=\"noopener\">Apple a par exemple charg\u00e9s des avions d\u2019iPhone depuis l\u2019Inde<\/a>. Une marchandise qu\u2019il faudra bien \u00e9couler, hausse de prix ou non. Si les Am\u00e9ricains ne peuvent plus en acheter, les Europ\u00e9ens seraient les prochains bons clients, avec le pouvoir d\u2019achat n\u00e9cessaire pour s\u2019offrir ce type de smartphone. Pourquoi pas, alors, leur faire une ristourne pour \u00e9couler les stocks\u00a0?<\/p>\n<p>Non, selon S\u00e9bastien Jean, professeur au Cnam et expert en commerce international<\/p>\n<p>\u00ab\u00a0Les taxes douani\u00e8res de Trump n\u2019affectent pas directement les prix en France, elles concernent les prix aux Etats-Unis, qui devraient augmenter\u00a0\u00bb, assure S\u00e9bastien Jean, professeur au Conservatoire national des arts et m\u00e9tiers et sp\u00e9cialiste du commerce international. De mani\u00e8re indirecte, il pourrait quand m\u00eame y avoir des r\u00e9percussions. \u00ab\u00a0Principalement, parce que la protection am\u00e9ricaine prive des exportateurs de d\u00e9bouch\u00e9s, Apple sera tent\u00e9 de baisser leur prix pour vendre ailleurs, notamment en Europe\u00a0\u00bb, imagine l\u2019\u00e9conomiste.<\/p>\n<p>Mais n\u2019esp\u00e9rez pas changer votre vieil iPhone 12 trop vite. \u00ab\u00a0Dans le cas d\u2019<a href=\"https:\/\/www.20minutes.fr\/high-tech\/apple\/\" class=\"color-ultramarine c-link\" target=\"_blank\" rel=\"noopener\">Apple<\/a>, leur positionnement [de marque] rend peu probable, \u00e0 mon avis, une baisse significative des prix, temp\u00e8re S\u00e9bastien Jean. Mais on ne peut pas exclure qu\u2019ils multiplient les actions commerciales en Europe.\u00a0\u00bb<\/p>\n<\/p>\n<p>Et si on imagine un sc\u00e9nario alambiqu\u00e9 o\u00f9, pour \u00e9viter les taxes am\u00e9ricaines, Apple ou la Chine relocalisait une partie de ses activit\u00e9s en Europe\u00a0? \u00ab\u00a0Impossible \u00e0 court terme, et beaucoup trop difficile et co\u00fbteux \u00e0 moyen ou long terme\u00a0\u00bb, balaye le professeur au Cnam. D\u00e9ception, les iPhone \u00e0 50 euros continueront \u00e0 exister seulement dans les arnaques sur Internet.<\/p>\n<p>Oui, selon Karine Balmes, directrice d\u2019un cabinet de conseil aux entreprises sp\u00e9cialiste des douanes<\/p>\n<p>Cette vision ne semble pas si absurde pour Karine Balmes. Elle pr\u00e9side KB Expertise douanes, un cabinet de conseil sp\u00e9cialis\u00e9 sur la question. \u00ab\u00a0L\u2019id\u00e9e qu\u2019ont certaines entreprises, c\u2019est de revenir \u00e0 une r\u00e9industralisaton en Europe, d\u00e9taille-t-elle. D\u2019avoir des hubs de fabrication ou d\u2019assemblage pour les march\u00e9s locaux, plut\u00f4t que d\u2019importer le produit fini. Il faut redessiner le mod\u00e8le industriel du \u00ab\u00a0tout-externalis\u00e9\u00a0\u00bb.\u00a0\u00bb Elle reconna\u00eet qu\u2019une telle transformation de l\u2019approvisionnement et de la distribution peut prendre beaucoup de temps, mais qu\u2019il s\u2019agit d\u2019une probl\u00e9matique importante pour le futur des entreprises. \u00ab\u00a0Donald Trump est l\u00e0 pour au moins trois ans, avec sa m\u00e9thode de n\u00e9gociation tr\u00e8s particuli\u00e8re, souffle-t-elle. Il faut trouver des strat\u00e9gies et des march\u00e9s plus stables.\u00a0\u00bb<\/p>\n<p>Reste un param\u00e8tre \u00e0 prendre en compte\u00a0: la politique douani\u00e8re de l\u2019Union europ\u00e9enne. Si la pr\u00e9sidente de la Commission europ\u00e9enne, <a href=\"https:\/\/www.20minutes.fr\/monde\/etats-unis\/4147922-20250410-direct-droits-douane-comme-trump-appuie-pause-bourses-envolent\" class=\"color-ultramarine c-link\" target=\"_blank\" rel=\"noopener\">Ursula von\u00a0der\u00a0Leyen, a annonc\u00e9 ce jeudi suspendre ses mesures de repr\u00e9sailles contre les Etats-Unis<\/a>, la situation a encore vite fait d\u2019\u00e9voluer. Et, dans une guerre commerciale, la facture finit souvent pour celui qui est en bout de cha\u00eene\u00a0: le consommateur.<\/p>\n","protected":false},"excerpt":{"rendered":"Demi-tour. L\u2019annonce des droits de douane de Donald Trump avait laiss\u00e9 entrevoir une augmentation des prix, notamment de&hellip;\n","protected":false},"author":2,"featured_media":19383,"comment_status":"","ping_status":"","sticky":false,"template":"","format":"standard","meta":{"footnotes":""},"categories":[2],"tags":[11,733,309,254,75,981,33,73,674,1011,27,142,655,12,2141,25,555],"class_list":{"0":"post-19382","1":"post","2":"type-post","3":"status-publish","4":"format-standard","5":"has-post-thumbnail","7":"category-actualites","8":"tag-actualites","9":"tag-apple","10":"tag-chine","11":"tag-conso","12":"tag-donald-trump","13":"tag-douane","14":"tag-economie","15":"tag-etats-unis","16":"tag-europe","17":"tag-fr","18":"tag-france","19":"tag-high-tech","20":"tag-iphone","21":"tag-news","22":"tag-prix","23":"tag-republique-francaise","24":"tag-union-europeenne-ue"},"share_on_mastodon":{"url":"https:\/\/pubeurope.com\/@fr\/114323911152865704","error":""},"_links":{"self":[{"href":"https:\/\/www.europesays.com\/fr\/wp-json\/wp\/v2\/posts\/19382","targetHints":{"allow":["GET"]}}],"collection":[{"href":"https:\/\/www.europesays.com\/fr\/wp-json\/wp\/v2\/posts"}],"about":[{"href":"https:\/\/www.europesays.com\/fr\/wp-json\/wp\/v2\/types\/post"}],"author":[{"embeddable":true,"href":"https:\/\/www.europesays.com\/fr\/wp-json\/wp\/v2\/users\/2"}],"replies":[{"embeddable":true,"href":"https:\/\/www.europesays.com\/fr\/wp-json\/wp\/v2\/comments?post=19382"}],"version-history":[{"count":0,"href":"https:\/\/www.europesays.com\/fr\/wp-json\/wp\/v2\/posts\/19382\/revisions"}],"wp:featuredmedia":[{"embeddable":true,"href":"https:\/\/www.europesays.com\/fr\/wp-json\/wp\/v2\/media\/19383"}],"wp:attachment":[{"href":"https:\/\/www.europesays.com\/fr\/wp-json\/wp\/v2\/media?parent=19382"}],"wp:term":[{"taxonomy":"category","embeddable":true,"href":"https:\/\/www.europesays.com\/fr\/wp-json\/wp\/v2\/categories?post=19382"},{"taxonomy":"post_tag","embeddable":true,"href":"https:\/\/www.europesays.com\/fr\/wp-json\/wp\/v2\/tags?post=19382"}],"curies":[{"name":"wp","href":"https:\/\/api.w.org\/{rel}","templated":true}]}}