{"id":193823,"date":"2025-06-21T16:05:10","date_gmt":"2025-06-21T16:05:10","guid":{"rendered":"https:\/\/www.europesays.com\/fr\/193823\/"},"modified":"2025-06-21T16:05:10","modified_gmt":"2025-06-21T16:05:10","slug":"rarement-aussi-heureux-de-me-faire-doubler","status":"publish","type":"post","link":"https:\/\/www.europesays.com\/fr\/193823\/","title":{"rendered":"\u00ab Rarement aussi heureux de me faire doubler \u00bb"},"content":{"rendered":"<p>Sur les circuits o\u00f9 il s\u2019engage en GT3, Max Verstappen ne laisse personne indiff\u00e9rent \u2014 qu\u2019il roule sous son v\u00e9ritable nom ou sous le pseudonyme de Franz Hermann. R\u00e9cemment, c\u2019est Brent Verheyen, pilote <a href=\"https:\/\/f1only.fr\/24-heures-du-mans-porsche-disqualife\/\" rel=\"nofollow noopener\" target=\"_blank\">Porsche<\/a>, qui s\u2019est retrouv\u00e9 bluff\u00e9 par la prestation du quadruple champion du monde.<\/p>\n<p>Au lieu de ressentir la frustration habituelle d\u2019un d\u00e9passement, Verheyen a salu\u00e9 la man\u0153uvre avec admiration, allant jusqu\u2019\u00e0 confier qu\u2019il s\u2019agissait de la premi\u00e8re fois o\u00f9 il \u00e9tait v\u00e9ritablement heureux de se faire doubler. Une d\u00e9claration r\u00e9v\u00e9latrice de l\u2019aura que conserve <a href=\"https:\/\/f1only.fr\/f1-verstappen-antonelli-podium-jeunesse\/\" rel=\"nofollow noopener\" target=\"_blank\">Verstappen<\/a>, m\u00eame loin des paddocks de la Formule 1.<\/p>\n<blockquote class=\"instagram-media\" style=\"background: #FFF; border: 0; border-radius: 3px; box-shadow: 0 0 1px 0 rgba(0,0,0,0.5),0 1px 10px 0 rgba(0,0,0,0.15); margin: 1px; max-width: 540px; min-width: 326px; padding: 0; width: calc(100% - 2px);\" data-instgrm-captioned=\"\" data-instgrm-permalink=\"https:\/\/www.instagram.com\/reel\/DLCPbABoHJb\/?utm_source=ig_embed&amp;utm_campaign=loading\" data-instgrm-version=\"14\">\n<\/blockquote>\n<p>                        <script async src=\"\/\/www.instagram.com\/embed.js\"><\/script><\/p>\n","protected":false},"excerpt":{"rendered":"Sur les circuits o\u00f9 il s\u2019engage en GT3, Max Verstappen ne laisse personne indiff\u00e9rent \u2014 qu\u2019il roule sous&hellip;\n","protected":false},"author":2,"featured_media":193824,"comment_status":"","ping_status":"","sticky":false,"template":"","format":"standard","meta":{"footnotes":""},"categories":[1412],"tags":[5080,5081,1451,5083,5084,5085,5086,5087,5088,1452,1453,1454,1455,1011,27,2236,5089,5090,60,5091,3030],"class_list":{"0":"post-193823","1":"post","2":"type-post","3":"status-publish","4":"format-standard","5":"has-post-thumbnail","7":"category-f1","8":"tag-actualites-f1","9":"tag-actuf1","10":"tag-f1","11":"tag-f1-actu","12":"tag-f1-direct","13":"tag-f1-live","14":"tag-f1-news","15":"tag-f1news","16":"tag-fia","17":"tag-formula-1","18":"tag-formula1","19":"tag-formule-1","20":"tag-formule1","21":"tag-fr","22":"tag-france","23":"tag-max-verstappen","24":"tag-news-f1","25":"tag-newsf1","26":"tag-sports","27":"tag-tip","28":"tag-top"},"share_on_mastodon":{"url":"https:\/\/pubeurope.com\/@fr\/114722211500881398","error":""},"_links":{"self":[{"href":"https:\/\/www.europesays.com\/fr\/wp-json\/wp\/v2\/posts\/193823","targetHints":{"allow":["GET"]}}],"collection":[{"href":"https:\/\/www.europesays.com\/fr\/wp-json\/wp\/v2\/posts"}],"about":[{"href":"https:\/\/www.europesays.com\/fr\/wp-json\/wp\/v2\/types\/post"}],"author":[{"embeddable":true,"href":"https:\/\/www.europesays.com\/fr\/wp-json\/wp\/v2\/users\/2"}],"replies":[{"embeddable":true,"href":"https:\/\/www.europesays.com\/fr\/wp-json\/wp\/v2\/comments?post=193823"}],"version-history":[{"count":0,"href":"https:\/\/www.europesays.com\/fr\/wp-json\/wp\/v2\/posts\/193823\/revisions"}],"wp:featuredmedia":[{"embeddable":true,"href":"https:\/\/www.europesays.com\/fr\/wp-json\/wp\/v2\/media\/193824"}],"wp:attachment":[{"href":"https:\/\/www.europesays.com\/fr\/wp-json\/wp\/v2\/media?parent=193823"}],"wp:term":[{"taxonomy":"category","embeddable":true,"href":"https:\/\/www.europesays.com\/fr\/wp-json\/wp\/v2\/categories?post=193823"},{"taxonomy":"post_tag","embeddable":true,"href":"https:\/\/www.europesays.com\/fr\/wp-json\/wp\/v2\/tags?post=193823"}],"curies":[{"name":"wp","href":"https:\/\/api.w.org\/{rel}","templated":true}]}}