{"id":193831,"date":"2025-06-21T16:09:23","date_gmt":"2025-06-21T16:09:23","guid":{"rendered":"https:\/\/www.europesays.com\/fr\/193831\/"},"modified":"2025-06-21T16:09:23","modified_gmt":"2025-06-21T16:09:23","slug":"lart-nouveau-vu-par-les-vitraillistes-de-la-mcl","status":"publish","type":"post","link":"https:\/\/www.europesays.com\/fr\/193831\/","title":{"rendered":"L&rsquo;Art Nouveau vu par les vitraillistes de la MCL"},"content":{"rendered":"<p><a href=\"https:\/\/vosgesinfo.fr\/app\/uploads\/sites\/6\/2025\/06\/vitrail-atelier-mcl-expo-2025-2.jpg\" data-slb-active=\"1\" data-slb-asset=\"651217883\" data-slb-internal=\"0\" data-slb-group=\"slb\" rel=\"nofollow noopener\" target=\"_blank\"><img decoding=\"async\" loading=\"lazy\" class=\"aligncenter size-large wp-image-79290\" src=\"https:\/\/www.europesays.com\/fr\/wp-content\/uploads\/2025\/06\/vitrail-atelier-mcl-expo-2025-2-1024x768.jpg\" alt=\"\" width=\"1024\" height=\"768\"  \/><\/a><\/p>\n<p><strong>Mardi soir, la galerie de la MCL \u00e9tait pleine comme un \u0153uf (de Faberg\u00e9 !) pour le vernissage de l\u2019exposition annuelle propos\u00e9e par l\u2019atelier vitrail. Un rendez-vous incontournable, quasiment une \u00ab\u00a0date anniversaire\u00a0\u00bb pour reprendre les mots de la pr\u00e9sidente de la maison Lydie Guillemain.<\/strong><\/p>\n<p><a href=\"https:\/\/vosgesinfo.fr\/app\/uploads\/sites\/6\/2025\/06\/expo-vitrail-mcl-1.jpg\" data-slb-active=\"1\" data-slb-asset=\"2108099162\" data-slb-internal=\"0\" data-slb-group=\"slb\" rel=\"nofollow noopener\" target=\"_blank\"><img decoding=\"async\" loading=\"lazy\" class=\"alignright wp-image-79287\" src=\"https:\/\/www.europesays.com\/fr\/wp-content\/uploads\/2025\/06\/expo-vitrail-mcl-1-461x1024.jpg\" alt=\"\" width=\"201\" height=\"447\"  \/><\/a>Cette activit\u00e9 cr\u00e9ative et artistique anim\u00e9e par Sylvie Botte est en effet l\u2019un des plus anciens de la MCL avec un bon quart de si\u00e8cle au compteur et des \u00e9l\u00e8ves assidus qui, pour certains, affichent presque preuve d\u2019autant de long\u00e9vit\u00e9 que\u2026 l\u2019atelier lui-m\u00eame ! Toutes et tous ont donc beaucoup progress\u00e9 et \u00e9volu\u00e9 depuis leurs d\u00e9buts, faisant la fiert\u00e9 de leur professeure, toujours ravie de pouvoir exposer les travaux annuels \u00e0 travers une exposition dont le th\u00e8me \u00e9tait \u00ab\u00a0L\u2019Art Nouveau\u00a0\u00bb.<\/p>\n<p>L\u2019atelier vitrail, c\u2019est aussi une sortie annuelle qui, rappelons-le bri\u00e8vement, avait permis cette ann\u00e9e \u00e0 une cinquantaine de participants d\u2019aller \u00e0 Notre Dame. Pour 2025-2026, Sylvie Botte travaille sur l\u2019organisation d\u2019un voyage \u00e0 Londres avec deux nuits sur place. Quant au th\u00e8me qui guidera ses \u00e9l\u00e8ves, il concernera les instruments de musique et le verre, pour le plaisir des yeux et des oreilles donc\u2026 Pour conclure, l\u2019ensemble des personnes pr\u00e9sentes au vernissage ont eu le plaisir de partager un bon moment autour d\u2019un somptueux buffet lui aussi r\u00e9alis\u00e9 par des artistes !<\/p>\n<p>\u00a0<\/p>\n<p><a href=\"https:\/\/vosgesinfo.fr\/app\/uploads\/sites\/6\/2025\/06\/expo-vitrail-mcl-2.jpg\" data-slb-active=\"1\" data-slb-asset=\"957809857\" data-slb-internal=\"0\" data-slb-group=\"slb\" rel=\"nofollow noopener\" target=\"_blank\"><img decoding=\"async\" loading=\"lazy\" class=\"aligncenter size-large wp-image-79288\" src=\"https:\/\/www.europesays.com\/fr\/wp-content\/uploads\/2025\/06\/expo-vitrail-mcl-2-1024x460.jpg\" alt=\"\" width=\"1024\" height=\"460\"  \/><\/a><\/p>\n","protected":false},"excerpt":{"rendered":"Mardi soir, la galerie de la MCL \u00e9tait pleine comme un \u0153uf (de Faberg\u00e9 !) pour le vernissage&hellip;\n","protected":false},"author":2,"featured_media":193832,"comment_status":"","ping_status":"","sticky":false,"template":"","format":"standard","meta":{"footnotes":""},"categories":[1358],"tags":[1348,1384,1385,33264,1386,58,59,1011,27],"class_list":{"0":"post-193831","1":"post","2":"type-post","3":"status-publish","4":"format-standard","5":"has-post-thumbnail","7":"category-arts-et-design","8":"tag-arts","9":"tag-arts-and-design","10":"tag-arts-et-design","11":"tag-atelier-vitrail","12":"tag-design","13":"tag-divertissement","14":"tag-entertainment","15":"tag-fr","16":"tag-france"},"share_on_mastodon":{"url":"https:\/\/pubeurope.com\/@fr\/114722227259865453","error":""},"_links":{"self":[{"href":"https:\/\/www.europesays.com\/fr\/wp-json\/wp\/v2\/posts\/193831","targetHints":{"allow":["GET"]}}],"collection":[{"href":"https:\/\/www.europesays.com\/fr\/wp-json\/wp\/v2\/posts"}],"about":[{"href":"https:\/\/www.europesays.com\/fr\/wp-json\/wp\/v2\/types\/post"}],"author":[{"embeddable":true,"href":"https:\/\/www.europesays.com\/fr\/wp-json\/wp\/v2\/users\/2"}],"replies":[{"embeddable":true,"href":"https:\/\/www.europesays.com\/fr\/wp-json\/wp\/v2\/comments?post=193831"}],"version-history":[{"count":0,"href":"https:\/\/www.europesays.com\/fr\/wp-json\/wp\/v2\/posts\/193831\/revisions"}],"wp:featuredmedia":[{"embeddable":true,"href":"https:\/\/www.europesays.com\/fr\/wp-json\/wp\/v2\/media\/193832"}],"wp:attachment":[{"href":"https:\/\/www.europesays.com\/fr\/wp-json\/wp\/v2\/media?parent=193831"}],"wp:term":[{"taxonomy":"category","embeddable":true,"href":"https:\/\/www.europesays.com\/fr\/wp-json\/wp\/v2\/categories?post=193831"},{"taxonomy":"post_tag","embeddable":true,"href":"https:\/\/www.europesays.com\/fr\/wp-json\/wp\/v2\/tags?post=193831"}],"curies":[{"name":"wp","href":"https:\/\/api.w.org\/{rel}","templated":true}]}}