{"id":193851,"date":"2025-06-21T16:19:10","date_gmt":"2025-06-21T16:19:10","guid":{"rendered":"https:\/\/www.europesays.com\/fr\/193851\/"},"modified":"2025-06-21T16:19:10","modified_gmt":"2025-06-21T16:19:10","slug":"lopposant-serguei-tikhanovski-a-ete-libere-de-prison","status":"publish","type":"post","link":"https:\/\/www.europesays.com\/fr\/193851\/","title":{"rendered":"l&rsquo;opposant Sergue\u00ef Tikhanovski a \u00e9t\u00e9 lib\u00e9r\u00e9 de prison"},"content":{"rendered":"<p>Sergue\u00ef Tikhanovski, mari de la figure de l\u2019opposition b\u00e9larusse Svetlana Tikhanovska\u00efa, a \u00e9t\u00e9 lib\u00e9r\u00e9 samedi au c\u00f4t\u00e9 de treize autres prisonniers politiques.<\/p>\n<p class=\"fig-paragraph\">Sergue\u00ef Tikhanovski, mari de la figure de l&rsquo;opposition b\u00e9larusse\u00a0<a href=\"https:\/\/www.lefigaro.fr\/tag\/svetlana-tikhanovskaia\" target=\"_blank\" rel=\"noopener\" data-gtm-custom-categorie=\"navigation\" data-gtm-custom-action=\"crossclick\" data-gtm-custom-label=\"Contextuel\" data-gtm-event=\"customEventSPE\">Svetlana Tikhanovska\u00efa<\/a>, a \u00e9t\u00e9 lib\u00e9r\u00e9 de prison avec 13 autres prisonniers politiques, a annonc\u00e9 samedi l&rsquo;ONG Viasna. \u00abSergue\u00ef Tikhanovski a \u00e9t\u00e9 graci\u00e9. 13 autres personnes ont \u00e9galement \u00e9t\u00e9 lib\u00e9r\u00e9es\u00bb, a indiqu\u00e9 Viasna dans un message sur Telegram.<\/p>\n<p class=\"fig-paragraph\">L&rsquo;opposante Svetlana Tikhanovska\u00efa a, elle, publi\u00e9 une vid\u00e9o la montrant serrer longuement dans ses bras un homme au cr\u00e2ne ras\u00e9 qui l&#8217;embrasse dans le cou. Elle a ensuite diffus\u00e9 un message, sur X, en remerciant notamment le pr\u00e9sident am\u00e9ricain\u00a0<a href=\"https:\/\/www.lefigaro.fr\/tag\/donald-trump\" target=\"_blank\" rel=\"noopener\" data-gtm-custom-categorie=\"navigation\" data-gtm-custom-action=\"crossclick\" data-gtm-custom-label=\"Contextuel\" data-gtm-event=\"customEventSPE\">Donald Trump<\/a>\u00a0et \u00abnos alli\u00e9s europ\u00e9ens\u00bb pour \u00abtous leurs efforts\u00bb. \u00abMon mari Sergue\u00ef est libre! C&rsquo;est difficile de d\u00e9crire la joie dans mon c\u0153ur\u00bb, a-t-elle \u00e9crit. \u00abNous n&rsquo;en avons pas termin\u00e9. 1150 prisonniers politiques restent derri\u00e8re les barreaux. Ils doivent \u00eatre tous lib\u00e9r\u00e9s\u00bb, a-t-elle ajout\u00e9.<\/p>\n<p class=\"fig-paragraph\">L&rsquo;opposant Tikhanovski, 46 ans, avait \u00e9t\u00e9 arr\u00eat\u00e9 en mai 2020 peu avant l&rsquo;\u00e9lection pr\u00e9sidentielle d&rsquo;ao\u00fbt marqu\u00e9e par des manifestations d&rsquo;opposition historiques, suivies d&rsquo;une grande vague de r\u00e9pression ordonn\u00e9e par le pr\u00e9sident Alexandre Loukachenko. Blogueur, il animait une populaire cha\u00eene YouTube et voulait d\u00e9fier M. Loukachenko, au pouvoir depuis 1994, lors de cette pr\u00e9sidentielle.<\/p>\n<p>D\u00e9tenu dans des conditions tr\u00e8s strictes<\/p>\n<p class=\"fig-paragraph\">Apr\u00e8s son incarc\u00e9ration, son \u00e9pouse Svetlana Tikhanovska\u00efa avait repris son flambeau et avait mobilis\u00e9 les foules lors de sa campagne \u00e9lectorale. Mais M. Loukachenko avait remport\u00e9 le scrutin, avec officiellement 80% des voix. Des dizaines de milliers de personnes avaient ensuite manifest\u00e9, pendant des semaines contre sa r\u00e9\u00e9lection, d\u00e9non\u00e7ant des fraudes massives.<\/p>\n<p class=\"fig-paragraph\">Les autorit\u00e9s ont \u00e9cras\u00e9 le mouvement de milliers d&rsquo;arrestations, de tortures en d\u00e9tention et de centaines de lourdes peines de prison. Pour sa part, Mme Tikhanovska\u00efa avait \u00e9t\u00e9 contrainte \u00e0 l&rsquo;exil, sous pression des autorit\u00e9s. M. Tikhanovksi avait, lui, \u00e9t\u00e9 condamn\u00e9 en 2021 \u00e0 18 ans de prison pour \u00aborganisation d&rsquo;\u00e9meutes\u00bb et \u00abincitation \u00e0 la haine\u00bb, puis \u00e0 18 mois suppl\u00e9mentaires pour \u00abinsubordination\u00bb. Il \u00e9tait d\u00e9tenu dans des conditions tr\u00e8s strictes, avec tr\u00e8s peu de contacts avec le monde ext\u00e9rieur.<\/p>\n<p class=\"fig-paragraph\">En mars 2024, son \u00e9pouse avait dit n&rsquo;avoir aucune de ses nouvelles depuis plus d&rsquo;un an. L&rsquo;ONG Viasna a publi\u00e9 des images apr\u00e8s sa lib\u00e9ration le montrant le visage tr\u00e8s \u00e9maci\u00e9 compar\u00e9 \u00e0 la p\u00e9riode pr\u00e9c\u00e9dent son emprisonnement.<\/p>\n","protected":false},"excerpt":{"rendered":"Sergue\u00ef Tikhanovski, mari de la figure de l\u2019opposition b\u00e9larusse Svetlana Tikhanovska\u00efa, a \u00e9t\u00e9 lib\u00e9r\u00e9 samedi au c\u00f4t\u00e9 de&hellip;\n","protected":false},"author":2,"featured_media":193852,"comment_status":"","ping_status":"","sticky":false,"template":"","format":"standard","meta":{"footnotes":""},"categories":[5],"tags":[259,11,260,17059,312,1011,27,14,261,12,262,806,28],"class_list":{"0":"post-193851","1":"post","2":"type-post","3":"status-publish","4":"format-standard","5":"has-post-thumbnail","7":"category-international","8":"tag-actualite-internationale","9":"tag-actualites","10":"tag-affaires-etrangeres","11":"tag-bielorussie","12":"tag-diplomatie","13":"tag-fr","14":"tag-france","15":"tag-international","16":"tag-ministere-des-affaires-etrangeres","17":"tag-news","18":"tag-politique-etrangere","19":"tag-prison","20":"tag-world"},"share_on_mastodon":{"url":"https:\/\/pubeurope.com\/@fr\/114722266390025731","error":""},"_links":{"self":[{"href":"https:\/\/www.europesays.com\/fr\/wp-json\/wp\/v2\/posts\/193851","targetHints":{"allow":["GET"]}}],"collection":[{"href":"https:\/\/www.europesays.com\/fr\/wp-json\/wp\/v2\/posts"}],"about":[{"href":"https:\/\/www.europesays.com\/fr\/wp-json\/wp\/v2\/types\/post"}],"author":[{"embeddable":true,"href":"https:\/\/www.europesays.com\/fr\/wp-json\/wp\/v2\/users\/2"}],"replies":[{"embeddable":true,"href":"https:\/\/www.europesays.com\/fr\/wp-json\/wp\/v2\/comments?post=193851"}],"version-history":[{"count":0,"href":"https:\/\/www.europesays.com\/fr\/wp-json\/wp\/v2\/posts\/193851\/revisions"}],"wp:featuredmedia":[{"embeddable":true,"href":"https:\/\/www.europesays.com\/fr\/wp-json\/wp\/v2\/media\/193852"}],"wp:attachment":[{"href":"https:\/\/www.europesays.com\/fr\/wp-json\/wp\/v2\/media?parent=193851"}],"wp:term":[{"taxonomy":"category","embeddable":true,"href":"https:\/\/www.europesays.com\/fr\/wp-json\/wp\/v2\/categories?post=193851"},{"taxonomy":"post_tag","embeddable":true,"href":"https:\/\/www.europesays.com\/fr\/wp-json\/wp\/v2\/tags?post=193851"}],"curies":[{"name":"wp","href":"https:\/\/api.w.org\/{rel}","templated":true}]}}