{"id":193872,"date":"2025-06-21T16:31:12","date_gmt":"2025-06-21T16:31:12","guid":{"rendered":"https:\/\/www.europesays.com\/fr\/193872\/"},"modified":"2025-06-21T16:31:12","modified_gmt":"2025-06-21T16:31:12","slug":"deux-jeunes-lyceens-pres-de-rouen-en-route-pour-la-finale-nationale","status":"publish","type":"post","link":"https:\/\/www.europesays.com\/fr\/193872\/","title":{"rendered":"deux jeunes lyc\u00e9ens pr\u00e8s de Rouen en route pour la finale nationale"},"content":{"rendered":"<p>            Par<br \/>\n        <strong><br \/>\n            <a href=\"https:\/\/actu.fr\/auteur\/laredaction\" title=\"Consulter tous les articles de R\u00e9daction Normandie\" target=\"_blank\" rel=\"noopener\">R\u00e9daction Normandie<\/a><br \/>\n        <\/strong><\/p>\n<p>        Publi\u00e9 le<\/p>\n<p>            21 juin 2025 \u00e0 17h36        <\/p>\n<p>Apr\u00e8s le titre d\u00e9partemental, Jolan Manoury et Mathis Oyer, deux jeunes de Bac Pro en m\u00e9tiers de l\u2019\u00e9lectricit\u00e9 et des environnements connect\u00e9s (MELEC) \u00e0 La Ch\u00e2taigneraie, au Mesnil-Esnard pr\u00e8s de <a href=\"https:\/\/actu.fr\/normandie\/rouen_76540\" target=\"_blank\" rel=\"noopener\">Rouen<\/a>, ont d\u00e9croch\u00e9 <strong>la m\u00e9daille d\u2019or du concours r\u00e9gional du meilleur apprenti de France<\/strong>. Ils sont donc s\u00e9lectionn\u00e9s pour la finale nationale qui se d\u00e9roulera \u00e0 Strasbourg le jeudi 26 juin.\u00a0<\/p>\n<p>Chacun sa sp\u00e9cialit\u00e9<\/p>\n<p class=\" wall-content\">Les deux jeunes ont pr\u00e9sent\u00e9 les pi\u00e8ces qu\u2019ils avaient r\u00e9alis\u00e9es sur place pour la s\u00e9lection d\u00e9partementale avec quelques \u00e9l\u00e9ments suppl\u00e9mentaires, mis au point en amont. Jolan Manoury est sp\u00e9cialis\u00e9 dans l\u2019habitat tertiaire. Le th\u00e8me de son \u00e9preuve \u00e9tait l\u2019installation d\u2019une habitation. \u00c0 son tableau \u00e9lectrique d\u00e9j\u00e0 c\u00e2bl\u00e9, il a ajout\u00e9 un circuit de bornes pour v\u00e9hicules \u00e9lectriques et des bornes de terre. Il a pr\u00e9sent\u00e9 un dossier avec les diff\u00e9rentes \u00e9tapes de progression, des photos, l\u2019analyse de sch\u00e9mas, le tra\u00e7age. Il a d\u00fb faire une synth\u00e8se avec les probl\u00e9matiques rencontr\u00e9es et les solutions apport\u00e9es.<\/p>\n<p>    <img   decoding=\"async\" loading=\"lazy\" class=\"size-large\" src=\"https:\/\/www.europesays.com\/fr\/wp-content\/uploads\/2025\/06\/4d771f60ef38631871f60ef3815871v-768x640.jpeg\" alt=\"Le travail de Mathis Oyer: gestion d'un stockage en silo \u00e0 grain.\" width=\"768\" height=\"640\"\/><br \/>\n    Le travail de Mathis Oyer : gestion d\u2019un stockage en silo \u00e0 grain. \u00a9Campus<\/p>\n<p class=\" wall-content\">Mathis Oyer a choisi l\u2019\u00e9lectrotechnique dans l\u2019industrie. Pour lui, il s\u2019agissait de la gestion d\u2019un stockage en silo \u00e0 grain. Son pupitre de commandes \u00e9tait d\u00e9j\u00e0 pr\u00eat. Il y a ajout\u00e9 capteurs, bo\u00eetes de d\u00e9rivation et chemin de c\u00e2bles. Il n\u2019a pas eu de m\u00e9moire \u00e0 r\u00e9diger.<\/p>\n<p>Deux m\u00e9dailles d\u2019or<\/p>\n<p class=\" wall-content\">Le jury est venu les \u00e9valuer : Il fallait entre 18 et 20 pour \u00eatre m\u00e9daill\u00e9. Les deux jeunes \u00e9taient quelque peu stress\u00e9s. Les r\u00e9sultats sont enfin tomb\u00e9s. Ils ont d\u00e9croch\u00e9 la m\u00e9daille d\u2019or r\u00e9gionale, dans leur sp\u00e9cialit\u00e9. En route donc pour la finale nationale le 26\u00a0juin \u00e0 Strasbourg. Ils seront en lice avec les m\u00e9daill\u00e9s d\u2019or de chaque r\u00e9gion de France et \u00e9valu\u00e9s par un jury compos\u00e9 de professionnels et de meilleurs ouvriers de France.<\/p>\n<p>Vid\u00e9os : en ce moment sur Actu<br \/>\n    <img   decoding=\"async\" loading=\"lazy\" class=\"size-large\" src=\"https:\/\/www.europesays.com\/fr\/wp-content\/uploads\/2025\/06\/d8f02901ef386bff02901ef38b3012v-768x640.jpeg\" alt=\"Jolan Manoury et son tableau d'habitation.\" width=\"768\" height=\"640\"\/><br \/>\n    Le th\u00e8me pour Jolan Manoury: installation du tableau d\u2019une habitation. \u00a9Campus.<\/p>\n<p class=\" wall-content\">Quelle que soit l\u2019issue de cette finale, ce concours aura mis en valeur leurs talents et leurs r\u00e9elles comp\u00e9tences professionnelles. C\u2019est un passeport pour l\u2019emploi.<\/p>\n<p>Suivez l\u2019actualit\u00e9 de Rouen sur notre <a href=\"https:\/\/www.whatsapp.com\/channel\/0029VaKfnf99hXF2ddApFB1D\" target=\"_blank\" rel=\"noopener\">cha\u00eene WhatsApp<\/a> et sur notre <a href=\"https:\/\/www.tiktok.com\/@76actu.fr?lang=fr\" target=\"_blank\" rel=\"noopener\">compte TikTok<\/a><\/p>\n<p class=\" wall-content\">Suivez toute l\u2019actualit\u00e9 de vos villes et m\u00e9dias favoris en vous inscrivant \u00e0 <a href=\"https:\/\/moncompte.actu.fr\" title=\"D\u00e9couvez Mon Actu\" rel=\"nofollow noopener\" data-trk=\"{&quot;cta&quot;:{&quot;action&quot;:&quot;https:\\\/\\\/moncompte.actu.fr&quot;,&quot;category&quot;:&quot;mon compte&quot;,&quot;from&quot;:&quot;article footer&quot;,&quot;name&quot;:&quot;Mon actu&quot;,&quot;type&quot;:&quot;cta&quot;}}\" target=\"_blank\">Mon Actu<\/a>.<\/p>\n<p>                    <script async src=\"\/\/www.tiktok.com\/embed.js\"><\/script><\/p>\n","protected":false},"excerpt":{"rendered":"Par R\u00e9daction Normandie Publi\u00e9 le 21 juin 2025 \u00e0 17h36 Apr\u00e8s le titre d\u00e9partemental, Jolan Manoury et Mathis&hellip;\n","protected":false},"author":2,"featured_media":193873,"comment_status":"","ping_status":"","sticky":false,"template":"","format":"standard","meta":{"footnotes":""},"categories":[9587],"tags":[1111,11,1057,1777,674,1011,27,5701,1757,12,5161,25,9590,104],"class_list":{"0":"post-193872","1":"post","2":"type-post","3":"status-publish","4":"format-standard","5":"has-post-thumbnail","7":"category-rouen","8":"tag-actu","9":"tag-actualites","10":"tag-education","11":"tag-eu","12":"tag-europe","13":"tag-fr","14":"tag-france","15":"tag-innovation","16":"tag-insolite","17":"tag-news","18":"tag-normandie","19":"tag-republique-francaise","20":"tag-rouen","21":"tag-societe"},"share_on_mastodon":{"url":"https:\/\/pubeurope.com\/@fr\/114722313783617987","error":""},"_links":{"self":[{"href":"https:\/\/www.europesays.com\/fr\/wp-json\/wp\/v2\/posts\/193872","targetHints":{"allow":["GET"]}}],"collection":[{"href":"https:\/\/www.europesays.com\/fr\/wp-json\/wp\/v2\/posts"}],"about":[{"href":"https:\/\/www.europesays.com\/fr\/wp-json\/wp\/v2\/types\/post"}],"author":[{"embeddable":true,"href":"https:\/\/www.europesays.com\/fr\/wp-json\/wp\/v2\/users\/2"}],"replies":[{"embeddable":true,"href":"https:\/\/www.europesays.com\/fr\/wp-json\/wp\/v2\/comments?post=193872"}],"version-history":[{"count":0,"href":"https:\/\/www.europesays.com\/fr\/wp-json\/wp\/v2\/posts\/193872\/revisions"}],"wp:featuredmedia":[{"embeddable":true,"href":"https:\/\/www.europesays.com\/fr\/wp-json\/wp\/v2\/media\/193873"}],"wp:attachment":[{"href":"https:\/\/www.europesays.com\/fr\/wp-json\/wp\/v2\/media?parent=193872"}],"wp:term":[{"taxonomy":"category","embeddable":true,"href":"https:\/\/www.europesays.com\/fr\/wp-json\/wp\/v2\/categories?post=193872"},{"taxonomy":"post_tag","embeddable":true,"href":"https:\/\/www.europesays.com\/fr\/wp-json\/wp\/v2\/tags?post=193872"}],"curies":[{"name":"wp","href":"https:\/\/api.w.org\/{rel}","templated":true}]}}