{"id":193874,"date":"2025-06-21T16:32:15","date_gmt":"2025-06-21T16:32:15","guid":{"rendered":"https:\/\/www.europesays.com\/fr\/193874\/"},"modified":"2025-06-21T16:32:15","modified_gmt":"2025-06-21T16:32:15","slug":"au-stade-raymond-vion-pres-de-rouen-les-travaux-des-nouveaux-vestiaires-ont-demarre","status":"publish","type":"post","link":"https:\/\/www.europesays.com\/fr\/193874\/","title":{"rendered":"au stade Raymond Vion pr\u00e8s de Rouen, les travaux des nouveaux vestiaires ont d\u00e9marr\u00e9"},"content":{"rendered":"<p>            Par<br \/>\n        <strong><br \/>\n            <a href=\"https:\/\/actu.fr\/auteur\/laredaction\" title=\"Consulter tous les articles de R\u00e9daction Normandie\" target=\"_blank\" rel=\"noopener\">R\u00e9daction Normandie<\/a><br \/>\n        <\/strong><\/p>\n<p>        Publi\u00e9 le<\/p>\n<p>            21 juin 2025 \u00e0 17h22        <\/p>\n<p>Au <strong>stade Raymond Vion<\/strong>, \u00e0 Franqueville-Saint-Pierre pr\u00e8s de <a href=\"https:\/\/actu.fr\/normandie\/rouen_76540\" target=\"_blank\" rel=\"noopener\">Rouen<\/a>, l<strong>es travaux des futurs vestiaires<\/strong> sont d\u00e9j\u00e0 commenc\u00e9s. Pour le symbole, les \u00e9lus en ont pos\u00e9 la premi\u00e8re pierre.\u00a0<\/p>\n<p>Construit dans les ann\u00e9es 1970<\/p>\n<p class=\" wall-content\">\u00ab Ce <strong>moment symbolique<\/strong> marque le d\u00e9but d\u2019un projet de r\u00e9habilitation attendu, au c\u0153ur des priorit\u00e9s du mandat 2020-2026. Construit dans les ann\u00e9es 1970, le b\u00e2timent actuel n\u2019avait jamais fait l\u2019objet de travaux de modernisation. Il pr\u00e9sentait de nombreuses non-conformit\u00e9s (\u00e9lectricit\u00e9, douches, accessibilit\u00e9, ventilation) et un confort d\u2019usage largement d\u00e9pass\u00e9, tant pour les sportifs que pour les clubs \u00bb, a expliqu\u00e9 le maire Bruno Guilbert.<\/p>\n<p>    <img   decoding=\"async\" loading=\"lazy\" class=\"size-large\" src=\"https:\/\/www.europesays.com\/fr\/wp-content\/uploads\/2025\/06\/73a34d98394865ca34d98394893b34v-960x640.jpg\" alt=\"Le nouveau parking sera paysag\u00e9.\" width=\"960\" height=\"640\"\/><br \/>\n    Le nouveau parking sera paysag\u00e9. \u00a9Image de projection<\/p>\n<p class=\" wall-content\">La mise en conformit\u00e9 des installations et les conditions d\u2019accueil, la r\u00e9duction de la consommation \u00e9nerg\u00e9tique et la cr\u00e9ation d\u2019un club-house sont au c\u0153ur du projet confi\u00e9 au cabinet d\u2019architecture Factum Scenarii de Rouen.<\/p>\n<p>Co\u00fbt : 576 000\u00a0\u20ac (TTC)<\/p>\n<p class=\" wall-content\">Le projet a \u00e9t\u00e9 soutenu financi\u00e8rement par l\u2019\u00c9tat (62 000\u00a0\u20ac) et le D\u00e9partement (90 000\u00a0\u20ac) : \u00ab il s\u2019inscrit dans une dynamique globale d\u2019investissement dans les infrastructures sportives de la commune. Depuis 2020, la Ville consacre pr\u00e8s de 3,4\u00a0millions d\u2019euros, soit 32 % de son plan pluriannuel d\u2019investissement, \u00e0 la modernisation de ses \u00e9quipements : r\u00e9habilitation du gymnase Nicolas Fleury, r\u00e9novation \u00e9nerg\u00e9tique du complexe David Douillet, remise en \u00e9tat du boulodrome, transition vers des \u00e9clairages LED\u2026 \u00bb, a soulign\u00e9 Bruno Guilbert.<\/p>\n<p>Un projet en plusieurs phases<\/p>\n<p class=\" wall-content\">Les deux premi\u00e8res phases du projet, soit la s\u00e9curisation du site et la r\u00e9habilitation des vestiaires, devraient \u00eatre termin\u00e9es pour la rentr\u00e9e. La troisi\u00e8me phase verra l\u2019installation d\u2019ombri\u00e8res photovolta\u00efques, de part et d\u2019autre du terrain de foot. \u00ab Ces structures couvriront environ 1 250 m\u00b2 et permettront de produire localement de l\u2019\u00e9lectricit\u00e9 verte. Ce projet, sans investissement pour la commune, contribuera \u00e0 r\u00e9duire l\u2019empreinte carbone et \u00e0 stabiliser les co\u00fbts \u00e9nerg\u00e9tiques de la collectivit\u00e9 \u00bb, assure le maire. Un boulodrome couvert et \u00e9clair\u00e9 viendra compl\u00e9ter les installations. En 2026, une quatri\u00e8me phase verra le remaniement et la v\u00e9g\u00e9talisation du parking.<\/p>\n<p>    <img   decoding=\"async\" loading=\"lazy\" class=\"size-large\" src=\"https:\/\/www.europesays.com\/fr\/wp-content\/uploads\/2025\/06\/f5a42328394869aa4232839489ea42v-960x640.jpg\" alt=\"Les nouveaux vestiaires\" width=\"960\" height=\"640\"\/><br \/>\n    R\u00e9habilitation et extension des nouveaux vestiaires. \u00a9Image de projectionSuivez l\u2019actualit\u00e9 de Rouen sur notre<a href=\"https:\/\/www.whatsapp.com\/channel\/0029VaKfnf99hXF2ddApFB1D\" target=\"_blank\" rel=\"noopener\"> cha\u00eene WhatsApp<\/a> et sur notre <a href=\"https:\/\/www.tiktok.com\/@76actu.fr?lang=fr\" target=\"_blank\" rel=\"noopener\">compte TikTok<\/a><\/p>\n<p class=\" wall-content\">Suivez toute l\u2019actualit\u00e9 de vos villes et m\u00e9dias favoris en vous inscrivant \u00e0 <a href=\"https:\/\/moncompte.actu.fr\" title=\"D\u00e9couvez Mon Actu\" rel=\"nofollow noopener\" data-trk=\"{&quot;cta&quot;:{&quot;action&quot;:&quot;https:\\\/\\\/moncompte.actu.fr&quot;,&quot;category&quot;:&quot;mon compte&quot;,&quot;from&quot;:&quot;article footer&quot;,&quot;name&quot;:&quot;Mon actu&quot;,&quot;type&quot;:&quot;cta&quot;}}\" target=\"_blank\">Mon Actu<\/a>.<\/p>\n<ul class=\"ac-article-tag wall-content\">\n<li><a href=\"https:\/\/actu.fr\/tag\/foot-normandie\" data-trk=\"{&quot;cta&quot;:{&quot;action&quot;:&quot;Foot Normandie&quot;,&quot;category&quot;:&quot;tag&quot;,&quot;from&quot;:&quot;article footer&quot;,&quot;name&quot;:&quot;Foot Normandie&quot;,&quot;type&quot;:&quot;cta&quot;}}\" target=\"_blank\" rel=\"noopener\">#Foot Normandie<\/a><\/li>\n<li><a href=\"https:\/\/actu.fr\/tag\/urbanisme\" data-trk=\"{&quot;cta&quot;:{&quot;action&quot;:&quot;Urbanisme&quot;,&quot;category&quot;:&quot;tag&quot;,&quot;from&quot;:&quot;article footer&quot;,&quot;name&quot;:&quot;Urbanisme&quot;,&quot;type&quot;:&quot;cta&quot;}}\" target=\"_blank\" rel=\"noopener\">#Urbanisme<\/a><\/li>\n<\/ul>\n<p>                    <script async src=\"\/\/www.tiktok.com\/embed.js\"><\/script><\/p>\n","protected":false},"excerpt":{"rendered":"Par R\u00e9daction Normandie Publi\u00e9 le 21 juin 2025 \u00e0 17h22 Au stade Raymond Vion, \u00e0 Franqueville-Saint-Pierre pr\u00e8s de&hellip;\n","protected":false},"author":2,"featured_media":193875,"comment_status":"","ping_status":"","sticky":false,"template":"","format":"standard","meta":{"footnotes":""},"categories":[9587],"tags":[1111,11,1777,674,25068,1011,27,12,5161,25,9590,104,1352],"class_list":{"0":"post-193874","1":"post","2":"type-post","3":"status-publish","4":"format-standard","5":"has-post-thumbnail","7":"category-rouen","8":"tag-actu","9":"tag-actualites","10":"tag-eu","11":"tag-europe","12":"tag-foot-normandie","13":"tag-fr","14":"tag-france","15":"tag-news","16":"tag-normandie","17":"tag-republique-francaise","18":"tag-rouen","19":"tag-societe","20":"tag-urbanisme"},"share_on_mastodon":{"url":"https:\/\/pubeurope.com\/@fr\/114722317654177749","error":""},"_links":{"self":[{"href":"https:\/\/www.europesays.com\/fr\/wp-json\/wp\/v2\/posts\/193874","targetHints":{"allow":["GET"]}}],"collection":[{"href":"https:\/\/www.europesays.com\/fr\/wp-json\/wp\/v2\/posts"}],"about":[{"href":"https:\/\/www.europesays.com\/fr\/wp-json\/wp\/v2\/types\/post"}],"author":[{"embeddable":true,"href":"https:\/\/www.europesays.com\/fr\/wp-json\/wp\/v2\/users\/2"}],"replies":[{"embeddable":true,"href":"https:\/\/www.europesays.com\/fr\/wp-json\/wp\/v2\/comments?post=193874"}],"version-history":[{"count":0,"href":"https:\/\/www.europesays.com\/fr\/wp-json\/wp\/v2\/posts\/193874\/revisions"}],"wp:featuredmedia":[{"embeddable":true,"href":"https:\/\/www.europesays.com\/fr\/wp-json\/wp\/v2\/media\/193875"}],"wp:attachment":[{"href":"https:\/\/www.europesays.com\/fr\/wp-json\/wp\/v2\/media?parent=193874"}],"wp:term":[{"taxonomy":"category","embeddable":true,"href":"https:\/\/www.europesays.com\/fr\/wp-json\/wp\/v2\/categories?post=193874"},{"taxonomy":"post_tag","embeddable":true,"href":"https:\/\/www.europesays.com\/fr\/wp-json\/wp\/v2\/tags?post=193874"}],"curies":[{"name":"wp","href":"https:\/\/api.w.org\/{rel}","templated":true}]}}