{"id":193878,"date":"2025-06-21T16:34:08","date_gmt":"2025-06-21T16:34:08","guid":{"rendered":"https:\/\/www.europesays.com\/fr\/193878\/"},"modified":"2025-06-21T16:34:08","modified_gmt":"2025-06-21T16:34:08","slug":"metropole-de-grenoble-un-homme-grievement-blesse-dun-coup-de-couteau-a-eybens","status":"publish","type":"post","link":"https:\/\/www.europesays.com\/fr\/193878\/","title":{"rendered":"M\u00e9tropole de Grenoble. Un homme gri\u00e8vement bless\u00e9 d\u2019un coup de couteau \u00e0 Eybens"},"content":{"rendered":"<p>Vers 1 heure, dans la nuit de vendredi \u00e0 samedi, un homme de 20 ans a \u00e9t\u00e9 pris en charge par les sapeurs-pompiers all\u00e9e du Rachais, dans le quartier des Maisons neuves, \u00e0 Eybens.<\/p>\n<p>Ce contenu est bloqu\u00e9 car vous n&rsquo;avez pas accept\u00e9 les cookies et autres traceurs.<\/p>\n<p>En cliquant sur \u00ab J\u2019accepte \u00bb, les cookies et autres traceurs seront d\u00e9pos\u00e9s et vous pourrez visualiser les contenus  (<a href=\"\" class=\"consentModule_policy\" target=\"_blank\" title=\"Consulter la politique de protection des donn\u00e9es du fournisseur\">plus d&rsquo;informations<\/a>).<\/p>\n<p>En cliquant sur \u00ab J\u2019accepte tous les cookies \u00bb, vous autorisez des d\u00e9p\u00f4ts de cookies et autres traceurs pour le stockage de vos donn\u00e9es sur nos sites et applications \u00e0 des fins de personnalisation et de ciblage publicitaire.<\/p>\n<p class=\"consentModule_secondaryText\">Vous gardez la possibilit\u00e9 de retirer votre consentement \u00e0 tout moment en consultant notre <a href=\"https:\/\/www.ledauphine.com\/protection-des-donnees\" target=\"_blank\" title=\"Consulter notre politique de protection des donn\u00e9es\" rel=\"nofollow noopener\">politique de protection des donn\u00e9es<\/a>. <br \/>&#13;<br \/>\n            <a href=\"https:\/\/www.ledauphine.com\/faits-divers-justice\/2025\/06\/21\/javascript:Didomi.notice.show()\" class=\"consentModule_cmp\" rel=\"nofollow noopener\" target=\"_blank\">G\u00e9rer mes choix<\/a>&#13;\n        <\/p>\n<p>&#13;<br \/>\n                        J&rsquo;accepte&#13;<br \/>\n            J&rsquo;accepte tous les cookies&#13;\n        <\/p>\n<p>Pr\u00e9sentant une blessure par arme blanche dans le dos, il a \u00e9t\u00e9 pris m\u00e9dicalis\u00e9 sur place par une \u00e9quipe du Samu avant d\u2019\u00eatre \u00e9vacu\u00e9 au CHU Grenoble Alpes en urgence absolue.<\/p>\n<p>On apprenait samedi soir que la blessure dont souffrait le jeune homme s\u2019\u00e9tait r\u00e9v\u00e9l\u00e9e moins grave que ce qui \u00e9tait craint lors de sa prise en charge et, apr\u00e8s avoir \u00e9t\u00e9 soign\u00e9, le jeune homme avait pu quitter l\u2019h\u00f4pital dans la journ\u00e9e.<\/p>\n<p>Une enqu\u00eate a \u00e9t\u00e9 ouverte par les gendarmes de la brigade d\u2019Eybens et de la brigade de recherches de Meylan pour tenter de d\u00e9terminer les circonstances du coup de couteau dont a \u00e9t\u00e9 victime le jeune homme et tenter d\u2019identifier son auteur.<\/p>\n<p>Selon les premiers \u00e9l\u00e9ments de l\u2019enqu\u00eate et l\u2019audition des t\u00e9moins de la sc\u00e8ne, la th\u00e8se d\u2019une rixe entre bandes rivales semble privil\u00e9gi\u00e9e par les enqu\u00eateurs.<\/p>\n","protected":false},"excerpt":{"rendered":"Vers 1 heure, dans la nuit de vendredi \u00e0 samedi, un homme de 20 ans a \u00e9t\u00e9 pris&hellip;\n","protected":false},"author":2,"featured_media":193879,"comment_status":"","ping_status":"","sticky":false,"template":"","format":"standard","meta":{"footnotes":""},"categories":[9566],"tags":[1111,11,2430,271,272,112,1777,674,12390,274,1011,27,2731,108,7000,12,25],"class_list":{"0":"post-193878","1":"post","2":"type-post","3":"status-publish","4":"format-standard","5":"has-post-thumbnail","7":"category-grenoble","8":"tag-actu","9":"tag-actualites","10":"tag-auvergne-rhone-alpes","11":"tag-crime","12":"tag-delit-et-contravention","13":"tag-edition-grenoble-agglomeration","14":"tag-eu","15":"tag-europe","16":"tag-eybens","17":"tag-faits-divers-justice","18":"tag-fr","19":"tag-france","20":"tag-grenoble","21":"tag-isere","22":"tag-lagglomeration","23":"tag-news","24":"tag-republique-francaise"},"share_on_mastodon":{"url":"https:\/\/pubeurope.com\/@fr\/114722325338102816","error":""},"_links":{"self":[{"href":"https:\/\/www.europesays.com\/fr\/wp-json\/wp\/v2\/posts\/193878","targetHints":{"allow":["GET"]}}],"collection":[{"href":"https:\/\/www.europesays.com\/fr\/wp-json\/wp\/v2\/posts"}],"about":[{"href":"https:\/\/www.europesays.com\/fr\/wp-json\/wp\/v2\/types\/post"}],"author":[{"embeddable":true,"href":"https:\/\/www.europesays.com\/fr\/wp-json\/wp\/v2\/users\/2"}],"replies":[{"embeddable":true,"href":"https:\/\/www.europesays.com\/fr\/wp-json\/wp\/v2\/comments?post=193878"}],"version-history":[{"count":0,"href":"https:\/\/www.europesays.com\/fr\/wp-json\/wp\/v2\/posts\/193878\/revisions"}],"wp:featuredmedia":[{"embeddable":true,"href":"https:\/\/www.europesays.com\/fr\/wp-json\/wp\/v2\/media\/193879"}],"wp:attachment":[{"href":"https:\/\/www.europesays.com\/fr\/wp-json\/wp\/v2\/media?parent=193878"}],"wp:term":[{"taxonomy":"category","embeddable":true,"href":"https:\/\/www.europesays.com\/fr\/wp-json\/wp\/v2\/categories?post=193878"},{"taxonomy":"post_tag","embeddable":true,"href":"https:\/\/www.europesays.com\/fr\/wp-json\/wp\/v2\/tags?post=193878"}],"curies":[{"name":"wp","href":"https:\/\/api.w.org\/{rel}","templated":true}]}}