{"id":193884,"date":"2025-06-21T16:37:14","date_gmt":"2025-06-21T16:37:14","guid":{"rendered":"https:\/\/www.europesays.com\/fr\/193884\/"},"modified":"2025-06-21T16:37:14","modified_gmt":"2025-06-21T16:37:14","slug":"rendez-vous-la-soire-de-fin-dannee-des-lecteurs-voyageurs-le-26-novembre-a-strasbourg","status":"publish","type":"post","link":"https:\/\/www.europesays.com\/fr\/193884\/","title":{"rendered":"Rendez-vous. La soir\u00e9 de fin d&rsquo;ann\u00e9e des Lecteurs Voyageurs le 26 novembre \u00e0 Strasbourg"},"content":{"rendered":"<p>  &#13;<br \/>\n      <a href=\"https:\/\/cdn-s-www.lalsace.fr\/images\/a3f9b470-f413-480e-965b-b4d8e89ab7a3\/NW_raw\/soiree-inaugurale-du-club-des-lecteurs-voyageurs-1750343573.jpg\" title=\"Soir\u00e9e inaugurale du club des lecteurs voyageurs\" class=\"chocolat-image GA-tracking\" data-ga_type=\"click\" data-ga_category=\"D\u00e9tail\" data-ga_action=\"zoomer\" data-ga_label=\"agrandir image\" target=\"_blank\" rel=\"noopener\">&#13;<br \/>\n          <img loading=\"lazy\" decoding=\"async\" src=\"https:\/\/www.europesays.com\/fr\/wp-content\/uploads\/2025\/06\/soiree-inaugurale-du-club-des-lecteurs-voyageurs-1750343573.jpg\" data-mobile=\"NW_listC_M|1750343573\" data-base=\"NW_listC|1750343573\" alt=\"Soir\u00e9e inaugurale du club des lecteurs voyageurs\"\/>&#13;<br \/>\n      <\/a>&#13;<\/p>\n<p style=\"text-align: left;\">La traditionnelle soir\u00e9e de retrouvailles des Lecteurs Voyageurs se d\u00e9roulera le mercredi 26 novembre 2025 \u00e0 Strasbourg \u00e0 bord du MS G\u00e9rard Schmitter (port fluvial de Strasbourg, 3, rue du Havre, parking gratuit) \u00e0 bord duquel les passagers pourront dormir. Ce moment convivial sera l&rsquo;occasion de c\u00e9l\u00e9brer ce qui s&rsquo;annonce comme la plus belle ann\u00e9e des Lecteurs Voyageurs. Ce rendez-vous se d\u00e9roulera au lendemain de l&rsquo;ouverture du march\u00e9 de No\u00ebl.<strong>\u00a0<\/strong>Le nombre de places est limit\u00e9 \u00e0 174 personnes, la contenance du MS G\u00e9rard Schmitter (5 ancres, 3 ponts, 87 cabines).<\/p>\n<p style=\"text-align: left;\">La formule ce cette soir\u00e9e r\u00e9serv\u00e9e aux membres des Lecteurs Voyageurs est connue.\u00a0Elle comporte<strong>\u00a0<\/strong>un pot d&rsquo;accueil, une r\u00e9trospective de l&rsquo;ann\u00e9e<strong>,\u00a0<\/strong>\u00a0le tirage au sort de la croisi\u00e8re \u00e0 gagner pour deux personnes,\u00a0une pr\u00e9sentation du programme 2026, un\u00a0 repas de gala (s\u00e9lection de boissons incluse), un tour en musique sur la piste de danse et, pour finir, un h\u00e9bergement sur la base de cabine double. Les passagers quitteront le navire le lendemain (8 h) apr\u00e8s le petit-d\u00e9jeuner.\u00a0Une participation sera demand\u00e9e. Il n&rsquo;est pas encore possible de r\u00e9server sa place. Les inscriptions seront ouvertes courant septembre.<\/p>\n<p>      &#13;<br \/>\n          <a href=\"https:\/\/cdn-s-www.lalsace.fr\/images\/016fdfc4-b41a-4a97-8910-0f0c319b4340\/NW_raw\/le-ms-gerard-schmitter-rend-hommage-au-fondateur-de-croisieurope-1633339342.jpg\" title=\"Le MS G\u00e9rard Schmitter rend hommage au fondateur de CroisiEurope\" class=\"chocolat-image GA-tracking\" data-ga_type=\"click\" data-ga_category=\"D\u00e9tail\" data-ga_action=\"zoomer\" data-ga_label=\"agrandir image\" target=\"_blank\" rel=\"noopener\">&#13;<br \/>\n            <img loading=\"lazy\" decoding=\"async\" src=\"https:\/\/www.europesays.com\/fr\/wp-content\/uploads\/2025\/06\/le-ms-gerard-schmitter-rend-hommage-au-fondateur-de-croisieurope-1633339342.jpg\" alt=\"Le MS G\u00e9rard Schmitter rend hommage au fondateur de CroisiEurope\"\/>&#13;<br \/>\n          <\/a>&#13;<br \/>\n          &#13;<\/p>\n<p class=\"insetTitle\">Bienvenue \u00e0 bord du MS G\u00e9rard Schmitter<\/p>\n<p style=\"text-align: left;\">Baptis\u00e9 en hommage au fondateur de la compagnie CroisiEurope, le MS G\u00e9rard Schmitter est l&rsquo;un des navires les plus embl\u00e9matiques de la flotte alsacienne. Construit en 2012, le MS G\u00e9rard Schmitter est un bateau 5 ancres \u00e0 dimension humaine, mesurant 110 m\u00e8tres de long et 11,40 m\u00e8tres de large. Il peut accueillir 174 passagers, dans 87 cabines dispos\u00e9es sur trois ponts. Chacune d\u2019entre elles, d\u2019une superficie de 13,50 m2, dispose de nombreuses commodit\u00e9s. Les tons chocolat, associ\u00e9s \u00e0 des touches de rose et de lilas, le rendent particuli\u00e8rement chaleureux. La d\u00e9coration, r\u00e9alis\u00e9e par Maria Rosa Rosello, rend hommage au fondateur de la compagnie CroisiEurope, pour un ensemble d\u00e9licat et fleuri, tel qu\u2019aimait \u00e0 le peindre G\u00e9rard Schmitter.<\/p>\n","protected":false},"excerpt":{"rendered":"&#13; &#13; &#13; &#13; La traditionnelle soir\u00e9e de retrouvailles des Lecteurs Voyageurs se d\u00e9roulera le mercredi 26 novembre&hellip;\n","protected":false},"author":2,"featured_media":193885,"comment_status":"","ping_status":"","sticky":false,"template":"","format":"standard","meta":{"footnotes":""},"categories":[2820],"tags":[1111,11,1777,674,107,1011,27,775,26349,20065,12,25,640,602],"class_list":{"0":"post-193884","1":"post","2":"type-post","3":"status-publish","4":"format-standard","5":"has-post-thumbnail","7":"category-strasbourg","8":"tag-actu","9":"tag-actualites","10":"tag-eu","11":"tag-europe","12":"tag-fil-info","13":"tag-fr","14":"tag-france","15":"tag-grand-est","16":"tag-les-lecteurs-voyageurs","17":"tag-magazine-tourisme-et-patrimoine","18":"tag-news","19":"tag-republique-francaise","20":"tag-strasbourg","21":"tag-tourisme"},"share_on_mastodon":{"url":"https:\/\/pubeurope.com\/@fr\/114722337272780767","error":""},"_links":{"self":[{"href":"https:\/\/www.europesays.com\/fr\/wp-json\/wp\/v2\/posts\/193884","targetHints":{"allow":["GET"]}}],"collection":[{"href":"https:\/\/www.europesays.com\/fr\/wp-json\/wp\/v2\/posts"}],"about":[{"href":"https:\/\/www.europesays.com\/fr\/wp-json\/wp\/v2\/types\/post"}],"author":[{"embeddable":true,"href":"https:\/\/www.europesays.com\/fr\/wp-json\/wp\/v2\/users\/2"}],"replies":[{"embeddable":true,"href":"https:\/\/www.europesays.com\/fr\/wp-json\/wp\/v2\/comments?post=193884"}],"version-history":[{"count":0,"href":"https:\/\/www.europesays.com\/fr\/wp-json\/wp\/v2\/posts\/193884\/revisions"}],"wp:featuredmedia":[{"embeddable":true,"href":"https:\/\/www.europesays.com\/fr\/wp-json\/wp\/v2\/media\/193885"}],"wp:attachment":[{"href":"https:\/\/www.europesays.com\/fr\/wp-json\/wp\/v2\/media?parent=193884"}],"wp:term":[{"taxonomy":"category","embeddable":true,"href":"https:\/\/www.europesays.com\/fr\/wp-json\/wp\/v2\/categories?post=193884"},{"taxonomy":"post_tag","embeddable":true,"href":"https:\/\/www.europesays.com\/fr\/wp-json\/wp\/v2\/tags?post=193884"}],"curies":[{"name":"wp","href":"https:\/\/api.w.org\/{rel}","templated":true}]}}