{"id":193891,"date":"2025-06-21T16:41:09","date_gmt":"2025-06-21T16:41:09","guid":{"rendered":"https:\/\/www.europesays.com\/fr\/193891\/"},"modified":"2025-06-21T16:41:09","modified_gmt":"2025-06-21T16:41:09","slug":"entre-rennes-et-nantes-le-projet-de-plateforme-logistique-a-heric-a-larret","status":"publish","type":"post","link":"https:\/\/www.europesays.com\/fr\/193891\/","title":{"rendered":"Entre Rennes et Nantes, le projet de plateforme logistique \u00e0 H\u00e9ric \u00e0 l\u2019arr\u00eat"},"content":{"rendered":"<p>            Par<br \/>\n        <strong><br \/>\n            <a href=\"https:\/\/actu.fr\/auteur\/journaliste-er\" title=\"Consulter tous les articles de R\u00e9daction Ch\u00e2teaubriant\" rel=\"nofollow noopener\" target=\"_blank\">R\u00e9daction Ch\u00e2teaubriant<\/a><br \/>\n        <\/strong><\/p>\n<p>        Publi\u00e9 le<\/p>\n<p>            21 juin 2025 \u00e0 17h39        <\/p>\n<p>Le <b>tribunal administratif de Nantes<\/b> a<b> annul\u00e9 la d\u00e9rogation<\/b> \u00e0 l\u2019interdiction de <b>destruction des esp\u00e8ces prot\u00e9g\u00e9es<\/b> qu\u2019avait accord\u00e9e le<b> pr\u00e9fet de la Loire-Atlantique<\/b> \u00e0 la Communaut\u00e9 de communes <b>Erdre et Gesvres<\/b> (CCEG) pour les besoins de la <b>\u00ab\u2009plateforme logistique\u2009\u00bb pr\u00e9vue \u00e0 H\u00e9ric<\/b> et <b>Grandchamp-des-Fontaines<\/b> (Loire-Atlantique). Un projet de plateforme \u2013 qui devait cr\u00e9er des <b>dizaines d\u2019emplois<\/b> \u2013 qui a donc du plomb dans l\u2019aile.<\/p>\n<p>\u00c0 H\u00e9ric, la plateforme devait s\u2019\u00e9tendre sur 8 hectares<\/p>\n<p class=\" wall-content\">Cette plateforme devait voir le jour au sein de la <b>zone <\/b>d\u2019am\u00e9nagement concert\u00e9 (ZAC) de <b>l\u2019\u00c9rette <\/b>et devait comprendre<b> \u00ab\u2009six cellules\u2009\u00bb de 6\u2009000 m\u00b2 <\/b>chacune sur plus de <b>8 hectares.<\/b><\/p>\n<p class=\" wall-content\">Des \u00ab\u2009denr\u00e9es\u2009\u00bb et \u00ab\u2009produits de supermarch\u00e9\u2009\u00bb, parmi lesquels des<b> \u00ab\u2009combustibles\u2009\u00bb<\/b>, avaient vocation \u00e0 transiter par cet \u00e9quipement \u00ab\u2009important\u2009\u00bb port\u00e9 par la Soreprim, une \u00e9manation du groupe Mazureau, bas\u00e9 \u00e0 <b>Rennes <\/b>(Ille-et-Vilaine).<\/p>\n<p class=\" wall-content\">\u00ab\u2009Les travaux n\u00e9cessitant <b>l\u2019arasement de haies<\/b>, un diagnostic \u00e9cologique pr\u00e9alable et des <b>inventaires <\/b>compl\u00e9mentaires ont \u00e9t\u00e9 r\u00e9alis\u00e9s\u2009\u00bb, relate le tribunal administratif de Nantes dans un jugement du 9\u00a0mai 2025.<\/p>\n<p>Des esp\u00e8ces prot\u00e9g\u00e9es sur le site<\/p>\n<p class=\" wall-content\">\u00ab\u2009Ils ont mis en \u00e9vidence <b>plusieurs esp\u00e8ces prot\u00e9g\u00e9es.\u2009\u00bb<\/b> Or des \u00ab\u2009haies\u2009\u00bb, des \u00ab\u2009jeunes arbres\u2009\u00bb et <b>\u00ab\u20097,7 hectares de prairies temporaires\u2009\u00bb allaient \u00eatre d\u00e9truits<\/b> par ce projet. , \u00ab\u2009Un arbre\u2009\u00bb, en particulier, accueillait des <b>esp\u00e8ces prot\u00e9g\u00e9es<\/b> comme le triton cr\u00eat\u00e9, le chardonneret \u00e9l\u00e9gant et le grand capricorne.<\/p>\n<p class=\" wall-content\">C\u2019est donc dans ce contexte que la CCEG avait sollicit\u00e9 une <b>\u00ab\u2009d\u00e9rogation\u2009\u00bb \u00e0 l\u2019interdiction de destruction des esp\u00e8ces<\/b> prot\u00e9g\u00e9es au nom d\u2019une \u00ab\u2009raison imp\u00e9rative <b>d\u2019int\u00e9r\u00eat public majeur\u2009\u00bb<\/b>. Mais la <b>Ligue de protection des oiseaux<\/b> (LPO) avait saisi la justice pour faire <b>censurer <\/b>le feu vert donn\u00e9 par la pr\u00e9fet de la Loire-Atlantique.<\/p>\n<p class=\" wall-content\">\u00ab\u2009Si le pr\u00e9fet et la Soreprim font valoir que <b>le site a vocation \u00e0 \u00eatre artificialis\u00e9 <\/b>et pr\u00e9sente un potentiel \u00e9cologique alt\u00e9r\u00e9, un tel motif explique uniquement le choix du site et ne constitue <b>pas une raison imp\u00e9rative d\u2019int\u00e9r\u00eat public majeur\u2009\u00bb<\/b>, commente le tribunal administratif dans son jugement.<\/p>\n<p>Les enjeux environnementaux prennent le pas<\/p>\n<p class=\" wall-content\">\u00ab\u2009Si les d\u00e9fendeurs font valoir que la plateforme s\u2019implante dans un parc d\u2019activit\u00e9s strat\u00e9gique situ\u00e9<b> sur un axe structurant du grand Ouest<\/b>, il ne r\u00e9sulte pas que le projet r\u00e9pondrait \u00e0 des pr\u00e9occupations d\u2019am\u00e9nagement du territoire, de <b>revitalisation <\/b>d\u2019un secteur en d\u00e9clin, de r\u00e9\u00e9quilibrage territorial ou de cr\u00e9ation d\u2019une <b>fili\u00e8re industrielle d\u2019importance r\u00e9gionale ou nationale\u2009\u00bb<\/b>, soulignent les juges.<\/p>\n<p class=\" wall-content\">\u00ab\u2009Si le pr\u00e9fet et la soci\u00e9t\u00e9 soutiennent que le projet r\u00e9pondrait \u00e0 des <b>enjeux environnementaux<\/b> en favorisant le d\u00e9veloppement de <b>solutions innovantes <\/b>en mati\u00e8re d\u2019\u00e9nergies renouvelables, les locaux de plateforme \u00e9tant destin\u00e9s \u00e0 une entreprise sp\u00e9cialis\u00e9e dans la production de solutions de chauffage, de syst\u00e8mes de r\u00e9gulation et d\u2019\u00e9conomie d\u2019\u00e9nergie, le projet r\u00e9pond principalement aux objectifs d\u2019organisation industrielle de cette soci\u00e9t\u00e9 pour la distribution de ses produits\u2009\u00bb, fait observer le tribunal.<\/p>\n<p>120 emplois \u00e0 la cl\u00e9, mais \u00ab\u2009pas d\u2019int\u00e9r\u00eat public majeur\u2009\u00bb<\/p>\n<p class=\" wall-content\">L\u2019installation de cette entreprise n\u2019est d\u2019ailleurs <b>\u00ab\u2009pas d\u00e9finitivement confirm\u00e9e\u2009\u00bb<\/b>. \u00ab\u2009Les d\u00e9fendeurs soutiennent que le projet permettra la cr\u00e9ation d\u2019environ <b>120 emplois directs <\/b>et permettra de r\u00e9pondre \u00e0 la hausse d\u00e9mographique et aux besoins des actifs du territoire\u2009\u00bb, r\u00e9sume le tribunal administratif de Nantes.<\/p>\n<p class=\" wall-content\">\u00ab\u2009Toutefois, Grandchamp-des-Fontaines et H\u00e9ric pr\u00e9sentent un<b> taux de ch\u00f4mage inf\u00e9rieur <\/b>\u00e0 la moyenne nationale\u2009\u00bb, rappelle-t-il \u00e9galement. Le fait que la plateforme logistique rapporte des<b> \u00ab\u2009recettes fiscales\u2009\u00bb aux collectivit\u00e9s <\/b>ou que ses panneaux photovolta\u00efques puissent profiter aux \u00ab\u2009consommateurs d\u2019\u00e9nergie \u00e0 proximit\u00e9\u2009\u00bb n\u2019est pas non plus une \u00ab\u2009raison imp\u00e9rative d\u2019int\u00e9r\u00eat public majeur\u2009\u00bb qui autorise \u00e0 d\u00e9truire des esp\u00e8ces prot\u00e9g\u00e9es.<\/p>\n<p class=\" wall-content\">La d\u00e9rogation a donc \u00e9t\u00e9 annul\u00e9e et l\u2019\u00c9tat <b>condamn\u00e9 <\/b>\u00e0 verser <b>1\u2009000\u00a0\u20ac de frais de justice \u00e0 la LPO.<\/b><\/p>\n<p class=\" wall-content\"><b>GF (PressPepper)<\/b><\/p>\n<p class=\" wall-content\">Suivez toute l\u2019actualit\u00e9 de vos villes et m\u00e9dias favoris en vous inscrivant \u00e0 <a href=\"https:\/\/moncompte.actu.fr\" title=\"D\u00e9couvez Mon Actu\" rel=\"nofollow noopener\" data-trk=\"{&quot;cta&quot;:{&quot;action&quot;:&quot;https:\\\/\\\/moncompte.actu.fr&quot;,&quot;category&quot;:&quot;mon compte&quot;,&quot;from&quot;:&quot;article footer&quot;,&quot;name&quot;:&quot;Mon actu&quot;,&quot;type&quot;:&quot;cta&quot;}}\" target=\"_blank\">Mon Actu<\/a>.<\/p>\n","protected":false},"excerpt":{"rendered":"Par R\u00e9daction Ch\u00e2teaubriant Publi\u00e9 le 21 juin 2025 \u00e0 17h39 Le tribunal administratif de Nantes a annul\u00e9 la&hellip;\n","protected":false},"author":2,"featured_media":193892,"comment_status":"","ping_status":"","sticky":false,"template":"","format":"standard","meta":{"footnotes":""},"categories":[2818],"tags":[1111,11,436,1777,674,118,1011,27,303,766,12,2636,25],"class_list":{"0":"post-193891","1":"post","2":"type-post","3":"status-publish","4":"format-standard","5":"has-post-thumbnail","7":"category-nantes","8":"tag-actu","9":"tag-actualites","10":"tag-environnement","11":"tag-eu","12":"tag-europe","13":"tag-faits-divers","14":"tag-fr","15":"tag-france","16":"tag-justice","17":"tag-nantes","18":"tag-news","19":"tag-pays-de-la-loire","20":"tag-republique-francaise"},"share_on_mastodon":{"url":"https:\/\/pubeurope.com\/@fr\/114722353015654599","error":""},"_links":{"self":[{"href":"https:\/\/www.europesays.com\/fr\/wp-json\/wp\/v2\/posts\/193891","targetHints":{"allow":["GET"]}}],"collection":[{"href":"https:\/\/www.europesays.com\/fr\/wp-json\/wp\/v2\/posts"}],"about":[{"href":"https:\/\/www.europesays.com\/fr\/wp-json\/wp\/v2\/types\/post"}],"author":[{"embeddable":true,"href":"https:\/\/www.europesays.com\/fr\/wp-json\/wp\/v2\/users\/2"}],"replies":[{"embeddable":true,"href":"https:\/\/www.europesays.com\/fr\/wp-json\/wp\/v2\/comments?post=193891"}],"version-history":[{"count":0,"href":"https:\/\/www.europesays.com\/fr\/wp-json\/wp\/v2\/posts\/193891\/revisions"}],"wp:featuredmedia":[{"embeddable":true,"href":"https:\/\/www.europesays.com\/fr\/wp-json\/wp\/v2\/media\/193892"}],"wp:attachment":[{"href":"https:\/\/www.europesays.com\/fr\/wp-json\/wp\/v2\/media?parent=193891"}],"wp:term":[{"taxonomy":"category","embeddable":true,"href":"https:\/\/www.europesays.com\/fr\/wp-json\/wp\/v2\/categories?post=193891"},{"taxonomy":"post_tag","embeddable":true,"href":"https:\/\/www.europesays.com\/fr\/wp-json\/wp\/v2\/tags?post=193891"}],"curies":[{"name":"wp","href":"https:\/\/api.w.org\/{rel}","templated":true}]}}